{"id":42522,"date":"2018-12-11T15:05:34","date_gmt":"2018-12-11T20:05:34","guid":{"rendered":"http:\/\/www.evafm.net\/sitio\/?p=42522"},"modified":"2018-12-11T15:05:34","modified_gmt":"2018-12-11T20:05:34","slug":"otto-sonnenholzner-designado-como-nuevo-vicepresidente-de-ecuador","status":"publish","type":"post","link":"https:\/\/www.evafm.net\/sitio\/otto-sonnenholzner-designado-como-nuevo-vicepresidente-de-ecuador\/","title":{"rendered":"Otto Sonnenholzner, designado como nuevo vicepresidente de Ecuador"},"content":{"rendered":"<p>El guayaquile\u00f1o\u00a0<strong>Otto Sonnenholzner Sper\u00a0<\/strong>fue posesionado este martes como vicepresidente de la Rep\u00fablica, tras ser escogido por la Asamblea Nacional de una terna enviada por el presidente Len\u00edn Moreno.<\/p>\n<p>Estaban registrados 128 asamble\u00edstas para la votaci\u00f3n.\u00a0<strong>Total: 94 votos afirmativos, 27 votos negativos, 7 abstenciones.\u00a0<\/strong>Se necesitaban 70 votos.<strong>\u00a0<\/strong>El pedido de reconsideraci\u00f3n de la votaci\u00f3n, que hizo Fernando Flores, fue negado, por lo que se confirm\u00f3 la designaci\u00f3n.<\/p>\n<p>Moreno, actualmente de viaje en China, reaccion\u00f3 en su cuenta de Twitter, donde asegur\u00f3 que Sonnenholzner \u00abes un joven emprendedor que tiene el compromiso de trabajar junto a todos los ecuatorianos y al equipo de Gobierno por el futuro del pa\u00eds\u00bb.<\/p>\n<div class=\"SandboxRoot env-bp-350\">\n<div id=\"twitter-widget-0\" class=\"EmbeddedTweet EmbeddedTweet--mediaForward media-forward js-clickToOpenTarget js-tweetIdInfo tweet-InformationCircle-widgetParent\" lang=\"es\">\n<article class=\"MediaCard\n           MediaCard--mediaForward\n\n           customisable-border\" dir=\"ltr\"><\/p>\n<div class=\"MediaCard-media\">\n<p>Alrededor de las 10:47, con\u00a0126 asamble\u00edstas presentes, se instal\u00f3 la sesi\u00f3n 559 de la Asamblea Nacional para elegir al nuevo vicepresidente de la Rep\u00fablica. El m\u00e1s opcionado era Sonnenholzner, quien lideraba la terna remitida por Moreno.<\/p>\n<p>El asamble\u00edsta de Alianza PAIS, Alberto Arias, propuso a Sonnenholzner para ocupar la segunda magistratura.<\/p>\n<p>De la bancada de la Revoluci\u00f3n Ciudadana, Lira Villalba dijo que la designaci\u00f3n del Vicepresidente de la Rep\u00fablica no ser\u00e1 un\u00e1nime y que su bloque votar\u00e1 en contra de los candidatos propuestos por Len\u00edn Moreno.<\/p>\n<p>Los legisladores Homero Castanier (CREO), Jimmy Candell (BIN), Henry Cucal\u00f3n (PSC), Guillermo Celi (SUMA) expresaron su apoyo al primero de la terna.<\/p>\n<p>Sonnenholzner es el tercer vicepresidente del periodo de Moreno. Economista de profesi\u00f3n, de 35 a\u00f1os de edad, ejerc\u00eda la radiodifusi\u00f3n en la emisora Tropicana hasta su renuncia tras la nominaci\u00f3n a la terna enviada por el presidente Len\u00edn Moreno para la votaci\u00f3n en la Asamblea Nacional.<\/p>\n<p>La terna decidida por el ejecutivo tambi\u00e9n la integraban\u00a0los empresarios Nancy Vasco de Maldonado y Agust\u00edn Alb\u00e1n Maldonado.<\/p>\n<p>Los anteriores exvicepresidentes son:\u00a0Jorge Glas Espinel, quien guarda prisi\u00f3n por asociaci\u00f3n il\u00edcita en el caso de sobornos de la constructora Odebrecht; ejerci\u00f3 de mayo a octubre del 2017; y\u00a0Mar\u00eda Alejandra Vicu\u00f1a, quien ejerci\u00f3 desde octubre del 2017 hasta noviembre del 2018, est\u00e1 siendo investigada por el\u00a0caso Diezmos, que se refiere a una contribuci\u00f3n econ\u00f3mica voluntaria de sus coidearios.<\/p>\n<p>El presidente\u00a0Len\u00edn Moreno decidi\u00f3 acortar su periplo por Espa\u00f1a, Catar y China y regresar\u00e1 al pa\u00eds el pr\u00f3ximo 17 de diciembre\u00a0para encargar funciones al nuevo segundo mandatario. (I)<\/p>\n<p><iframe title=\"Otto Sonnenholzner, nuevo vicepresidente de Ecuador\" width=\"1200\" height=\"900\" src=\"https:\/\/www.youtube.com\/embed\/hNI4vjUzCAQ?feature=oembed\" frameborder=\"0\" allow=\"accelerometer; autoplay; clipboard-write; encrypted-media; gyroscope; picture-in-picture; web-share\" referrerpolicy=\"strict-origin-when-cross-origin\" allowfullscreen><\/iframe><\/p>\n<p><img fetchpriority=\"high\" decoding=\"async\" class=\" lazyloaded\" title=\"Para la designaci\u00f3n del nuevo vicepresidente se requer\u00edan al menos 70 votos favorables. \" src=\"https:\/\/www.expreso.ec\/placeholder\/svg\/viewbox\/762x428\" alt=\"Para la designaci\u00f3n del nuevo vicepresidente se requer\u00edan al menos 70 votos favorables. \" width=\"762\" height=\"428\" \/><\/p>\n<blockquote class=\"twitter-tweet\" data-width=\"550\" data-dnt=\"true\">\n<p lang=\"es\" dir=\"ltr\">.<a href=\"https:\/\/twitter.com\/ottosonnenh?ref_src=twsrc%5Etfw\">@ottosonnenh<\/a> es un joven emprendedor que tiene el compromiso de trabajar junto a todos los ecuatorianos y al equipo de Gobierno por el futuro del pa\u00eds. \u00a1Felicitaciones querido Vicepresidente! <a href=\"https:\/\/t.co\/9wS7aVCb78\">pic.twitter.com\/9wS7aVCb78<\/a><\/p>\n<p>&mdash; Len\u00edn Moreno (@Lenin) <a href=\"https:\/\/twitter.com\/Lenin\/status\/1072553141772738565?ref_src=twsrc%5Etfw\">December 11, 2018<\/a><\/p><\/blockquote>\n<p><script async src=\"https:\/\/platform.twitter.com\/widgets.js\" charset=\"utf-8\"><\/script><\/p>\n<blockquote class=\"twitter-tweet\" data-width=\"550\" data-dnt=\"true\">\n<p lang=\"es\" dir=\"ltr\">Con 94 votos afirmativos, la Asamblea Nacional designa a <a href=\"https:\/\/twitter.com\/hashtag\/OttoSonnenholzner?src=hash&amp;ref_src=twsrc%5Etfw\">#OttoSonnenholzner<\/a> como vicepresidente Constitucional de la Rep\u00fablica, esto durante la sesi\u00f3n del <a href=\"https:\/\/twitter.com\/hashtag\/Pleno559?src=hash&amp;ref_src=twsrc%5Etfw\">#Pleno559<\/a>. <a href=\"https:\/\/t.co\/EKe8y2T2VW\">pic.twitter.com\/EKe8y2T2VW<\/a><\/p>\n<p>&mdash; Asamblea Nacional (@AsambleaEcuador) <a href=\"https:\/\/twitter.com\/AsambleaEcuador\/status\/1072532964276428800?ref_src=twsrc%5Etfw\">December 11, 2018<\/a><\/p><\/blockquote>\n<p><script async src=\"https:\/\/platform.twitter.com\/widgets.js\" charset=\"utf-8\"><\/script><\/p>\n<blockquote class=\"twitter-tweet\" data-width=\"550\" data-dnt=\"true\">\n<p lang=\"es\" dir=\"ltr\">La Presidenta de la Asamblea Nacional, <a href=\"https:\/\/twitter.com\/ElizCabezas?ref_src=twsrc%5Etfw\">@ElizCabezas<\/a>, tom\u00f3 el juramento de rigor y posesion\u00f3 a <a href=\"https:\/\/twitter.com\/hashtag\/OttoSonnenholzner?src=hash&amp;ref_src=twsrc%5Etfw\">#OttoSonnenholzner<\/a> como Vicepresidente de la Rep\u00fablica, en cumplimiento de la Constituci\u00f3n. <a href=\"https:\/\/twitter.com\/hashtag\/Elecci%C3%B3nVicepresidente?src=hash&amp;ref_src=twsrc%5Etfw\">#Elecci\u00f3nVicepresidente<\/a> <a href=\"https:\/\/twitter.com\/hashtag\/Pleno559?src=hash&amp;ref_src=twsrc%5Etfw\">#Pleno559<\/a> <a href=\"https:\/\/t.co\/2AWSJiLLZS\">pic.twitter.com\/2AWSJiLLZS<\/a><\/p>\n<p>&mdash; Asamblea Nacional (@AsambleaEcuador) <a href=\"https:\/\/twitter.com\/AsambleaEcuador\/status\/1072544287466897408?ref_src=twsrc%5Etfw\">December 11, 2018<\/a><\/p><\/blockquote>\n<p><script async src=\"https:\/\/platform.twitter.com\/widgets.js\" charset=\"utf-8\"><\/script><\/p>\n<p><img decoding=\"async\" src=\"https:\/\/www.eluniverso.com\/sites\/default\/files\/fotos\/2018\/12\/votacion-otto-s-info.jpg\" \/><\/p>\n<div id=\"vidoomy\">\n<div>\n<div id=\"1544557704053339721962\">Fuente: eluniverso.com -twitter.com<\/div>\n<\/div>\n<\/div>\n<div><\/div>\n<div id=\"Ampliada\" class=\"dfp-slot atm-banner-mappingampliada publicity-content\"><\/div>\n<\/div>\n<\/article>\n<\/div>\n<\/div>\n<div class=\"gsp_post_data\" \r\n\t            data-post_type=\"post\" \r\n\t            data-cat=\"general,noticias-ecuador\" \r\n\t            data-modified=\"120\"\r\n\t            data-created=\"1544540734\"\r\n\t            data-title=\"Otto Sonnenholzner, designado como nuevo vicepresidente de Ecuador\" \r\n\t            data-home=\"https:\/\/www.evafm.net\/sitio\"><\/div>","protected":false},"excerpt":{"rendered":"<p>El guayaquile\u00f1o\u00a0Otto Sonnenholzner Sper\u00a0fue posesionado este martes como vicepresidente de la Rep\u00fablica, tras ser escogido por la Asamblea Nacional de una terna enviada por el presidente Len\u00edn Moreno. Estaban registrados 128 asamble\u00edstas para la votaci\u00f3n.\u00a0Total: 94 votos afirmativos, 27 votos negativos, 7 abstenciones.\u00a0Se necesitaban 70 votos.\u00a0El pedido de reconsideraci\u00f3n de la votaci\u00f3n, que hizo Fernando&#8230;<\/p>\n","protected":false},"author":5,"featured_media":42526,"comment_status":"closed","ping_status":"open","sticky":false,"template":"","format":"standard","meta":{"_joinchat":[],"footnotes":""},"categories":[1720,1558],"tags":[],"class_list":["post-42522","post","type-post","status-publish","format-standard","has-post-thumbnail","hentry","category-general","category-noticias-ecuador","have-post-thumb"],"_links":{"self":[{"href":"https:\/\/www.evafm.net\/sitio\/wp-json\/wp\/v2\/posts\/42522","targetHints":{"allow":["GET"]}}],"collection":[{"href":"https:\/\/www.evafm.net\/sitio\/wp-json\/wp\/v2\/posts"}],"about":[{"href":"https:\/\/www.evafm.net\/sitio\/wp-json\/wp\/v2\/types\/post"}],"author":[{"embeddable":true,"href":"https:\/\/www.evafm.net\/sitio\/wp-json\/wp\/v2\/users\/5"}],"replies":[{"embeddable":true,"href":"https:\/\/www.evafm.net\/sitio\/wp-json\/wp\/v2\/comments?post=42522"}],"version-history":[{"count":1,"href":"https:\/\/www.evafm.net\/sitio\/wp-json\/wp\/v2\/posts\/42522\/revisions"}],"predecessor-version":[{"id":42528,"href":"https:\/\/www.evafm.net\/sitio\/wp-json\/wp\/v2\/posts\/42522\/revisions\/42528"}],"wp:featuredmedia":[{"embeddable":true,"href":"https:\/\/www.evafm.net\/sitio\/wp-json\/wp\/v2\/media\/42526"}],"wp:attachment":[{"href":"https:\/\/www.evafm.net\/sitio\/wp-json\/wp\/v2\/media?parent=42522"}],"wp:term":[{"taxonomy":"category","embeddable":true,"href":"https:\/\/www.evafm.net\/sitio\/wp-json\/wp\/v2\/categories?post=42522"},{"taxonomy":"post_tag","embeddable":true,"href":"https:\/\/www.evafm.net\/sitio\/wp-json\/wp\/v2\/tags?post=42522"}],"curies":[{"name":"wp","href":"https:\/\/api.w.org\/{rel}","templated":true}]}}