{"id":42571,"date":"2018-12-11T17:13:28","date_gmt":"2018-12-11T22:13:28","guid":{"rendered":"http:\/\/www.evafm.net\/sitio\/?p=42571"},"modified":"2018-12-11T17:13:28","modified_gmt":"2018-12-11T22:13:28","slug":"bidi-bidi-bom-bom-la-vida-de-selena-llegara-a-netflix","status":"publish","type":"post","link":"https:\/\/www.evafm.net\/sitio\/bidi-bidi-bom-bom-la-vida-de-selena-llegara-a-netflix\/","title":{"rendered":"\u00abBidi bidi bom bom\u00bb: La vida de Selena llegar\u00e1 a Netflix"},"content":{"rendered":"<p>Los \u00c1ngeles. Netflix emitir\u00e1 una serie de televisi\u00f3n sobre la c\u00e9lebre cantante latina Selena Quintanilla que llevar\u00e1 por t\u00edtulo\u00a0<em>Selena: la serie<\/em>, anunci\u00f3 hoy la plataforma digital.<\/p>\n<p>\u00ab\u00a1La incre\u00edble historia de Selena llega a Netflix como serie de ficci\u00f3n!\u00a0<em>Selena: la serie<\/em>\u00a0ha sido desarrollada y producida junto a la familia Quintanilla\u00bb, asegur\u00f3 el gigante digital en Twitter.<\/p>\n<p>El anuncio de esta nueva producci\u00f3n, que relatar\u00e1 la vida y trayectoria de Selena, lleg\u00f3 con un v\u00eddeo en el que se le\u00eda \u00abBidi bidi bom bom\u00bb, el t\u00edtulo de uno de los \u00e9xitos musicales m\u00e1s importantes de la artista.<\/p>\n<p>\u00abSelena siempre tendr\u00e1 un lugar imborrable en la historia de la m\u00fasica, y sentimos una gran responsabilidad de hacerle justicia a su recuerdo\u00bb, dijo en un comunicado posterior Suzette Quintanilla, hermana de la vocalista.<\/p>\n<p>\u00abGracias a esta serie, el p\u00fablico conocer\u00e1 por primera vez la historia completa de Selena, nuestra familia y el impacto que ha tenido en nuestras vidas. Nos complace asociarnos con la productora Campanario y Netflix para que los fans puedan vislumbrar una parte nunca antes vista de nuestra historia y para destacar por qu\u00e9 Selena seguir\u00e1 siendo una leyenda para las futuras generaciones\u00bb, dijo.<\/p>\n<p>Por su parte, el presidente de Campanario, Jaime D\u00e1vila, destac\u00f3 que Selena y su familia son \u00abuna inspiraci\u00f3n\u00bb para muchos.<\/p>\n<p>\u00abLa trayectoria profesional de Selena es legendaria, pero nuestra serie se centrar\u00e1 en la incre\u00edble historia de una familia m\u00e9xico-estadounidense y en c\u00f3mo una extraordinaria joven trascendi\u00f3 categor\u00edas y fronteras hasta convertirse en una estrella mundial\u00bb, adelant\u00f3.<\/p>\n<p>Figura y mito del g\u00e9nero tex-mex, Selena, conocida como \u00abla reina de la m\u00fasica texana\u00bb, fue asesinada a tiros en 1995 por la presidenta de su club de fans cuando s\u00f3lo ten\u00eda 23 a\u00f1os.<\/p>\n<p>Entre los premios que recibi\u00f3 la cantante, que lanz\u00f3 cinco \u00e1lbumes entre 1989 y 1995 y public\u00f3 canciones como\u00a0<em>Como la Flor<\/em>\u00a0y\u00a0<em>Dreaming of You<\/em>, destaca el Grammy estadounidense (al mejor disco de m\u00fasica m\u00e9xico-estadounidense), sus 13 premios Billboard Latinos y decenas de galardones a la m\u00fasica texana.<\/p>\n<p>La artista contin\u00faa siendo todo un icono entre la comunidad hispana en Estados Unidos, recibi\u00f3 en 2017 una estrella p\u00f3stuma en el Paseo de la Fama de Hollywood y fue objeto de una pel\u00edcula biogr\u00e1fica titulada\u00a0<em>Selena<\/em>\u00a0(1997), que protagoniz\u00f3 una joven Jennifer L\u00f3pez.<\/p>\n<p>Con este nuevo proyecto, Netflix parece buscar un nuevo \u00e9xito musical tras el fen\u00f3meno de\u00a0<em>Luis Miguel: la serie<\/em>, una producci\u00f3n que, con Diego Boneta como protagonista, arras\u00f3 este a\u00f1o al relatar la vida y carrera del cantante conocido como \u00abEl Sol de M\u00e9xico\u00bb.<\/p>\n<blockquote class=\"twitter-tweet\" data-width=\"550\" data-dnt=\"true\">\n<p lang=\"en\" dir=\"ltr\">\ud83d\udc95 Bidi Bidi Bom Bom \ud83d\udc95 <a href=\"https:\/\/twitter.com\/SelenaLaLeyenda?ref_src=twsrc%5Etfw\">@SelenaLaLeyenda<\/a>\u2019s incredible life story is coming to Netflix as a scripted series! <a href=\"https:\/\/twitter.com\/selena_netflix?ref_src=twsrc%5Etfw\">@selena_netflix<\/a> was developed alongside, and will be executive produced by, The Quintanilla family <a href=\"https:\/\/twitter.com\/hashtag\/NetflixNewsWeek?src=hash&amp;ref_src=twsrc%5Etfw\">#NetflixNewsWeek<\/a> <a href=\"https:\/\/t.co\/6YUMoAeA7Z\">pic.twitter.com\/6YUMoAeA7Z<\/a><\/p>\n<p>&mdash; Netflix Queue (@netflixqueue) <a href=\"https:\/\/twitter.com\/netflixqueue\/status\/1072551738270498816?ref_src=twsrc%5Etfw\">December 11, 2018<\/a><\/p><\/blockquote>\n<p><script async src=\"https:\/\/platform.twitter.com\/widgets.js\" charset=\"utf-8\"><\/script><\/p>\n<p><iframe title=\"Selena Movie Scene - Como La Flor\" width=\"1200\" height=\"675\" src=\"https:\/\/www.youtube.com\/embed\/b-Efn-0ZgWQ?feature=oembed\" frameborder=\"0\" allow=\"accelerometer; autoplay; clipboard-write; encrypted-media; gyroscope; picture-in-picture; web-share\" referrerpolicy=\"strict-origin-when-cross-origin\" allowfullscreen><\/iframe><\/p>\n<p>https:\/\/youtu.be\/hWEGYGhpK6c<\/p>\n<p>Fuente: primerahora.com<\/p>\n<div class=\"gsp_post_data\" \r\n\t            data-post_type=\"post\" \r\n\t            data-cat=\"farandula-internacional,general\" \r\n\t            data-modified=\"120\"\r\n\t            data-created=\"1544548408\"\r\n\t            data-title=\"\u00abBidi bidi bom bom\u00bb: La vida de Selena llegar\u00e1 a Netflix\" \r\n\t            data-home=\"https:\/\/www.evafm.net\/sitio\"><\/div>","protected":false},"excerpt":{"rendered":"<p>Los \u00c1ngeles. Netflix emitir\u00e1 una serie de televisi\u00f3n sobre la c\u00e9lebre cantante latina Selena Quintanilla que llevar\u00e1 por t\u00edtulo\u00a0Selena: la serie, anunci\u00f3 hoy la plataforma digital. \u00ab\u00a1La incre\u00edble historia de Selena llega a Netflix como serie de ficci\u00f3n!\u00a0Selena: la serie\u00a0ha sido desarrollada y producida junto a la familia Quintanilla\u00bb, asegur\u00f3 el gigante digital en Twitter&#8230;.<\/p>\n","protected":false},"author":5,"featured_media":42574,"comment_status":"closed","ping_status":"open","sticky":false,"template":"","format":"standard","meta":{"_joinchat":[],"footnotes":""},"categories":[1346,1720],"tags":[],"class_list":["post-42571","post","type-post","status-publish","format-standard","has-post-thumbnail","hentry","category-farandula-internacional","category-general","have-post-thumb"],"_links":{"self":[{"href":"https:\/\/www.evafm.net\/sitio\/wp-json\/wp\/v2\/posts\/42571","targetHints":{"allow":["GET"]}}],"collection":[{"href":"https:\/\/www.evafm.net\/sitio\/wp-json\/wp\/v2\/posts"}],"about":[{"href":"https:\/\/www.evafm.net\/sitio\/wp-json\/wp\/v2\/types\/post"}],"author":[{"embeddable":true,"href":"https:\/\/www.evafm.net\/sitio\/wp-json\/wp\/v2\/users\/5"}],"replies":[{"embeddable":true,"href":"https:\/\/www.evafm.net\/sitio\/wp-json\/wp\/v2\/comments?post=42571"}],"version-history":[{"count":1,"href":"https:\/\/www.evafm.net\/sitio\/wp-json\/wp\/v2\/posts\/42571\/revisions"}],"predecessor-version":[{"id":42576,"href":"https:\/\/www.evafm.net\/sitio\/wp-json\/wp\/v2\/posts\/42571\/revisions\/42576"}],"wp:featuredmedia":[{"embeddable":true,"href":"https:\/\/www.evafm.net\/sitio\/wp-json\/wp\/v2\/media\/42574"}],"wp:attachment":[{"href":"https:\/\/www.evafm.net\/sitio\/wp-json\/wp\/v2\/media?parent=42571"}],"wp:term":[{"taxonomy":"category","embeddable":true,"href":"https:\/\/www.evafm.net\/sitio\/wp-json\/wp\/v2\/categories?post=42571"},{"taxonomy":"post_tag","embeddable":true,"href":"https:\/\/www.evafm.net\/sitio\/wp-json\/wp\/v2\/tags?post=42571"}],"curies":[{"name":"wp","href":"https:\/\/api.w.org\/{rel}","templated":true}]}}