{"id":42577,"date":"2018-12-11T17:28:31","date_gmt":"2018-12-11T22:28:31","guid":{"rendered":"http:\/\/www.evafm.net\/sitio\/?p=42577"},"modified":"2018-12-11T17:28:31","modified_gmt":"2018-12-11T22:28:31","slug":"la-academia-podria-celebrar-los-oscar-2019-sin-presentador","status":"publish","type":"post","link":"https:\/\/www.evafm.net\/sitio\/la-academia-podria-celebrar-los-oscar-2019-sin-presentador\/","title":{"rendered":"La Academia podr\u00eda celebrar los Oscar 2019 sin presentador"},"content":{"rendered":"<p>MARID.<\/p>\n<p class=\"letter-capitular\">Tras la abrupta salida de<strong>\u00a0Kevin Hart<\/strong>\u00a0como anfitri\u00f3n de la 91\u00ba ceremonia de los\u00a0<strong>Premios Oscar<\/strong>\u00a0por unos tuits hom\u00f3fobos que public\u00f3 hace a\u00f1os, la\u00a0<strong>Academia de las Artes y las Ciencias Cinematogr\u00e1ficas<\/strong>\u00a0baraja no contar con ning\u00fan presentador durante la gala.<\/p>\n<p>La Academia est\u00e1 considerando que la ceremonia, que se celebrar\u00e1 el pr\u00f3ximo 24 de febrero, sea conducida por \u00abun mont\u00f3n de famosos, algo al estilo\u00a0<strong>Saturday Night Live<\/strong>, con gente de moda\u00bb, seg\u00fan se\u00f1alaron fuentes que prefieren mantener el anonimato a\u00a0<strong>Variety<\/strong>.<\/p>\n<p>La junta de directivos de la Academia, que tambi\u00e9n est\u00e1n considerando \u00abun mon\u00f3logo de grupo\u00bb, se reunir\u00e1 este martes 11 de diciembre para barajar sus opciones y tomar una decisi\u00f3n.<\/p>\n<p>Las dos pasadas ediciones, presentadas por<strong>\u00a0Jimmy Kimmel<\/strong>, tuvieron datos muy bajos de audiencia. De hecho, la 90\u00ba edici\u00f3n fue seguida por 26.5 millones de personas, la cifra m\u00e1s baja en la historia de los premios Oscar. Y ahora, tras la pol\u00e9mica de Hart, se enfrentar a una nueva p\u00e9rdida de espectadores.<\/p>\n<p>Hart renunci\u00f3 a presentar la ceremonia el pasado jueves 6 de diciembre, un d\u00eda despu\u00e9s de que anunciara su participaci\u00f3n.<\/p>\n<p>La decisi\u00f3n fue tomada despu\u00e9s de que salieran a la luz unos tuits ofensivos hacia la comunidad LGTB.<\/p>\n<p>\u00abHe decidido renunciar a presentar los Oscar este a\u00f1o\u00bb, escribi\u00f3 el comediante en Twitter despu\u00e9s de que se negara a disculparse por sus chistes hom\u00f3fobos.<\/p>\n<p>\u00abNo quiero ser una distracci\u00f3n en una noche en la que se deber\u00eda celebrar el incre\u00edble talento de tantos artistas\u00bb, anunci\u00f3 el actor de comedias como\u00a0<strong>Escuela para fracasados\u00a0<\/strong>o<strong>\u00a0Jumanji: Bienvenidos a la jungla<\/strong>.<\/p>\n<p>\u00abMis m\u00e1s sinceras disculpas a la comunidad LGBT por mis insensibles palabras en el pasado\u00bb, dijo finalmente.<\/p>\n<p><iframe title=\"Kevin Hart Out As Oscars Host After Controversial Tweets Resurface | TODAY\" width=\"1200\" height=\"675\" src=\"https:\/\/www.youtube.com\/embed\/J1KSLMn63xY?feature=oembed\" frameborder=\"0\" allow=\"accelerometer; autoplay; clipboard-write; encrypted-media; gyroscope; picture-in-picture; web-share\" referrerpolicy=\"strict-origin-when-cross-origin\" allowfullscreen><\/iframe><\/p>\n<p>cmd<\/p>\n<p>Fuente: excelsior.com.mx<\/p>\n<div class=\"gsp_post_data\" \r\n\t            data-post_type=\"post\" \r\n\t            data-cat=\"farandula-internacional\" \r\n\t            data-modified=\"120\"\r\n\t            data-created=\"1544549311\"\r\n\t            data-title=\"La Academia podr\u00eda celebrar los Oscar 2019 sin presentador\" \r\n\t            data-home=\"https:\/\/www.evafm.net\/sitio\"><\/div>","protected":false},"excerpt":{"rendered":"<p>MARID. Tras la abrupta salida de\u00a0Kevin Hart\u00a0como anfitri\u00f3n de la 91\u00ba ceremonia de los\u00a0Premios Oscar\u00a0por unos tuits hom\u00f3fobos que public\u00f3 hace a\u00f1os, la\u00a0Academia de las Artes y las Ciencias Cinematogr\u00e1ficas\u00a0baraja no contar con ning\u00fan presentador durante la gala. La Academia est\u00e1 considerando que la ceremonia, que se celebrar\u00e1 el pr\u00f3ximo 24 de febrero, sea conducida&#8230;<\/p>\n","protected":false},"author":5,"featured_media":42579,"comment_status":"closed","ping_status":"open","sticky":false,"template":"","format":"standard","meta":{"_joinchat":[],"footnotes":""},"categories":[1346],"tags":[],"class_list":["post-42577","post","type-post","status-publish","format-standard","has-post-thumbnail","hentry","category-farandula-internacional","have-post-thumb"],"_links":{"self":[{"href":"https:\/\/www.evafm.net\/sitio\/wp-json\/wp\/v2\/posts\/42577","targetHints":{"allow":["GET"]}}],"collection":[{"href":"https:\/\/www.evafm.net\/sitio\/wp-json\/wp\/v2\/posts"}],"about":[{"href":"https:\/\/www.evafm.net\/sitio\/wp-json\/wp\/v2\/types\/post"}],"author":[{"embeddable":true,"href":"https:\/\/www.evafm.net\/sitio\/wp-json\/wp\/v2\/users\/5"}],"replies":[{"embeddable":true,"href":"https:\/\/www.evafm.net\/sitio\/wp-json\/wp\/v2\/comments?post=42577"}],"version-history":[{"count":2,"href":"https:\/\/www.evafm.net\/sitio\/wp-json\/wp\/v2\/posts\/42577\/revisions"}],"predecessor-version":[{"id":42581,"href":"https:\/\/www.evafm.net\/sitio\/wp-json\/wp\/v2\/posts\/42577\/revisions\/42581"}],"wp:featuredmedia":[{"embeddable":true,"href":"https:\/\/www.evafm.net\/sitio\/wp-json\/wp\/v2\/media\/42579"}],"wp:attachment":[{"href":"https:\/\/www.evafm.net\/sitio\/wp-json\/wp\/v2\/media?parent=42577"}],"wp:term":[{"taxonomy":"category","embeddable":true,"href":"https:\/\/www.evafm.net\/sitio\/wp-json\/wp\/v2\/categories?post=42577"},{"taxonomy":"post_tag","embeddable":true,"href":"https:\/\/www.evafm.net\/sitio\/wp-json\/wp\/v2\/tags?post=42577"}],"curies":[{"name":"wp","href":"https:\/\/api.w.org\/{rel}","templated":true}]}}