{"id":42621,"date":"2018-12-12T18:07:58","date_gmt":"2018-12-12T23:07:58","guid":{"rendered":"http:\/\/www.evafm.net\/sitio\/?p=42621"},"modified":"2018-12-12T18:08:12","modified_gmt":"2018-12-12T23:08:12","slug":"emelec-vs-lduq-primer-round-en-el-capwell","status":"publish","type":"post","link":"https:\/\/www.evafm.net\/sitio\/emelec-vs-lduq-primer-round-en-el-capwell\/","title":{"rendered":"Emelec vs. LDUQ, primer round en el Capwell"},"content":{"rendered":"\n<p><\/p>\n\n\n\n<p>A partir de las 20h00 Emelec y Liga de Quito abrir\u00e1n la primera final del torneo ecuatoriano en el Estadio Banco del Pac\u00edfico Capwell, esto en un encuentro en el que los azules intentar\u00e1n sentenciar ya la serie para ir m\u00e1s tranquilos a Casa Blanca, mientras que los &#8216;albos&#8217; intentar\u00e1n conseguir un resultado positivo para la vuelta.<\/p>\n\n\n\n<p>Esta ser\u00e1 la tercera vez que se enfrenten en el reducto &#8216;el\u00e9ctrico&#8217;, siendo un 0-1 a favor de los &#8216;albos&#8217; y un empate sin goles los resultados conseguidos. Adem\u00e1s ser\u00e1 la cuarta vez que se enfrenten en finales locales con una ventaja de 2-1 a favor de LDUQ.<\/p>\n\n\n\n<p>Del lado del cuadro de Mariano Soso, Holger Matamoros es baja confirmada para esta final, mientras que en la visita Gast\u00f3n Rodr\u00edguez fue separado y Juan Luis Anangon\u00f3 est\u00e1 en duda por molestias musculares y se lo esperar\u00e1 hasta el final.<\/p>\n\n\n\n<p>El equipo titular de Mariano Soso ser\u00eda con:<strong>&nbsp;Dreer; Paredes, Mej\u00eda, Vega, Jhonson; Arroyo, Queiroz; Romario Caicedo, L\u00f3pez, Rojas; Angulo.<\/strong><\/p>\n\n\n\n<p>El once de LDUQ ser\u00eda con:\u00a0<strong>Gabbarini; Quintero, Guerra, Pellerano, Cruz; Orejuela, Intriago, Vega; A. Julio, J. Julio; Anangon\u00f3.<\/strong><\/p>\n\n\n\n<p>Fuente: ecuagol.com<\/p>\n\n\n\n<figure class=\"wp-block-image is-resized\"><img fetchpriority=\"high\" decoding=\"async\" src=\"http:\/\/www.evafm.net\/sitio\/wp-content\/uploads\/2018\/12\/emelec-vs-liga.jpg\" alt=\"\" class=\"wp-image-42626\" width=\"580\" height=\"326\" \/><\/figure>\n<div class=\"gsp_post_data\" \r\n\t            data-post_type=\"post\" \r\n\t            data-cat=\"deportes-ecuador,general\" \r\n\t            data-modified=\"120\"\r\n\t            data-created=\"1544638078\"\r\n\t            data-title=\"Emelec vs. LDUQ, primer round en el Capwell\" \r\n\t            data-home=\"https:\/\/www.evafm.net\/sitio\"><\/div>","protected":false},"excerpt":{"rendered":"<p>A partir de las 20h00 Emelec y Liga de Quito abrir\u00e1n la primera final del torneo ecuatoriano en el Estadio Banco del Pac\u00edfico Capwell, esto en un encuentro en el que los azules intentar\u00e1n sentenciar ya la serie para ir m\u00e1s tranquilos a Casa Blanca, mientras que los &#8216;albos&#8217; intentar\u00e1n conseguir un resultado positivo para&#8230;<\/p>\n","protected":false},"author":5,"featured_media":42626,"comment_status":"closed","ping_status":"open","sticky":false,"template":"","format":"standard","meta":{"_joinchat":[],"footnotes":""},"categories":[1557,1720],"tags":[],"class_list":["post-42621","post","type-post","status-publish","format-standard","has-post-thumbnail","hentry","category-deportes-ecuador","category-general","have-post-thumb"],"_links":{"self":[{"href":"https:\/\/www.evafm.net\/sitio\/wp-json\/wp\/v2\/posts\/42621","targetHints":{"allow":["GET"]}}],"collection":[{"href":"https:\/\/www.evafm.net\/sitio\/wp-json\/wp\/v2\/posts"}],"about":[{"href":"https:\/\/www.evafm.net\/sitio\/wp-json\/wp\/v2\/types\/post"}],"author":[{"embeddable":true,"href":"https:\/\/www.evafm.net\/sitio\/wp-json\/wp\/v2\/users\/5"}],"replies":[{"embeddable":true,"href":"https:\/\/www.evafm.net\/sitio\/wp-json\/wp\/v2\/comments?post=42621"}],"version-history":[{"count":2,"href":"https:\/\/www.evafm.net\/sitio\/wp-json\/wp\/v2\/posts\/42621\/revisions"}],"predecessor-version":[{"id":42627,"href":"https:\/\/www.evafm.net\/sitio\/wp-json\/wp\/v2\/posts\/42621\/revisions\/42627"}],"wp:featuredmedia":[{"embeddable":true,"href":"https:\/\/www.evafm.net\/sitio\/wp-json\/wp\/v2\/media\/42626"}],"wp:attachment":[{"href":"https:\/\/www.evafm.net\/sitio\/wp-json\/wp\/v2\/media?parent=42621"}],"wp:term":[{"taxonomy":"category","embeddable":true,"href":"https:\/\/www.evafm.net\/sitio\/wp-json\/wp\/v2\/categories?post=42621"},{"taxonomy":"post_tag","embeddable":true,"href":"https:\/\/www.evafm.net\/sitio\/wp-json\/wp\/v2\/tags?post=42621"}],"curies":[{"name":"wp","href":"https:\/\/api.w.org\/{rel}","templated":true}]}}