{"id":42628,"date":"2018-12-12T18:15:33","date_gmt":"2018-12-12T23:15:33","guid":{"rendered":"http:\/\/www.evafm.net\/sitio\/?p=42628"},"modified":"2018-12-12T18:15:42","modified_gmt":"2018-12-12T23:15:42","slug":"aquiles-alvarez-dejo-la-comision-de-futbol-de-barcelona","status":"publish","type":"post","link":"https:\/\/www.evafm.net\/sitio\/aquiles-alvarez-dejo-la-comision-de-futbol-de-barcelona\/","title":{"rendered":"Aquiles \u00c1lvarez dej\u00f3 la Comisi\u00f3n de F\u00fatbol de Barcelona"},"content":{"rendered":"\n<p>Tal como lo hab\u00eda anunciado en d\u00edas pasados, Aquiles \u00c1lvarez renunci\u00f3 a la presidencia de la Comisi\u00f3n de F\u00fatbol de Barcelona, mediante una carta dirigida a Jos\u00e9 Francisco Cevallos, titular canario en donde aduce que desde hace un a\u00f1o \u201cla comunicaci\u00f3n no es la misma\u201d, con el resto de la directiva.<\/p>\n\n\n\n<p>\u00c1lvarez solo esperaba que terminara la participaci\u00f3n torera en el campeonato nacional para hacer oficial su salida.<\/p>\n\n\n\n<p>\u201cLamentablemente, la relaci\u00f3n se desgast\u00f3 a lo largo del tiempo por muchos motivos, que se las expuse al presidente (Cevallos), en reuniones privadas algunas veces, muchas cosas debemos corregir y lamentablemente no se hizo\u201d, dice parte de la carta de renuncia del ahora exdirectivo.<\/p>\n\n\n\n<p>\u201cDesde hace un a\u00f1o siento que la comunicaci\u00f3n no es la misma, se perdi\u00f3 la qu\u00edmica que hubo al inicio, este a\u00f1o 2018, nos afectaron much\u00edsimas cosas que terminaron de romper la armon\u00eda y la convivencia en el d\u00eda a d\u00eda, todo esto afect\u00f3 a la hora de tomar decisiones, creo que eso tambi\u00e9n influy\u00f3 para tener el a\u00f1o que todos esper\u00e1bamos en la parte deportiva\u201d, agreg\u00f3 la misiva.<\/p>\n\n\n\n<p>Asimismo, \u00c1lvarez solicita \u201ctransparentar\u201d la informaci\u00f3n que soliciten los socios con respecto a la actualidad del club.<\/p>\n\n\n\n<p>\u201cLo mejor es transparentar la documentaci\u00f3n a los socios que la solicitan, los beneficiados van a ser los barcelonistas y m\u00e1s que todo el presidente y directorio actual de la instituci\u00f3n\u201d, indic\u00f3 el exdirigente en su carta.<\/p>\n\n\n\n<p>A criterio del expresidente de la Comisi\u00f3n de F\u00fatbol canaria, su balance de la gesti\u00f3n en tres temporadas es positivo, pero solicita que \u201ccorrijamos las cosas que sabemos que debemos corregir en la instituci\u00f3n\u201d. Al tiempo que manifest\u00f3 su deseo de que en la temporada 2019, las cosas mejoren en el cuadro de Guillermo Almada que disputar\u00e1 el repechaje a la Copa Libertadores. (D)<\/p>\n\n\n\n<p><strong>2016<\/strong><br>T\u00edtulo torero<br>En esa temporada, bajo el mando de la directiva que encabeza Jos\u00e9 Cevallos, Barcelona sum\u00f3 su decimoquinto t\u00edtulo de su historia.<\/p>\n\n\n\n<p>Fuente: eluniverso.com<\/p>\n\n\n\n\n<div class=\"gsp_post_data\" \r\n\t            data-post_type=\"post\" \r\n\t            data-cat=\"deportes-ecuador\" \r\n\t            data-modified=\"120\"\r\n\t            data-created=\"1544638533\"\r\n\t            data-title=\"Aquiles \u00c1lvarez dej\u00f3 la Comisi\u00f3n de F\u00fatbol de Barcelona\" \r\n\t            data-home=\"https:\/\/www.evafm.net\/sitio\"><\/div>","protected":false},"excerpt":{"rendered":"<p>Tal como lo hab\u00eda anunciado en d\u00edas pasados, Aquiles \u00c1lvarez renunci\u00f3 a la presidencia de la Comisi\u00f3n de F\u00fatbol de Barcelona, mediante una carta dirigida a Jos\u00e9 Francisco Cevallos, titular canario en donde aduce que desde hace un a\u00f1o \u201cla comunicaci\u00f3n no es la misma\u201d, con el resto de la directiva. \u00c1lvarez solo esperaba que&#8230;<\/p>\n","protected":false},"author":5,"featured_media":42629,"comment_status":"closed","ping_status":"open","sticky":false,"template":"","format":"standard","meta":{"_joinchat":[],"footnotes":""},"categories":[1557],"tags":[],"class_list":["post-42628","post","type-post","status-publish","format-standard","has-post-thumbnail","hentry","category-deportes-ecuador","have-post-thumb"],"_links":{"self":[{"href":"https:\/\/www.evafm.net\/sitio\/wp-json\/wp\/v2\/posts\/42628","targetHints":{"allow":["GET"]}}],"collection":[{"href":"https:\/\/www.evafm.net\/sitio\/wp-json\/wp\/v2\/posts"}],"about":[{"href":"https:\/\/www.evafm.net\/sitio\/wp-json\/wp\/v2\/types\/post"}],"author":[{"embeddable":true,"href":"https:\/\/www.evafm.net\/sitio\/wp-json\/wp\/v2\/users\/5"}],"replies":[{"embeddable":true,"href":"https:\/\/www.evafm.net\/sitio\/wp-json\/wp\/v2\/comments?post=42628"}],"version-history":[{"count":1,"href":"https:\/\/www.evafm.net\/sitio\/wp-json\/wp\/v2\/posts\/42628\/revisions"}],"predecessor-version":[{"id":42630,"href":"https:\/\/www.evafm.net\/sitio\/wp-json\/wp\/v2\/posts\/42628\/revisions\/42630"}],"wp:featuredmedia":[{"embeddable":true,"href":"https:\/\/www.evafm.net\/sitio\/wp-json\/wp\/v2\/media\/42629"}],"wp:attachment":[{"href":"https:\/\/www.evafm.net\/sitio\/wp-json\/wp\/v2\/media?parent=42628"}],"wp:term":[{"taxonomy":"category","embeddable":true,"href":"https:\/\/www.evafm.net\/sitio\/wp-json\/wp\/v2\/categories?post=42628"},{"taxonomy":"post_tag","embeddable":true,"href":"https:\/\/www.evafm.net\/sitio\/wp-json\/wp\/v2\/tags?post=42628"}],"curies":[{"name":"wp","href":"https:\/\/api.w.org\/{rel}","templated":true}]}}