{"id":42635,"date":"2018-12-12T18:25:49","date_gmt":"2018-12-12T23:25:49","guid":{"rendered":"http:\/\/www.evafm.net\/sitio\/?p=42635"},"modified":"2018-12-12T18:33:16","modified_gmt":"2018-12-12T23:33:16","slug":"maria-alejandra-vicuna-sera-procesada-por-posible-concusion","status":"publish","type":"post","link":"https:\/\/www.evafm.net\/sitio\/maria-alejandra-vicuna-sera-procesada-por-posible-concusion\/","title":{"rendered":"Mar\u00eda Alejandra Vicu\u00f1a ser\u00e1 procesada por posible concusi\u00f3n"},"content":{"rendered":"\n<p>El caso de supuesto cobro de diezmos en contra de&nbsp;<strong>Mar\u00eda Alejandra Vicu\u00f1a<\/strong>, exvicepresidenta de Ecuador, abre un nuevo cap\u00edtulo.<\/p>\n\n\n\n<p>La tarde de este mi\u00e9rcoles 12 de diciembre la fiscal&nbsp;<strong>Ruth Palacios&nbsp;<\/strong>solicit\u00f3 a la&nbsp;<strong>Corte Nacional<\/strong>&nbsp;que indique fecha y hora para la&nbsp;<strong>formulaci\u00f3n<\/strong>&nbsp;de&nbsp;<strong>cargos<\/strong>&nbsp;en contra de la exmandataria, por el delito de&nbsp;<strong>concusi\u00f3n<\/strong>.<\/p>\n\n\n\n<p>En noviembre pasado, la&nbsp;<strong>Fiscal\u00eda<\/strong>&nbsp;abri\u00f3 una&nbsp;<strong>investigaci\u00f3n<\/strong>&nbsp;<strong>previa<\/strong>&nbsp;a Vicu\u00f1a debido, a la&nbsp;<strong>denuncia<\/strong>&nbsp;realizada por&nbsp;<strong>Andr\u00e9s P\u00e1ez,<\/strong>&nbsp;por supuestos&nbsp;<strong>cobros<\/strong>&nbsp;<strong>irregulares<\/strong>&nbsp;en los a\u00f1os 2011, 2012 y 2013, \u00e9poca en que la exmandataria se desempe\u00f1aba como legisladora. En la denuncia tambi\u00e9n aparec\u00eda una declaraci\u00f3n juramentada del exfuncionario \u00c1ngel Sagbay donde se indic\u00f3 el pago de supuestos diezmos por dos a\u00f1os.<\/p>\n\n\n\n<p>Debido al esc\u00e1ndalo que se desat\u00f3 en torno esta acusaci\u00f3n, el pasado 3 de diciembre el presidente&nbsp;<strong>Len\u00edn<\/strong>&nbsp;<strong>Moreno<\/strong>&nbsp;retir\u00f3 las funciones a la exvicepresidenta, y un d\u00eda despu\u00e9s \u20144 de diciembre de 2018\u2014 ella renunci\u00f3 a su cargo como segunda mandataria.<\/p>\n\n\n\n<figure class=\"wp-block-image\"><img decoding=\"async\" src=\"https:\/\/www.expreso.ec\/placeholder\/svg\/viewbox\/378x412\" alt=\"Mar\u00eda Alejandra Vicu\u00f1a ser\u00e1 procesada por posible concusi\u00f3n\" \/><\/figure>\n\n\n\n\n\n<figure class=\"wp-block-image is-resized\"><img fetchpriority=\"high\" decoding=\"async\" src=\"http:\/\/www.evafm.net\/sitio\/wp-content\/uploads\/2018\/12\/image_content_26425216_20181212174435.jpg\" alt=\"\" class=\"wp-image-42636\" width=\"580\" height=\"325\" \/><\/figure>\n<div class=\"gsp_post_data\" \r\n\t            data-post_type=\"post\" \r\n\t            data-cat=\"general,noticias-ecuador\" \r\n\t            data-modified=\"120\"\r\n\t            data-created=\"1544639149\"\r\n\t            data-title=\"Mar\u00eda Alejandra Vicu\u00f1a ser\u00e1 procesada por posible concusi\u00f3n\" \r\n\t            data-home=\"https:\/\/www.evafm.net\/sitio\"><\/div>","protected":false},"excerpt":{"rendered":"<p>El caso de supuesto cobro de diezmos en contra de&nbsp;Mar\u00eda Alejandra Vicu\u00f1a, exvicepresidenta de Ecuador, abre un nuevo cap\u00edtulo. La tarde de este mi\u00e9rcoles 12 de diciembre la fiscal&nbsp;Ruth Palacios&nbsp;solicit\u00f3 a la&nbsp;Corte Nacional&nbsp;que indique fecha y hora para la&nbsp;formulaci\u00f3n&nbsp;de&nbsp;cargos&nbsp;en contra de la exmandataria, por el delito de&nbsp;concusi\u00f3n. En noviembre pasado, la&nbsp;Fiscal\u00eda&nbsp;abri\u00f3 una&nbsp;investigaci\u00f3n&nbsp;previa&nbsp;a Vicu\u00f1a debido, a&#8230;<\/p>\n","protected":false},"author":5,"featured_media":42636,"comment_status":"closed","ping_status":"open","sticky":false,"template":"","format":"standard","meta":{"_joinchat":[],"footnotes":""},"categories":[1720,1558],"tags":[],"class_list":["post-42635","post","type-post","status-publish","format-standard","has-post-thumbnail","hentry","category-general","category-noticias-ecuador","have-post-thumb"],"_links":{"self":[{"href":"https:\/\/www.evafm.net\/sitio\/wp-json\/wp\/v2\/posts\/42635","targetHints":{"allow":["GET"]}}],"collection":[{"href":"https:\/\/www.evafm.net\/sitio\/wp-json\/wp\/v2\/posts"}],"about":[{"href":"https:\/\/www.evafm.net\/sitio\/wp-json\/wp\/v2\/types\/post"}],"author":[{"embeddable":true,"href":"https:\/\/www.evafm.net\/sitio\/wp-json\/wp\/v2\/users\/5"}],"replies":[{"embeddable":true,"href":"https:\/\/www.evafm.net\/sitio\/wp-json\/wp\/v2\/comments?post=42635"}],"version-history":[{"count":2,"href":"https:\/\/www.evafm.net\/sitio\/wp-json\/wp\/v2\/posts\/42635\/revisions"}],"predecessor-version":[{"id":42640,"href":"https:\/\/www.evafm.net\/sitio\/wp-json\/wp\/v2\/posts\/42635\/revisions\/42640"}],"wp:featuredmedia":[{"embeddable":true,"href":"https:\/\/www.evafm.net\/sitio\/wp-json\/wp\/v2\/media\/42636"}],"wp:attachment":[{"href":"https:\/\/www.evafm.net\/sitio\/wp-json\/wp\/v2\/media?parent=42635"}],"wp:term":[{"taxonomy":"category","embeddable":true,"href":"https:\/\/www.evafm.net\/sitio\/wp-json\/wp\/v2\/categories?post=42635"},{"taxonomy":"post_tag","embeddable":true,"href":"https:\/\/www.evafm.net\/sitio\/wp-json\/wp\/v2\/tags?post=42635"}],"curies":[{"name":"wp","href":"https:\/\/api.w.org\/{rel}","templated":true}]}}