{"id":42666,"date":"2018-12-13T15:43:27","date_gmt":"2018-12-13T20:43:27","guid":{"rendered":"http:\/\/www.evafm.net\/sitio\/?p=42666"},"modified":"2018-12-13T15:43:40","modified_gmt":"2018-12-13T20:43:40","slug":"fernando-balda-denuncia-a-rafael-correa-por-peculado","status":"publish","type":"post","link":"https:\/\/www.evafm.net\/sitio\/fernando-balda-denuncia-a-rafael-correa-por-peculado\/","title":{"rendered":"Fernando Balda denuncia a Rafael Correa por peculado"},"content":{"rendered":"\n<p>\n\nQuito &#8211;<\/p>\n\n\n\n<p>El activista pol\u00edtico\u00a0Fernando Baldapresent\u00f3 este jueves en la Fiscal\u00eda General una denuncia por el delito de peculado contra el expresidente Rafael Correa; los exsecretarios de Inteligencia (Senain), Rommy Vallejo y Pablo Romero; el exministro de Interior, Jos\u00e9 Serrano, y otros cuatro exfuncionarios p\u00fablicos m\u00e1s.<\/p>\n\n\n\n<p>Balda lo que busca es que se investigue penalmente el uso de m\u00e1s o menos 500.000 d\u00f3lares provenientes de recursos p\u00fablicos para secuestrarlo en Bogot\u00e1, en 2012. Por este plagio, en\u00a0Ecuador\u00a0fue llamado a juicio Correa, Romero y los exagentes de inteligencia Ra\u00fal Chicaiza y J\u00e9ssica Falc\u00f3n.<\/p>\n\n\n\n<p>\u00abEn el llamado a juicio (por plagio) que hizo la jueza Daniella Camacho fueron admitidas como pruebas v\u00e1lidas una serie de documentos que confirman que fueron usados dineros del Estado ecuatoriano para contratar sicarios y secuestradores en Colombia para atentar en mi contra\u00bb, explic\u00f3 Balda antes de dejar en la Fiscal\u00eda una denuncia de cinco fojas y 168 fojas de anexos.<\/p>\n\n\n\n<p>Seg\u00fan el denunciante, los dineros usados para su secuestro habr\u00edan salido de fuentes como la Presidencia de la Rep\u00fablica, la Direcci\u00f3n General de Inteligencia de la Polic\u00eda y de la Secretar\u00eda Nacional de Inteligencia, que respond\u00eda al Ejecutivo, al mando de Rafael Correa.<\/p>\n\n\n\n<figure class=\"wp-block-embed-twitter wp-block-embed is-type-rich is-provider-twitter\"><div class=\"wp-block-embed__wrapper\">\n<blockquote class=\"twitter-tweet\" data-width=\"550\" data-dnt=\"true\"><p lang=\"es\" dir=\"ltr\">Fernando Balda denunci\u00f3 por peculado a Rafael Correa, Pablo Romero, Jos\u00e9 Serrano y otras 5 personas, por su secuestro realizado en Colombia en 2012 <a href=\"https:\/\/t.co\/iTOH2fNmPs\">pic.twitter.com\/iTOH2fNmPs<\/a> v\u00eda <a href=\"https:\/\/twitter.com\/santiagomolinao?ref_src=twsrc%5Etfw\">@santiagomolinao<\/a><\/p>&mdash; El Universo (@eluniversocom) <a href=\"https:\/\/twitter.com\/eluniversocom\/status\/1073254973192982531?ref_src=twsrc%5Etfw\">December 13, 2018<\/a><\/blockquote><script async src=\"https:\/\/platform.twitter.com\/widgets.js\" charset=\"utf-8\"><\/script>\n<\/div><\/figure>\n\n\n\n<p>Fuente: eluniverso.com<\/p>\n<div class=\"gsp_post_data\" \r\n\t            data-post_type=\"post\" \r\n\t            data-cat=\"general,noticias-ecuador\" \r\n\t            data-modified=\"120\"\r\n\t            data-created=\"1544715807\"\r\n\t            data-title=\"Fernando Balda denuncia a Rafael Correa por peculado\" \r\n\t            data-home=\"https:\/\/www.evafm.net\/sitio\"><\/div>","protected":false},"excerpt":{"rendered":"<p>Quito &#8211; El activista pol\u00edtico\u00a0Fernando Baldapresent\u00f3 este jueves en la Fiscal\u00eda General una denuncia por el delito de peculado contra el expresidente Rafael Correa; los exsecretarios de Inteligencia (Senain), Rommy Vallejo y Pablo Romero; el exministro de Interior, Jos\u00e9 Serrano, y otros cuatro exfuncionarios p\u00fablicos m\u00e1s. Balda lo que busca es que se investigue penalmente&#8230;<\/p>\n","protected":false},"author":5,"featured_media":42668,"comment_status":"closed","ping_status":"open","sticky":false,"template":"","format":"standard","meta":{"_joinchat":[],"footnotes":""},"categories":[1720,1558],"tags":[],"class_list":["post-42666","post","type-post","status-publish","format-standard","has-post-thumbnail","hentry","category-general","category-noticias-ecuador","have-post-thumb"],"_links":{"self":[{"href":"https:\/\/www.evafm.net\/sitio\/wp-json\/wp\/v2\/posts\/42666","targetHints":{"allow":["GET"]}}],"collection":[{"href":"https:\/\/www.evafm.net\/sitio\/wp-json\/wp\/v2\/posts"}],"about":[{"href":"https:\/\/www.evafm.net\/sitio\/wp-json\/wp\/v2\/types\/post"}],"author":[{"embeddable":true,"href":"https:\/\/www.evafm.net\/sitio\/wp-json\/wp\/v2\/users\/5"}],"replies":[{"embeddable":true,"href":"https:\/\/www.evafm.net\/sitio\/wp-json\/wp\/v2\/comments?post=42666"}],"version-history":[{"count":2,"href":"https:\/\/www.evafm.net\/sitio\/wp-json\/wp\/v2\/posts\/42666\/revisions"}],"predecessor-version":[{"id":42676,"href":"https:\/\/www.evafm.net\/sitio\/wp-json\/wp\/v2\/posts\/42666\/revisions\/42676"}],"wp:featuredmedia":[{"embeddable":true,"href":"https:\/\/www.evafm.net\/sitio\/wp-json\/wp\/v2\/media\/42668"}],"wp:attachment":[{"href":"https:\/\/www.evafm.net\/sitio\/wp-json\/wp\/v2\/media?parent=42666"}],"wp:term":[{"taxonomy":"category","embeddable":true,"href":"https:\/\/www.evafm.net\/sitio\/wp-json\/wp\/v2\/categories?post=42666"},{"taxonomy":"post_tag","embeddable":true,"href":"https:\/\/www.evafm.net\/sitio\/wp-json\/wp\/v2\/tags?post=42666"}],"curies":[{"name":"wp","href":"https:\/\/api.w.org\/{rel}","templated":true}]}}