{"id":42671,"date":"2018-12-13T15:49:54","date_gmt":"2018-12-13T20:49:54","guid":{"rendered":"http:\/\/www.evafm.net\/sitio\/?p=42671"},"modified":"2018-12-13T15:50:09","modified_gmt":"2018-12-13T20:50:09","slug":"los-que-hablan-de-muerte-cruzada-conmigo-no-cuentan","status":"publish","type":"post","link":"https:\/\/www.evafm.net\/sitio\/los-que-hablan-de-muerte-cruzada-conmigo-no-cuentan\/","title":{"rendered":"\u201cLos que hablan de muerte cruzada conmigo no cuentan\u201d"},"content":{"rendered":"\n<p>El tiempo con su familia y su trabajo en&nbsp;<strong>Radio<\/strong>&nbsp;<strong>Tropicana<\/strong>&nbsp;son las cosas que, en menos de 24 horas, empez\u00f3 a extra\u00f1ar m\u00e1s el flamante vicepresidente&nbsp;<strong>Otto<\/strong><strong>Sonnenholzner<\/strong>. Aunque dice ya conocer qu\u00e9 funciones asumir\u00e1, espera con paciencia a que el presidente&nbsp;<strong>Len\u00edn<\/strong>&nbsp;<strong>Moreno<\/strong>&nbsp;lo confirme.<\/p>\n\n\n\n<p><strong>&#8211; \u00bfEn 12 a\u00f1os como entrevistador de pol\u00edticos nunca le tent\u00f3 entrar a esa actividad?<\/strong><\/p>\n\n\n\n<p>&#8211; Siempre me llam\u00f3 la atenci\u00f3n y me gust\u00f3 la pol\u00edtica, de otra manera no estar\u00eda aqu\u00ed, no hubiese aceptado el reto. Uno no puede ir a hacer algo que no le gusta, porque lo har\u00eda mal. Pero antes las respuestas de mi parte siempre fueron negativas, nunca tom\u00e9 la decisi\u00f3n de aceptar un ofrecimiento&nbsp;<strong>pol\u00edtico<\/strong>.<\/p>\n\n\n\n<p><strong>&#8211; \u00bfQu\u00e9 cambi\u00f3 esta vez?<\/strong><\/p>\n\n\n\n<p>&#8211; Esta vez era imposible decir no, porque lo que est\u00e1 en juego es demasiado: hablamos de estabilidad y democracia. Y si el presidente&nbsp;<strong>Moreno<\/strong>&nbsp;cree que soy la persona indicada para traer estabilidad, ten\u00eda que aceptar por el pa\u00eds, por m\u00ed mismo, por mis hijos. Era imposible decir que no y seguir detr\u00e1s de un micr\u00f3fono quej\u00e1ndome de todo. He pasado del comentario a la acci\u00f3n.<\/p>\n\n\n\n<p><strong>&#8211; \u00bfEste puede ser el comienzo de una carrera pol\u00edtica?<\/strong><\/p>\n\n\n\n<p>&#8211; Este es un par\u00e9ntesis en mi vida y espero, en mayo de 2021, poder salir de la Asamblea de la mano de mi esposa como entr\u00e9, con la cabeza en alto y seguro de haber hecho un buen trabajo. Regresar a mi oficina, reencontrarme con mi d\u00eda a d\u00eda, devolver el tiempo que le voy a quitar a mi familia, es mi plan.<\/p>\n\n\n\n<p><strong>&#8211; La dif\u00edcil situaci\u00f3n econ\u00f3mica del pa\u00eds es un hecho real. Como economista, \u00bfse ve liderando la recuperaci\u00f3n en esta \u00e1rea?<\/strong><\/p>\n\n\n\n<p>&#8211; El gabinete del presidente es muy competente. A los integrantes del sector econ\u00f3mico les conozco bien y est\u00e1n haciendo un buen trabajo. Sin duda, todo es perfectible y estoy aqu\u00ed para aportar, pero lo cierto es que soy de la posici\u00f3n de respetar esos espacios. Si el presidente cree que puedo apoyar en alg\u00fan tema puntual en ese \u00e1mbito, estoy disponible.<\/p>\n\n\n\n<p><strong>&#8211; \u00bfC\u00f3mo le vendr\u00eda un encargo de los sectores estrat\u00e9gicos?<\/strong><\/p>\n\n\n\n<p>&#8211; Ah\u00ed tenemos buenos ministro, est\u00e1 claro que&nbsp;<strong>Carlos<\/strong>&nbsp;<strong>P\u00e9rez<\/strong>&nbsp;(Hidrocarburos) est\u00e1 haciendo un buen trabajo y a todos hay que respaldarlos, pero poner otra cabeza al frente de eso no creo que sea la mejor v\u00eda.<\/p>\n\n\n\n<p>&#8211;<strong>&nbsp;\u00bfQu\u00e9 har\u00e1 para evitar que su c\u00edrculo cercano empiece a aparecer en cargos p\u00fablicos?<\/strong><\/p>\n\n\n\n<p>&#8211; Soy el vicepresidente de la Rep\u00fablica; cuando voy a mi casa soy padre, esposo, hermano, hijo, amigo; salgo de mi casa y vuelvo a ser vicepresidente y ah\u00ed no tengo pap\u00e1, hermanos, primos o amigos. Voy a contar con los mejores perfiles para cumplir esta tarea y no tienen que ser de mi familia.<\/p>\n\n\n\n<p><strong>&#8211; \u00bfCumplir\u00e1 su oferta de colocar en un fideicomiso su patrimonio y actividad empresarial?<\/strong><\/p>\n\n\n\n<p>&#8211; Eso ya fue hecho antes de asumir el cargo y en este momento no tengo ninguna administraci\u00f3n sobre mi patrimonio privado. Eso est\u00e1 entregado a un fideicomiso que tiene la instrucci\u00f3n de no dejarme participar. Tendr\u00e1 luego que verse si genera utilidades, qu\u00e9 manejo le da, pero esa es otra historia.<\/p>\n\n\n\n<p><strong>&#8211; \u00bfUsted representa a la derecha guayaquile\u00f1a?<\/strong><\/p>\n\n\n\n<p>&#8211; No tengo filiaci\u00f3n pol\u00edtica. Estoy convencido de que podemos encontrar los caminos para el progreso desde cualquier tendencia pol\u00edtica. Estuve 12 a\u00f1os entrevistando a pol\u00edticos de todas las tendencias y al final del d\u00eda mi resumen es que todos buscan lo mismo, o al menos eso dicen: justicia, equidad y bienestar. Es momento de dejar de discutir de las tendencias y encontrar ese camino.<\/p>\n\n\n\n<p><strong>&#8211; Se habla de muerte cruzada, de sucesi\u00f3n. \u00bfC\u00f3mo toma esas posibilidades?<\/strong><\/p>\n\n\n\n<p>&#8211; Que de una vez lo sepan: conmigo no cuentan para eso porque no tengo ning\u00fan inter\u00e9s, sino el de apoyar al\u00a0<strong>presidente<\/strong>. La gente que est\u00e1 hablando de aquello tiene que dejar de hacer da\u00f1o al pa\u00eds con criterios mal intencionados. Especulando sobre la salud del presidente le hacen da\u00f1o al\u00a0<strong>Ecuador<\/strong>, no a \u00e9l que, dicho sea de paso, es un hombre que est\u00e1 m\u00e1s sano que usted y que yo. No voy a opinar sobre especulaciones, pero s\u00ed les digo a esas personas que conmigo para eso no cuentan.<\/p>\n\n\n\n<p>Fuente: expreso.ec<\/p>\n<div class=\"gsp_post_data\" \r\n\t            data-post_type=\"post\" \r\n\t            data-cat=\"noticias-ecuador\" \r\n\t            data-modified=\"120\"\r\n\t            data-created=\"1544716194\"\r\n\t            data-title=\"\u201cLos que hablan de muerte cruzada conmigo no cuentan\u201d\" \r\n\t            data-home=\"https:\/\/www.evafm.net\/sitio\"><\/div>","protected":false},"excerpt":{"rendered":"<p>El tiempo con su familia y su trabajo en&nbsp;Radio&nbsp;Tropicana&nbsp;son las cosas que, en menos de 24 horas, empez\u00f3 a extra\u00f1ar m\u00e1s el flamante vicepresidente&nbsp;OttoSonnenholzner. Aunque dice ya conocer qu\u00e9 funciones asumir\u00e1, espera con paciencia a que el presidente&nbsp;Len\u00edn&nbsp;Moreno&nbsp;lo confirme. &#8211; \u00bfEn 12 a\u00f1os como entrevistador de pol\u00edticos nunca le tent\u00f3 entrar a esa actividad? &#8211;&#8230;<\/p>\n","protected":false},"author":5,"featured_media":42672,"comment_status":"closed","ping_status":"open","sticky":false,"template":"","format":"standard","meta":{"_joinchat":[],"footnotes":""},"categories":[1558],"tags":[],"class_list":["post-42671","post","type-post","status-publish","format-standard","has-post-thumbnail","hentry","category-noticias-ecuador","have-post-thumb"],"_links":{"self":[{"href":"https:\/\/www.evafm.net\/sitio\/wp-json\/wp\/v2\/posts\/42671","targetHints":{"allow":["GET"]}}],"collection":[{"href":"https:\/\/www.evafm.net\/sitio\/wp-json\/wp\/v2\/posts"}],"about":[{"href":"https:\/\/www.evafm.net\/sitio\/wp-json\/wp\/v2\/types\/post"}],"author":[{"embeddable":true,"href":"https:\/\/www.evafm.net\/sitio\/wp-json\/wp\/v2\/users\/5"}],"replies":[{"embeddable":true,"href":"https:\/\/www.evafm.net\/sitio\/wp-json\/wp\/v2\/comments?post=42671"}],"version-history":[{"count":1,"href":"https:\/\/www.evafm.net\/sitio\/wp-json\/wp\/v2\/posts\/42671\/revisions"}],"predecessor-version":[{"id":42673,"href":"https:\/\/www.evafm.net\/sitio\/wp-json\/wp\/v2\/posts\/42671\/revisions\/42673"}],"wp:featuredmedia":[{"embeddable":true,"href":"https:\/\/www.evafm.net\/sitio\/wp-json\/wp\/v2\/media\/42672"}],"wp:attachment":[{"href":"https:\/\/www.evafm.net\/sitio\/wp-json\/wp\/v2\/media?parent=42671"}],"wp:term":[{"taxonomy":"category","embeddable":true,"href":"https:\/\/www.evafm.net\/sitio\/wp-json\/wp\/v2\/categories?post=42671"},{"taxonomy":"post_tag","embeddable":true,"href":"https:\/\/www.evafm.net\/sitio\/wp-json\/wp\/v2\/tags?post=42671"}],"curies":[{"name":"wp","href":"https:\/\/api.w.org\/{rel}","templated":true}]}}