{"id":42866,"date":"2018-12-22T11:49:26","date_gmt":"2018-12-22T16:49:26","guid":{"rendered":"https:\/\/www.evafm.net\/sitio\/?p=42866"},"modified":"2018-12-22T11:49:39","modified_gmt":"2018-12-22T16:49:39","slug":"como-colombia-encontro-y-mato-a-alias-guacho","status":"publish","type":"post","link":"https:\/\/www.evafm.net\/sitio\/como-colombia-encontro-y-mato-a-alias-guacho\/","title":{"rendered":"C\u00f3mo Colombia encontr\u00f3 y mat\u00f3 a alias &#8216;Guacho&#8217;,"},"content":{"rendered":"\n<p>&#8216;<strong>Guacho<\/strong>&#8216;, el criminal m\u00e1s perseguido y temido en la frontera entre\u00a0<strong>Colombia<\/strong>\u00a0y\u00a0<strong>Ecuador<\/strong>\u00a0y responsable del asesinato de tres periodistas ecuatorianos y del env\u00edo de toneladas de coca por el oc\u00e9ano Pac\u00edfico, muri\u00f3 en la tarde del viernes en una operaci\u00f3n combinada de polic\u00eda, el ej\u00e9rcito y el Cuerpo T\u00e9cnico de Investigaci\u00f3n (CTI) de la Fiscal\u00eda de\u00a0<strong>Colombia<\/strong>.<\/p>\n\n\n\n<p>El presidente\u00a0Iv\u00e1n Duque\u00a0confirm\u00f3 en la noche del viernes la muerte del jefe de las disidencias de las FARC en las selvas de Llorente, municipio de Tumaco, en Nari\u00f1o.<\/p>\n\n\n\n<p> Es la misma zona donde est\u00e1 el mayor enclave coquero del pa\u00eds y desde donde este hombre, que apenas hace poco m\u00e1s de un a\u00f1o era desconocido para los colombianos, se convirti\u00f3 en uno de los principales capos de la droga. <\/p>\n\n\n\n<p>En las \u00faltimas horas trascendi\u00f3 que el sector donde se refugiaba el capo era una zona de esteros, cercana al mar, en la que incluso se dieron los combates de septiembre en los que se cre\u00eda que&nbsp;<strong>Guacho&nbsp;<\/strong>hab\u00eda sido dado de baja, o herido de gravedad. Ahora se sabe que nunca sali\u00f3 del sector, ni tampoco los hombres de la Fuerza P\u00fablica que lo cercaban y que ayer en medio de nuevos enfrentamientos lograron derribar a&nbsp;<strong>Guacho&nbsp;<\/strong>con el certero disparo de un francotirador.<\/p>\n\n\n\n<p>Tras los combates quedaron en el sitio dos cuerpos. Uno de ellos era el de\u00a0<strong>Walter Patricio Arizala<\/strong>, nombre de pila de alias\u00a0<strong>Guacho\u00a0<\/strong>(que tambi\u00e9n hab\u00eda sido identificado como Luis Alfredo Jim\u00e9nez Pai), jefe de una banda que se hac\u00eda llamar Frente Oliver Sinisterra y que estaba plenamente dedicada al narcotr\u00e1fico.<\/p>\n\n\n\n<p>La noticia se confirm\u00f3 tras la plena identificaci\u00f3n, que se realiz\u00f3 en Tumaco, a donde los cad\u00e1veres fueron trasladados en helic\u00f3ptero.<\/p>\n\n\n\n<p>Aunque se mov\u00eda en una zona azotada por la pobreza,&nbsp;<strong>Guacho<\/strong>fue encontrado con elementos de lujo en su vestimenta, como sus botas, el reloj que usaba y su tel\u00e9fono celular.<\/p>\n\n\n\n<p>\u00abEl Tiempo\u00bb confirm\u00f3 que la operaci\u00f3n de rastreo incluy\u00f3 la interceptaci\u00f3n de al menos 120 l\u00edneas celulares y el reclutamiento de 15 personas de la regi\u00f3n que ten\u00edan acceso a la zona rural por donde se mov\u00eda &#8216;<strong>Guacho<\/strong>&#8216;.<\/p>\n\n\n\n<p>Con esa informaci\u00f3n, recabada por el CTI de la Fiscal\u00eda, se logr\u00f3 establecer 16 zonas en las que el capo y su segundo al mando, alias &#8216;Pitufo&#8217;, se mov\u00edan con frecuencia.<\/p>\n\n\n\n<p>Tres fuentes humanas fueron claves para establecer algunas de las rutinas del grupo criminal y adem\u00e1s para ubicar y desmantelar varios laboratorios de droga.<\/p>\n\n\n\n<p>La presi\u00f3n sobre sus finanzas llev\u00f3 a&nbsp;<strong>Guacho&nbsp;<\/strong>a romper sus protocolos de seguridad y a utilizar canales no seguros, lo que permiti\u00f3 ubicarlo en Llorente. All\u00ed fue abatido por un certero disparo.<\/p>\n\n\n\n<p>En la ma\u00f1ana del viernes el ministro de la Defensa, Guillermo Botero, hab\u00eda se\u00f1alado que el pasado 15 de setiembre &#8216;<strong>Guacho<\/strong>&#8216; se salv\u00f3 de morir porque a pesar de haber sido impactado por un francotirador, lo salv\u00f3 un chaleco blindado.<\/p>\n\n\n\n<p>A &#8216;<strong>Guacho<\/strong>&#8216; se le sindica del asesinato de cuatro infantes de marina en territorio ecuatoriano, (marzo del 2018), el secuestro y posterior asesinato de tres periodistas de \u00abEl Comercio\u00bb de Quito (abril del 2018), el secuestro y posterior asesinato de una pareja de ecuatorianos (abril del 2018) y el asesinato de tres funcionarios del CTI (junio del 2018), entre otros cr\u00edmenes.<\/p>\n\n\n\n<p>De igual forma, se le acusa de enviar toneladas de coca\u00edna hacia Centroam\u00e9rica y Estados Unidos, ya que es uno de los grandes proveedores del C\u00e1rtel de Sinaloa.<\/p>\n\n\n\n<p><em>Amenaza binacional<\/em><\/p>\n\n\n\n<p>Alias&nbsp;<strong>Guacho<\/strong>, de 29 a\u00f1os, fue integrante de la columna m\u00f3vil Daniel Aldana y del frente 29 de las FARC. Ingres\u00f3 a los 17 a\u00f1os a la guerrilla, donde tuvo entrenamiento como explosivista.<\/p>\n\n\n\n<p>Tras la desmovilizaci\u00f3n de esa guerrilla decidi\u00f3 seguir en la guerra y el narcotr\u00e1fico.<\/p>\n\n\n\n<p>En octubre del 2017, por primera vez el pa\u00eds oy\u00f3 su alias. &#8216;<strong>Guacho<\/strong>\u2019 fue el cerebro de una violenta asonada e Nari\u00f1o contra la erradicaci\u00f3n de coca que termin\u00f3 con la muerte de seis cocaleros. La justicia se\u00f1al\u00f3 que sus hombres dispararon indiscriminadamente contra los campesinos y polic\u00edas.<\/p>\n\n\n\n<p>Logr\u00f3 consolidar una banda de al menos 180 hombres, y libr\u00f3 por mucho tiempo una guerra territorial con los hombres del tambi\u00e9n abatido &#8216;David&#8217;, jefe de de las &#8216;Guerrillas Unidas del Pac\u00edfico&#8217; en Tumaco.<\/p>\n\n\n\n<p>Ten\u00eda 3 \u00f3rdenes de captura por los delitos de homicidio agravado y concierto para delinquir, adem\u00e1s de dos circulares rojas de Interpol solicitadas por Ecuador y Colombia.<\/p>\n\n\n\n<p>En el vecino pa\u00eds perpetr\u00f3 varios atentados buscando bajar la presi\u00f3n de las autoridades en su contra. Y ese plan tuvo su m\u00e1xima expresi\u00f3n con el secuestro y posterior asesinato de los tres miembros del equipo period\u00edstico de \u00abEl Comercio\u00bb de Quito, a quienes pretendi\u00f3 canjear por algunas de sus fichas criminales que hab\u00edan sido capturadas.<\/p>\n\n\n\n<p>Pocos minutos despu\u00e9s del anuncio de Duque, los familiares de los periodistas asesinados emitieron un comunicado en el que lamentaron que el disidente haya sido abatido en vez de capturado. \u00abMueren tambi\u00e9n las posibilidades de acceder a la informaci\u00f3n que pose\u00eda no solo sobre lo que ocurri\u00f3 con Pa\u00fal, Javier y Efra\u00edn, sino tambi\u00e9n con \u00d3scar Villac\u00eds y Katty Velasco y sobre los v\u00ednculos entre las organizaciones narcodelictivas y la institucionalidad ecuatoriana\u00bb, dijeron.<\/p>\n\n\n\n<p>Estas \u00f3rdenes de captura internacional contra&nbsp;<strong>Guacho&nbsp;<\/strong>estaban fundamentadas en el secuestro y posterior asesinato de del periodista Javier Ortega, del fot\u00f3grafo Pa\u00fal Rivas y del conductor Efra\u00edn Segarra, todos vinculados al diario \u00abEl Comercio\u00bb, de Ecuador.<\/p>\n\n\n\n<p>En Ecuador logr\u00f3 tambi\u00e9n una profunda infiltraci\u00f3n en las fuerzas de seguridad que a\u00fan est\u00e1 siendo investigada por la justicia.<\/p>\n\n\n\n<p>Tambi\u00e9n se le responsabiliz\u00f3 por el secuestro y asesinato de la pareja de ecuatorianos \u00d3scar Villac\u00eds y Katty Velasco. Por estos cinco asesinatos lo calificaron como el hombre m\u00e1s buscado de Ecuador.<\/p>\n\n\n\n<p>Tras la fallida operaci\u00f3n de septiembre, al menos 3.000 uniformados estaban tras su rastro. La b\u00fasqueda termin\u00f3 este viernes.<\/p>\n\n\n\n<figure class=\"wp-block-embed-twitter wp-block-embed is-type-rich is-provider-twitter\"><div class=\"wp-block-embed__wrapper\">\n<blockquote class=\"twitter-tweet\" data-width=\"550\" data-dnt=\"true\"><p lang=\"es\" dir=\"ltr\">As\u00ed confirm\u00f3 el presidente Iv\u00e1n Duque la muerte de alias &#39;Guacho&#39; en combates en Nari\u00f1o <a href=\"https:\/\/twitter.com\/hashtag\/TuMundoHoy?src=hash&amp;ref_src=twsrc%5Etfw\">#TuMundoHoy<\/a> <a href=\"https:\/\/t.co\/4kWUkGHi8w\">pic.twitter.com\/4kWUkGHi8w<\/a><\/p>&mdash; Canal Citytv (@Citytv) <a href=\"https:\/\/twitter.com\/Citytv\/status\/1076302378297643015?ref_src=twsrc%5Etfw\">December 22, 2018<\/a><\/blockquote><script async src=\"https:\/\/platform.twitter.com\/widgets.js\" charset=\"utf-8\"><\/script>\n<\/div><\/figure>\n\n\n\n<p>Fuente: \u00abEl Tiempo\u00bb de Colombia, GDA<\/p>\n\n\n\n<p><\/p>\n\n\n\n<p>Fuente: elcomercio.pe<\/p>\n<div class=\"gsp_post_data\" \r\n\t            data-post_type=\"post\" \r\n\t            data-cat=\"general,noticias-internacionales\" \r\n\t            data-modified=\"120\"\r\n\t            data-created=\"1545479366\"\r\n\t            data-title=\"C\u00f3mo Colombia encontr\u00f3 y mat\u00f3 a alias &#8216;Guacho&#8217;,\" \r\n\t            data-home=\"https:\/\/www.evafm.net\/sitio\"><\/div>","protected":false},"excerpt":{"rendered":"<p>&#8216;Guacho&#8216;, el criminal m\u00e1s perseguido y temido en la frontera entre\u00a0Colombia\u00a0y\u00a0Ecuador\u00a0y responsable del asesinato de tres periodistas ecuatorianos y del env\u00edo de toneladas de coca por el oc\u00e9ano Pac\u00edfico, muri\u00f3 en la tarde del viernes en una operaci\u00f3n combinada de polic\u00eda, el ej\u00e9rcito y el Cuerpo T\u00e9cnico de Investigaci\u00f3n (CTI) de la Fiscal\u00eda de\u00a0Colombia. El&#8230;<\/p>\n","protected":false},"author":5,"featured_media":42868,"comment_status":"closed","ping_status":"open","sticky":false,"template":"","format":"standard","meta":{"_joinchat":[],"footnotes":""},"categories":[1720,1345],"tags":[],"class_list":["post-42866","post","type-post","status-publish","format-standard","has-post-thumbnail","hentry","category-general","category-noticias-internacionales","have-post-thumb"],"_links":{"self":[{"href":"https:\/\/www.evafm.net\/sitio\/wp-json\/wp\/v2\/posts\/42866","targetHints":{"allow":["GET"]}}],"collection":[{"href":"https:\/\/www.evafm.net\/sitio\/wp-json\/wp\/v2\/posts"}],"about":[{"href":"https:\/\/www.evafm.net\/sitio\/wp-json\/wp\/v2\/types\/post"}],"author":[{"embeddable":true,"href":"https:\/\/www.evafm.net\/sitio\/wp-json\/wp\/v2\/users\/5"}],"replies":[{"embeddable":true,"href":"https:\/\/www.evafm.net\/sitio\/wp-json\/wp\/v2\/comments?post=42866"}],"version-history":[{"count":1,"href":"https:\/\/www.evafm.net\/sitio\/wp-json\/wp\/v2\/posts\/42866\/revisions"}],"predecessor-version":[{"id":42869,"href":"https:\/\/www.evafm.net\/sitio\/wp-json\/wp\/v2\/posts\/42866\/revisions\/42869"}],"wp:featuredmedia":[{"embeddable":true,"href":"https:\/\/www.evafm.net\/sitio\/wp-json\/wp\/v2\/media\/42868"}],"wp:attachment":[{"href":"https:\/\/www.evafm.net\/sitio\/wp-json\/wp\/v2\/media?parent=42866"}],"wp:term":[{"taxonomy":"category","embeddable":true,"href":"https:\/\/www.evafm.net\/sitio\/wp-json\/wp\/v2\/categories?post=42866"},{"taxonomy":"post_tag","embeddable":true,"href":"https:\/\/www.evafm.net\/sitio\/wp-json\/wp\/v2\/tags?post=42866"}],"curies":[{"name":"wp","href":"https:\/\/api.w.org\/{rel}","templated":true}]}}