{"id":42874,"date":"2018-12-22T12:33:01","date_gmt":"2018-12-22T17:33:01","guid":{"rendered":"https:\/\/www.evafm.net\/sitio\/?p=42874"},"modified":"2018-12-22T12:33:16","modified_gmt":"2018-12-22T17:33:16","slug":"renovacion-de-futbolistas-experimentados-de-emelec-entra-a-analisis","status":"publish","type":"post","link":"https:\/\/www.evafm.net\/sitio\/renovacion-de-futbolistas-experimentados-de-emelec-entra-a-analisis\/","title":{"rendered":"Renovaci\u00f3n de futbolistas experimentados de Emelec entra a an\u00e1lisis"},"content":{"rendered":"\n<p>La renovaci\u00f3n de los contratos de cinco de los futbolistas m\u00e1s experimentados en&nbsp;<strong>Emelec&nbsp;<\/strong>entr\u00f3 en an\u00e1lisis, a cargo de la directiva azul, una vez finalizado el torneo nacional de este a\u00f1o.<\/p>\n\n\n\n<p><strong>Esteban Dreer<\/strong>&nbsp;es uno de ellos. El guardameta de 37 a\u00f1os lleg\u00f3 al club en 2012 y fue reci\u00e9n en 2014 cuando disput\u00f3 la vasta mayor\u00eda de los partidos del campeonato (37), adue\u00f1\u00e1ndose de la titularidad. Al golero argentino nacionalizado ecuatoriano le resta un a\u00f1o de v\u00ednculo contractual con los azules y su continuidad ser\u00eda ratificada.<\/p>\n\n\n\n<p>Un caso similar es el de&nbsp;<strong>Marcos Mondaini<\/strong>, quien dos a\u00f1os atr\u00e1s renov\u00f3 hasta la campa\u00f1a que reci\u00e9n acab\u00f3 y cuyo contrato contaba con una cl\u00e1usula que permit\u00eda extenderlo con miras a la temporada del 2019.<\/p>\n\n\n\n<p>En tanto, este Diario pudo conocer que por parte de Emelec existe la intenci\u00f3n de renovar a<strong>&nbsp;Pedro Qui\u00f1\u00f3nez<\/strong>, elemento del gusto del entrenador Mariano Soso y cuya relaci\u00f3n laboral con los el\u00e9ctricos fenece el pr\u00f3ximo 31 de diciembre.<\/p>\n\n\n\n<p>Los casos de&nbsp;<strong>Jorge Guagua<\/strong>&nbsp;y&nbsp;<strong>Osbaldo Lastra<\/strong>, ambos relegados al banquillo por el actual t\u00e9cnico azul, se debaten y a\u00fan no se confirma su permanencia en el estelar millonario.<\/p>\n\n\n\n<h3 class=\"wp-block-heading\"><strong>Vega y Queiroz se suben<\/strong><\/h3>\n\n\n\n<p>Emelec pretende adquirir los pases de\u00a0<strong>Leandro Vega<\/strong>\u00a0y\u00a0<strong>Nicol\u00e1s Queiroz<\/strong>, futbolistas que ya vistieron la casaca azul en el \u00faltimo semestre a modo de pr\u00e9stamo de sus clubes de origen.<\/p>\n\n\n\n<p>El zaguero argentino y el mediocentro uruguayo, ambos de 22 a\u00f1os, se unieron al plantel millonario en julio pasado y disputaron 24 y 21 juegos, respectivamente, en el campeonato ecuatoriano; la vasta mayor\u00eda, como titulares.<\/p>\n\n\n\n<p>La directiva de los el\u00e9ctricos buscar\u00e1 llegar a un acuerdo por Vega con River Plate de Argentino, mientras que por Queiroz deber\u00e1 negociar con Montevideo Wanderers.\u00a0<strong>(D)<\/strong><\/p>\n\n\n\n<figure class=\"wp-block-image\"><img decoding=\"async\" src=\"https:\/\/www.eluniverso.com\/sites\/default\/files\/styles\/powgallery_1024\/public\/fotos\/2018\/12\/15448612.jpg?itok=6uzKuysb\" alt=\"Renovaci\u00c3\u00b3n de experimentados entra a an\u00c3\u00a1lisis\" \/><\/figure>\n\n\n\n<figure class=\"wp-block-image\"><img decoding=\"async\" src=\"https:\/\/www.eluniverso.com\/sites\/default\/files\/styles\/powgallery_1024\/public\/fotos\/2018\/12\/15448613.jpg?itok=97RG2qww\" alt=\"Renovaci\u00c3\u00b3n de experimentados entra a an\u00c3\u00a1lisis\" \/><\/figure>\n\n\n\n<p>Fuente: eluniverso.com<\/p>\n<div class=\"gsp_post_data\" \r\n\t            data-post_type=\"post\" \r\n\t            data-cat=\"deportes-ecuador\" \r\n\t            data-modified=\"120\"\r\n\t            data-created=\"1545481981\"\r\n\t            data-title=\"Renovaci\u00f3n de futbolistas experimentados de Emelec entra a an\u00e1lisis\" \r\n\t            data-home=\"https:\/\/www.evafm.net\/sitio\"><\/div>","protected":false},"excerpt":{"rendered":"<p>La renovaci\u00f3n de los contratos de cinco de los futbolistas m\u00e1s experimentados en&nbsp;Emelec&nbsp;entr\u00f3 en an\u00e1lisis, a cargo de la directiva azul, una vez finalizado el torneo nacional de este a\u00f1o. Esteban Dreer&nbsp;es uno de ellos. El guardameta de 37 a\u00f1os lleg\u00f3 al club en 2012 y fue reci\u00e9n en 2014 cuando disput\u00f3 la vasta mayor\u00eda&#8230;<\/p>\n","protected":false},"author":5,"featured_media":42875,"comment_status":"closed","ping_status":"open","sticky":false,"template":"","format":"standard","meta":{"_joinchat":[],"footnotes":""},"categories":[1557],"tags":[],"class_list":["post-42874","post","type-post","status-publish","format-standard","has-post-thumbnail","hentry","category-deportes-ecuador","have-post-thumb"],"_links":{"self":[{"href":"https:\/\/www.evafm.net\/sitio\/wp-json\/wp\/v2\/posts\/42874","targetHints":{"allow":["GET"]}}],"collection":[{"href":"https:\/\/www.evafm.net\/sitio\/wp-json\/wp\/v2\/posts"}],"about":[{"href":"https:\/\/www.evafm.net\/sitio\/wp-json\/wp\/v2\/types\/post"}],"author":[{"embeddable":true,"href":"https:\/\/www.evafm.net\/sitio\/wp-json\/wp\/v2\/users\/5"}],"replies":[{"embeddable":true,"href":"https:\/\/www.evafm.net\/sitio\/wp-json\/wp\/v2\/comments?post=42874"}],"version-history":[{"count":1,"href":"https:\/\/www.evafm.net\/sitio\/wp-json\/wp\/v2\/posts\/42874\/revisions"}],"predecessor-version":[{"id":42876,"href":"https:\/\/www.evafm.net\/sitio\/wp-json\/wp\/v2\/posts\/42874\/revisions\/42876"}],"wp:featuredmedia":[{"embeddable":true,"href":"https:\/\/www.evafm.net\/sitio\/wp-json\/wp\/v2\/media\/42875"}],"wp:attachment":[{"href":"https:\/\/www.evafm.net\/sitio\/wp-json\/wp\/v2\/media?parent=42874"}],"wp:term":[{"taxonomy":"category","embeddable":true,"href":"https:\/\/www.evafm.net\/sitio\/wp-json\/wp\/v2\/categories?post=42874"},{"taxonomy":"post_tag","embeddable":true,"href":"https:\/\/www.evafm.net\/sitio\/wp-json\/wp\/v2\/tags?post=42874"}],"curies":[{"name":"wp","href":"https:\/\/api.w.org\/{rel}","templated":true}]}}