{"id":42877,"date":"2018-12-22T12:47:47","date_gmt":"2018-12-22T17:47:47","guid":{"rendered":"https:\/\/www.evafm.net\/sitio\/?p=42877"},"modified":"2018-12-22T12:47:59","modified_gmt":"2018-12-22T17:47:59","slug":"wilmer-godoy-primer-refuerzo-de-emelec-para-el-2019","status":"publish","type":"post","link":"https:\/\/www.evafm.net\/sitio\/wilmer-godoy-primer-refuerzo-de-emelec-para-el-2019\/","title":{"rendered":"Wilmer Godoy, primer refuerzo de Emelec para el 2019"},"content":{"rendered":"\n<p>El Club Sport Emelec anuncia la contrataci\u00f3n del volante ecuatoriano Wilmer Godoy, luego de que el club adquiri\u00f3 de manera definitiva los derechos deportivos del jugador, que llega procedente de la Universidad Cat\u00f3lica.<\/p>\n\n\n\n<p>El contrato con el jugador es de 4 a\u00f1os y se integrar\u00e1 al plantel el\u00e9ctrico para la temporada 2019, reforzando la plantilla que afrontar\u00e1 los diferentes torneos en el a\u00f1o (Liga Pro, Copa Libertadores, Copa Ecuador).<\/p>\n\n\n\n<p>Con 25 a\u00f1os de edad fue uno de los volantes centrales m\u00e1s destacados del torneo 2018.<\/p>\n\n\n\n<p>Emelec debutar\u00e1 el pr\u00f3ximo 7 de marzo en la fase de grupos de la Copa Libertadores de Am\u00e9rica-2019. Su primer encuentro ser\u00e1 como visitante en territorio venezolano.<\/p>\n\n\n\n<p>El subcampe\u00f3n ecuatoriano qued\u00f3 ubicado en el Grupo B junto al Cruzeiro de Brasil, Hurac\u00e1n de Argentina y Deportivo Lara de Venezuela.<\/p>\n\n\n\n<p>La sexag\u00e9sima edici\u00f3n de la Libertadores contar\u00e1 con 47 clubes y el t\u00edtulo se dirimir\u00e1 en un solo partido previsto el 23 de noviembre en el estadio Nacional de Santiago de Chile.<\/p>\n\n\n\n<figure class=\"wp-block-embed-twitter wp-block-embed is-type-rich is-provider-twitter\"><div class=\"wp-block-embed__wrapper\">\nhttps:\/\/twitter.com\/wilmergodoy37tw\/status\/1076342007679905792\n<\/div><\/figure>\n\n\n\n<p><\/p>\n\n\n\n<p>Fuente: eluniverso.com &#8211; twitter.com<\/p>\n<div class=\"gsp_post_data\" \r\n\t            data-post_type=\"post\" \r\n\t            data-cat=\"deportes-ecuador,general\" \r\n\t            data-modified=\"120\"\r\n\t            data-created=\"1545482867\"\r\n\t            data-title=\"Wilmer Godoy, primer refuerzo de Emelec para el 2019\" \r\n\t            data-home=\"https:\/\/www.evafm.net\/sitio\"><\/div>","protected":false},"excerpt":{"rendered":"<p>El Club Sport Emelec anuncia la contrataci\u00f3n del volante ecuatoriano Wilmer Godoy, luego de que el club adquiri\u00f3 de manera definitiva los derechos deportivos del jugador, que llega procedente de la Universidad Cat\u00f3lica. El contrato con el jugador es de 4 a\u00f1os y se integrar\u00e1 al plantel el\u00e9ctrico para la temporada 2019, reforzando la plantilla&#8230;<\/p>\n","protected":false},"author":5,"featured_media":42881,"comment_status":"closed","ping_status":"open","sticky":false,"template":"","format":"standard","meta":{"_joinchat":[],"footnotes":""},"categories":[1557,1720],"tags":[],"class_list":["post-42877","post","type-post","status-publish","format-standard","has-post-thumbnail","hentry","category-deportes-ecuador","category-general","have-post-thumb"],"_links":{"self":[{"href":"https:\/\/www.evafm.net\/sitio\/wp-json\/wp\/v2\/posts\/42877","targetHints":{"allow":["GET"]}}],"collection":[{"href":"https:\/\/www.evafm.net\/sitio\/wp-json\/wp\/v2\/posts"}],"about":[{"href":"https:\/\/www.evafm.net\/sitio\/wp-json\/wp\/v2\/types\/post"}],"author":[{"embeddable":true,"href":"https:\/\/www.evafm.net\/sitio\/wp-json\/wp\/v2\/users\/5"}],"replies":[{"embeddable":true,"href":"https:\/\/www.evafm.net\/sitio\/wp-json\/wp\/v2\/comments?post=42877"}],"version-history":[{"count":1,"href":"https:\/\/www.evafm.net\/sitio\/wp-json\/wp\/v2\/posts\/42877\/revisions"}],"predecessor-version":[{"id":42882,"href":"https:\/\/www.evafm.net\/sitio\/wp-json\/wp\/v2\/posts\/42877\/revisions\/42882"}],"wp:featuredmedia":[{"embeddable":true,"href":"https:\/\/www.evafm.net\/sitio\/wp-json\/wp\/v2\/media\/42881"}],"wp:attachment":[{"href":"https:\/\/www.evafm.net\/sitio\/wp-json\/wp\/v2\/media?parent=42877"}],"wp:term":[{"taxonomy":"category","embeddable":true,"href":"https:\/\/www.evafm.net\/sitio\/wp-json\/wp\/v2\/categories?post=42877"},{"taxonomy":"post_tag","embeddable":true,"href":"https:\/\/www.evafm.net\/sitio\/wp-json\/wp\/v2\/tags?post=42877"}],"curies":[{"name":"wp","href":"https:\/\/api.w.org\/{rel}","templated":true}]}}