{"id":42888,"date":"2018-12-22T13:23:12","date_gmt":"2018-12-22T18:23:12","guid":{"rendered":"https:\/\/www.evafm.net\/sitio\/?p=42888"},"modified":"2018-12-22T13:24:07","modified_gmt":"2018-12-22T18:24:07","slug":"gustavo-alfaro-se-despidio-de-huracan-y-solo-falta-que-firme-con-boca","status":"publish","type":"post","link":"https:\/\/www.evafm.net\/sitio\/gustavo-alfaro-se-despidio-de-huracan-y-solo-falta-que-firme-con-boca\/","title":{"rendered":"Gustavo Alfaro se despidi\u00f3 de Hurac\u00e1n y solo falta que firme con Boca"},"content":{"rendered":"\n<p>Ya no hay incertidumbre en cuanto al nombre del pr\u00f3ximo entrenador de Boca. Gustavo Alfaro, el hombre buscado por la dirigencia, oficializ\u00f3 desde M\u00e9xico su salida de Hurac\u00e1n y dio as\u00ed el pen\u00faltimo paso para convertirse en el reemplazante de Guillermo Barros Schelotto.<\/p>\n\n\n\n<p>\u201cEn esta etapa de cierre de mi carrera, soy convocado a un proyecto deportivo, por el cual desear\u00eda atravesar. S\u00e9 que esto no f\u00e1cil de entender o de aceptar cuando se analiza desde la pasi\u00f3n y no desde la raz\u00f3n. S\u00e9 que quedar\u00e1 gente dolida, defraudada o tal vez decepcionada\u201d, argument\u00f3 el entrenador al momento de justificar su salida del club de Parque de los Patricios y dejando claro que su destino es Boca.<\/p>\n\n\n\n<p>En el comunicado publicado en la cuenta de Twitter de Hurac\u00e1n, el DT rafaelino agradeci\u00f3 a la dirigencia, a los empleados del club en el que se desempe\u00f1\u00f3 durante los \u00faltimos 18 meses, a los futbolistas y a los simpatizantes.<\/p>\n\n\n\n<p>\u201cS\u00e9 que tal vez la pr\u00f3xima vez que nos crucemos las voces sean de insultos, son los costos de mi decisi\u00f3n. Esta no fue sencilla, cruzada de emociones y de sensaciones muy fuertes. Pero hoy con dolor siento que tengo que partir\u00bb, explic\u00f3 Alfaro.<\/p>\n\n\n\n<p>El pr\u00f3ximo paso ser\u00e1 el acuerdo del pago de un resarcimiento del DT al club con el que ten\u00eda contrato hasta el 30 de junio del a\u00f1o pr\u00f3ximo. Hurac\u00e1n no puso trabas para dejar partir a su conductor, aunque no\u00a0aceptar\u00e1 que esa salida sea gratuita.<\/p>\n\n\n\n<p>Con su desvinculaci\u00f3n encaminada, el entrenador de 56 a\u00f1os se sentar\u00e1 a negociar cara a cara con el presidente de Boca, Daniel Angelici, y el manager del club de la ribera, Nicol\u00e1s Burdisso, a su regreso a Buenos Aires. Con el ex defensor ya mantuvo un contacto telef\u00f3nico.<\/p>\n\n\n\n<p>En Boca conf\u00edan en que las gestiones no ser\u00e1n complejas ni se extiendan demasiado. La idea es oficializar su llegada el mi\u00e9rcoles pr\u00f3ximo y que su ciclo comience el 3 de enero, cuando los futbolistas regresen de las vacaciones para iniciar la pretemporada.<\/p>\n\n\n\n<p>Ahora la b\u00fasqueda se mudar\u00e1 de barrio. En Parque de los Patricios deber\u00e1n conseguir un DT que ocupe el lugar de Alfaro. En la carrera por la sucesi\u00f3n pica en punta un hombre de la casa: Antonio Mohamed. El Turco, de \u00faltimo paso por Celta de Vigo, podr\u00eda acordar su llegada durante el fin de semana.<\/p>\n\n\n\n<p>Como alternativas, aunque un par de pasos atr\u00e1s, el presidente Alejandro Nadur baraja los nombres de Omar De Felippe y Frank Kudelka, quien ya ocup\u00f3 el banco del Globo.<\/p>\n\n\n\n<figure class=\"wp-block-embed-twitter wp-block-embed is-type-rich is-provider-twitter\"><div class=\"wp-block-embed__wrapper\">\n<blockquote class=\"twitter-tweet\" data-width=\"550\" data-dnt=\"true\"><p lang=\"es\" dir=\"ltr\"><a href=\"https:\/\/twitter.com\/hashtag\/Hurac%C3%A1n?src=hash&amp;ref_src=twsrc%5Etfw\">#Hurac\u00e1n<\/a> \ud83c\udf88 La decisi\u00f3n final de Gustavo Alfaro.<a href=\"https:\/\/t.co\/3rx8QgqTZB\">https:\/\/t.co\/3rx8QgqTZB<\/a> <a href=\"https:\/\/t.co\/NN0z7hOiqT\">pic.twitter.com\/NN0z7hOiqT<\/a><\/p>&mdash; CA Hurac\u00e1n (@CAHuracan) <a href=\"https:\/\/twitter.com\/CAHuracan\/status\/1076281350855016448?ref_src=twsrc%5Etfw\">December 22, 2018<\/a><\/blockquote><script async src=\"https:\/\/platform.twitter.com\/widgets.js\" charset=\"utf-8\"><\/script>\n<\/div><\/figure>\n\n\n\n<p>Fuente: elclarin.com &#8211; twitter.com<\/p>\n<div class=\"gsp_post_data\" \r\n\t            data-post_type=\"post\" \r\n\t            data-cat=\"deportes-internacionales\" \r\n\t            data-modified=\"120\"\r\n\t            data-created=\"1545484992\"\r\n\t            data-title=\"Gustavo Alfaro se despidi\u00f3 de Hurac\u00e1n y solo falta que firme con Boca\" \r\n\t            data-home=\"https:\/\/www.evafm.net\/sitio\"><\/div>","protected":false},"excerpt":{"rendered":"<p>Ya no hay incertidumbre en cuanto al nombre del pr\u00f3ximo entrenador de Boca. Gustavo Alfaro, el hombre buscado por la dirigencia, oficializ\u00f3 desde M\u00e9xico su salida de Hurac\u00e1n y dio as\u00ed el pen\u00faltimo paso para convertirse en el reemplazante de Guillermo Barros Schelotto. \u201cEn esta etapa de cierre de mi carrera, soy convocado a un&#8230;<\/p>\n","protected":false},"author":5,"featured_media":42890,"comment_status":"closed","ping_status":"open","sticky":false,"template":"","format":"standard","meta":{"_joinchat":[],"footnotes":""},"categories":[1342],"tags":[],"class_list":["post-42888","post","type-post","status-publish","format-standard","has-post-thumbnail","hentry","category-deportes-internacionales","have-post-thumb"],"_links":{"self":[{"href":"https:\/\/www.evafm.net\/sitio\/wp-json\/wp\/v2\/posts\/42888","targetHints":{"allow":["GET"]}}],"collection":[{"href":"https:\/\/www.evafm.net\/sitio\/wp-json\/wp\/v2\/posts"}],"about":[{"href":"https:\/\/www.evafm.net\/sitio\/wp-json\/wp\/v2\/types\/post"}],"author":[{"embeddable":true,"href":"https:\/\/www.evafm.net\/sitio\/wp-json\/wp\/v2\/users\/5"}],"replies":[{"embeddable":true,"href":"https:\/\/www.evafm.net\/sitio\/wp-json\/wp\/v2\/comments?post=42888"}],"version-history":[{"count":2,"href":"https:\/\/www.evafm.net\/sitio\/wp-json\/wp\/v2\/posts\/42888\/revisions"}],"predecessor-version":[{"id":42892,"href":"https:\/\/www.evafm.net\/sitio\/wp-json\/wp\/v2\/posts\/42888\/revisions\/42892"}],"wp:featuredmedia":[{"embeddable":true,"href":"https:\/\/www.evafm.net\/sitio\/wp-json\/wp\/v2\/media\/42890"}],"wp:attachment":[{"href":"https:\/\/www.evafm.net\/sitio\/wp-json\/wp\/v2\/media?parent=42888"}],"wp:term":[{"taxonomy":"category","embeddable":true,"href":"https:\/\/www.evafm.net\/sitio\/wp-json\/wp\/v2\/categories?post=42888"},{"taxonomy":"post_tag","embeddable":true,"href":"https:\/\/www.evafm.net\/sitio\/wp-json\/wp\/v2\/tags?post=42888"}],"curies":[{"name":"wp","href":"https:\/\/api.w.org\/{rel}","templated":true}]}}