{"id":42893,"date":"2018-12-22T13:30:22","date_gmt":"2018-12-22T18:30:22","guid":{"rendered":"https:\/\/www.evafm.net\/sitio\/?p=42893"},"modified":"2018-12-22T13:30:36","modified_gmt":"2018-12-22T18:30:36","slug":"quien-es-el-proximo-directivo-de-barcelona-que-renunciara","status":"publish","type":"post","link":"https:\/\/www.evafm.net\/sitio\/quien-es-el-proximo-directivo-de-barcelona-que-renunciara\/","title":{"rendered":"\u00bfQui\u00e9n es el pr\u00f3ximo directivo de Barcelona que renunciar\u00e1?"},"content":{"rendered":"\n<p>\u201cEstar en&nbsp;<strong>Barcelona&nbsp;<\/strong>es para valientes; quien no tenga valent\u00eda, tiene las puertas abiertas\u201d. Ese es el mensaje que&nbsp;<strong>Jos\u00e9 Francisco Cevallos<\/strong>&nbsp;ha llevado como bandera en el club canario, instituci\u00f3n de la que, no obstante, ya dieron un paso al costado 11 directivos que iniciaron, en el 2015, con la actual administraci\u00f3n que el exgolero preside.<\/p>\n\n\n\n<p><strong>Carlos Alfaro Moreno<\/strong>, \u00eddolo en su etapa de futbolista con los toreros,\u00a0se convirti\u00f3 en el m\u00e1s reciente dirigente \u2013y el de mayor peso\u2013 que renunci\u00f3, en este caso, a la vicepresidencia deportiva del equipo amarillo. Se trata de un escenario \u201ct\u00e9trico\u201d y que plantea \u201cun c\u00famulo de interrogantes de lo que pueda ocurrir en Barcelona\u201d, seg\u00fan estimaron especialistas.<\/p>\n\n\n\n<p>Para Paco \u00c1lvarez, comentarista de radio&nbsp;<em>Caravana<\/em>, \u201capostar por el proyecto (de Cevallos) en el tiempo que resta (del vigente per\u00edodo administrativo, al que le falta un a\u00f1o) es como jugar a la loter\u00eda: no se sabe ya qu\u00e9 va a pasar (a nivel de la dirigencia canaria)\u201d.<\/p>\n\n\n\n<p>La renuncia de Alfaro Moreno es la segunda que se da en Barcelona una vez finalizado el campeonato nacional de este a\u00f1o, luego de que\u00a0<strong>Aquiles \u00c1lvarez<\/strong>, extitular de la Comisi\u00f3n de F\u00fatbol, dej\u00f3 el cargo.<\/p>\n\n\n\n<h3 class=\"wp-block-heading\">&#8216;Ep\u00edlogo de un malestar interno&#8217;<\/h3>\n\n\n\n<p>Aquello es el \u201cep\u00edlogo de un malestar interno\u201d en la dirigencia torera, a criterio de&nbsp;<strong>Mario Canessa<\/strong>, de radio&nbsp;<em>Dibl\u00fa<\/em>.<\/p>\n\n\n\n<p>\u201cHa habido un descontento por la desinformaci\u00f3n econ\u00f3mica, del manejo futbol\u00edstico, de la incorporaci\u00f3n de jugadores sin criterio y con especulaci\u00f3n. Se ha demostrado que la relaci\u00f3n (de los dirigentes que asumieron en 2015) est\u00e1 quebrada desde hace tiempo\u201d, exterioriz\u00f3 el radiodifusor el mi\u00e9rcoles, en di\u00e1logo con radio\u00a0<em>City<\/em>.<\/p>\n\n\n\n<p>En este marco, cit\u00f3 informaci\u00f3n de que \u201cel otro vicepresidente (<strong>Juan Alfredo Cuentas<\/strong>, financiero) tambi\u00e9n estar\u00eda por irse, un problema que ser\u00eda muy serio. El cuadro no puede ser m\u00e1s t\u00e9trico. No s\u00e9 si Cevallos est\u00e9 en capacidad de poder resolver todos los problemas en la soledad que tiene.\u201d.<\/p>\n\n\n\n<p>Para \u00c1lvarez, en tanto, la salida de Alfaro Moreno \u201ces una p\u00e9rdida irreparable por lo que significa para la historia de Barcelona\u201d; por eso, \u201cser\u00e1 dif\u00edcil suplirle en sus funciones\u201d.<\/p>\n\n\n\n<p>Finalmente, se anim\u00f3 a exteriorizar que el exatacante \u201ctiene el perfil adecuado para ser en poco tiempo el principal postulante para captar la dirigencia de Barcelona\u201d.<\/p>\n\n\n\n<p>Fuente: eluniverso.com<\/p>\n<div class=\"gsp_post_data\" \r\n\t            data-post_type=\"post\" \r\n\t            data-cat=\"deportes-ecuador\" \r\n\t            data-modified=\"120\"\r\n\t            data-created=\"1545485422\"\r\n\t            data-title=\"\u00bfQui\u00e9n es el pr\u00f3ximo directivo de Barcelona que renunciar\u00e1?\" \r\n\t            data-home=\"https:\/\/www.evafm.net\/sitio\"><\/div>","protected":false},"excerpt":{"rendered":"<p>\u201cEstar en&nbsp;Barcelona&nbsp;es para valientes; quien no tenga valent\u00eda, tiene las puertas abiertas\u201d. Ese es el mensaje que&nbsp;Jos\u00e9 Francisco Cevallos&nbsp;ha llevado como bandera en el club canario, instituci\u00f3n de la que, no obstante, ya dieron un paso al costado 11 directivos que iniciaron, en el 2015, con la actual administraci\u00f3n que el exgolero preside. Carlos Alfaro&#8230;<\/p>\n","protected":false},"author":5,"featured_media":42894,"comment_status":"closed","ping_status":"open","sticky":false,"template":"","format":"standard","meta":{"_joinchat":[],"footnotes":""},"categories":[1557],"tags":[],"class_list":["post-42893","post","type-post","status-publish","format-standard","has-post-thumbnail","hentry","category-deportes-ecuador","have-post-thumb"],"_links":{"self":[{"href":"https:\/\/www.evafm.net\/sitio\/wp-json\/wp\/v2\/posts\/42893","targetHints":{"allow":["GET"]}}],"collection":[{"href":"https:\/\/www.evafm.net\/sitio\/wp-json\/wp\/v2\/posts"}],"about":[{"href":"https:\/\/www.evafm.net\/sitio\/wp-json\/wp\/v2\/types\/post"}],"author":[{"embeddable":true,"href":"https:\/\/www.evafm.net\/sitio\/wp-json\/wp\/v2\/users\/5"}],"replies":[{"embeddable":true,"href":"https:\/\/www.evafm.net\/sitio\/wp-json\/wp\/v2\/comments?post=42893"}],"version-history":[{"count":1,"href":"https:\/\/www.evafm.net\/sitio\/wp-json\/wp\/v2\/posts\/42893\/revisions"}],"predecessor-version":[{"id":42895,"href":"https:\/\/www.evafm.net\/sitio\/wp-json\/wp\/v2\/posts\/42893\/revisions\/42895"}],"wp:featuredmedia":[{"embeddable":true,"href":"https:\/\/www.evafm.net\/sitio\/wp-json\/wp\/v2\/media\/42894"}],"wp:attachment":[{"href":"https:\/\/www.evafm.net\/sitio\/wp-json\/wp\/v2\/media?parent=42893"}],"wp:term":[{"taxonomy":"category","embeddable":true,"href":"https:\/\/www.evafm.net\/sitio\/wp-json\/wp\/v2\/categories?post=42893"},{"taxonomy":"post_tag","embeddable":true,"href":"https:\/\/www.evafm.net\/sitio\/wp-json\/wp\/v2\/tags?post=42893"}],"curies":[{"name":"wp","href":"https:\/\/api.w.org\/{rel}","templated":true}]}}