{"id":42896,"date":"2018-12-23T16:45:21","date_gmt":"2018-12-23T21:45:21","guid":{"rendered":"https:\/\/www.evafm.net\/sitio\/?p=42896"},"modified":"2018-12-23T16:45:37","modified_gmt":"2018-12-23T21:45:37","slug":"humillan-a-kate-del-castillo-por-promocionar-su-tequila","status":"publish","type":"post","link":"https:\/\/www.evafm.net\/sitio\/humillan-a-kate-del-castillo-por-promocionar-su-tequila\/","title":{"rendered":"Humillan a Kate Del Castillo por promocionar su tequila"},"content":{"rendered":"\n<p>Una de las celebridades de las que m\u00e1s se ha hablado durante las \u00faltimas semanas es sin duda la actriz mexicana\u00a0<strong>Kate Del Castillo<\/strong>, quien, tras la victoria de\u00a0<strong>AMLO\u00a0<\/strong>como\u00a0<strong>presidente\u00a0<\/strong>pudo regresar al pa\u00eds tras a\u00f1os de ausencia por sus supuestos nexos con el capo del crimen\u00a0Joaqu\u00edn Guzm\u00e1n Loera, mejor conocido como \u201c<strong>El chapo<\/strong>\u201d<\/p>\n\n\n\n<p>Ahora \u201cLa reina del sur\u201d vuelve a dar de que hablar con su \u00faltima acci\u00f3n.<\/p>\n\n\n\n<p>La famosa actriz revel\u00f3\u00a0que s<strong>e encontraba en M\u00e9xico\u00a0<\/strong>hace unos d\u00edas, y lo hizo ofreciendo una conferencia de prensa, donde arremeti\u00f3 contra el actor estadounidense\u00a0<strong>Sean Penn<\/strong>, y\u00a0<strong>demand\u00f3 al gobierno del ex presidente Enrique Pe\u00f1a Nieto<\/strong>\u00a0\u00a1Por m\u00e1s de\u00a060 millones de d\u00f3lares!<\/p>\n\n\n\n<p> <br>Adem\u00e1s de esto \u201c<strong>La reina del sur<\/strong>\u201d aprovech\u00f3 la rueda de prensa para promocionar su nuevo producto: un\u00a0<strong>tequila<\/strong>\u00a0llamado \u201cHonor\u201d pero las cosas no salieron como esperaba. <\/p>\n\n\n\n<p> <br>R\u00e1pidamente los espectadores de la conferencia\u00a0reaccionaron de manera negativa\u00a0ante la publicidad de la actriz, pues consideraron que debido a la seriedad de sus acusaciones era el momento menos oportuno para\u00a0<strong>promocionar su tequila<\/strong>. <\/p>\n\n\n\n<p> <br>Uno de los famosos que expres\u00f3 su descontento en redes fue\u00a0Jos\u00e9 Mar\u00eda Yazpik, quien a trav\u00e9s de Twitter reclam\u00f3 a\u00a0<strong>Kate Del Castillo\u00a0<\/strong>por no tomarse en serio las cosas, ya que dijo que solo aprovech\u00f3 la conferencia para darse\u00a0<strong>publicidad<\/strong>. <\/p>\n\n\n\n<p> <br>Por el momento\u00a0Kate Del Castillo\u00a0no ha hecho ning\u00fan comentario al respecto. <\/p>\n\n\n\n<figure class=\"wp-block-embed-youtube wp-block-embed is-type-video is-provider-youtube wp-embed-aspect-16-9 wp-has-aspect-ratio\"><div class=\"wp-block-embed__wrapper\">\n<iframe title=\"Conferencia de prensa de Kate del Castillo\" width=\"1200\" height=\"675\" src=\"https:\/\/www.youtube.com\/embed\/Kjyu2-c1DsM?feature=oembed\" frameborder=\"0\" allow=\"accelerometer; autoplay; clipboard-write; encrypted-media; gyroscope; picture-in-picture; web-share\" referrerpolicy=\"strict-origin-when-cross-origin\" allowfullscreen><\/iframe>\n<\/div><\/figure>\n\n\n\n<figure class=\"wp-block-image\"><img decoding=\"async\" src=\"https:\/\/laverdadnoticias.com\/export\/sites\/laverdad\/img\/2018\/12\/23\/160321_r27825.jpg_1403911381.jpg\" alt=\"\" \/><\/figure>\n\n\n\n<figure class=\"wp-block-embed-twitter wp-block-embed is-type-rich is-provider-twitter\"><div class=\"wp-block-embed__wrapper\">\n<blockquote class=\"twitter-tweet\" data-width=\"550\" data-dnt=\"true\"><p lang=\"es\" dir=\"ltr\">\u00bfA quien se le olvidaron los bifocales?. ..\u00bfa quien?. <a href=\"https:\/\/t.co\/dH9cVc2vvU\">pic.twitter.com\/dH9cVc2vvU<\/a><\/p>&mdash; Jos\u00e9 Mar\u00eda Y\u00e1zpik (@jmyazpiik) <a href=\"https:\/\/twitter.com\/jmyazpiik\/status\/1076605292102725632?ref_src=twsrc%5Etfw\">December 22, 2018<\/a><\/blockquote><script async src=\"https:\/\/platform.twitter.com\/widgets.js\" charset=\"utf-8\"><\/script>\n<\/div><\/figure>\n\n\n\n<figure class=\"wp-block-embed-twitter wp-block-embed is-type-rich is-provider-twitter\"><div class=\"wp-block-embed__wrapper\">\n<blockquote class=\"twitter-tweet\" data-width=\"550\" data-dnt=\"true\"><p lang=\"es\" dir=\"ltr\">Hay mejores maneras para promocionar un tequila, cr\u00e9anme. <a href=\"https:\/\/t.co\/zrdt3EEwf5\">https:\/\/t.co\/zrdt3EEwf5<\/a><\/p>&mdash; Jos\u00e9 Mar\u00eda Y\u00e1zpik (@jmyazpiik) <a href=\"https:\/\/twitter.com\/jmyazpiik\/status\/1076144444599091201?ref_src=twsrc%5Etfw\">December 21, 2018<\/a><\/blockquote><script async src=\"https:\/\/platform.twitter.com\/widgets.js\" charset=\"utf-8\"><\/script>\n<\/div><\/figure>\n\n\n\n<p> <br>Fuente: excelsior.com.mx<\/p>\n<div class=\"gsp_post_data\" \r\n\t            data-post_type=\"post\" \r\n\t            data-cat=\"farandula-internacional,general\" \r\n\t            data-modified=\"120\"\r\n\t            data-created=\"1545583521\"\r\n\t            data-title=\"Humillan a Kate Del Castillo por promocionar su tequila\" \r\n\t            data-home=\"https:\/\/www.evafm.net\/sitio\"><\/div>","protected":false},"excerpt":{"rendered":"<p>Una de las celebridades de las que m\u00e1s se ha hablado durante las \u00faltimas semanas es sin duda la actriz mexicana\u00a0Kate Del Castillo, quien, tras la victoria de\u00a0AMLO\u00a0como\u00a0presidente\u00a0pudo regresar al pa\u00eds tras a\u00f1os de ausencia por sus supuestos nexos con el capo del crimen\u00a0Joaqu\u00edn Guzm\u00e1n Loera, mejor conocido como \u201cEl chapo\u201d Ahora \u201cLa reina del&#8230;<\/p>\n","protected":false},"author":5,"featured_media":42900,"comment_status":"closed","ping_status":"open","sticky":false,"template":"","format":"standard","meta":{"_joinchat":[],"footnotes":""},"categories":[1346,1720],"tags":[],"class_list":["post-42896","post","type-post","status-publish","format-standard","has-post-thumbnail","hentry","category-farandula-internacional","category-general","have-post-thumb"],"_links":{"self":[{"href":"https:\/\/www.evafm.net\/sitio\/wp-json\/wp\/v2\/posts\/42896","targetHints":{"allow":["GET"]}}],"collection":[{"href":"https:\/\/www.evafm.net\/sitio\/wp-json\/wp\/v2\/posts"}],"about":[{"href":"https:\/\/www.evafm.net\/sitio\/wp-json\/wp\/v2\/types\/post"}],"author":[{"embeddable":true,"href":"https:\/\/www.evafm.net\/sitio\/wp-json\/wp\/v2\/users\/5"}],"replies":[{"embeddable":true,"href":"https:\/\/www.evafm.net\/sitio\/wp-json\/wp\/v2\/comments?post=42896"}],"version-history":[{"count":1,"href":"https:\/\/www.evafm.net\/sitio\/wp-json\/wp\/v2\/posts\/42896\/revisions"}],"predecessor-version":[{"id":42901,"href":"https:\/\/www.evafm.net\/sitio\/wp-json\/wp\/v2\/posts\/42896\/revisions\/42901"}],"wp:featuredmedia":[{"embeddable":true,"href":"https:\/\/www.evafm.net\/sitio\/wp-json\/wp\/v2\/media\/42900"}],"wp:attachment":[{"href":"https:\/\/www.evafm.net\/sitio\/wp-json\/wp\/v2\/media?parent=42896"}],"wp:term":[{"taxonomy":"category","embeddable":true,"href":"https:\/\/www.evafm.net\/sitio\/wp-json\/wp\/v2\/categories?post=42896"},{"taxonomy":"post_tag","embeddable":true,"href":"https:\/\/www.evafm.net\/sitio\/wp-json\/wp\/v2\/tags?post=42896"}],"curies":[{"name":"wp","href":"https:\/\/api.w.org\/{rel}","templated":true}]}}