{"id":42902,"date":"2018-12-23T17:00:32","date_gmt":"2018-12-23T22:00:32","guid":{"rendered":"https:\/\/www.evafm.net\/sitio\/?p=42902"},"modified":"2018-12-23T17:00:44","modified_gmt":"2018-12-23T22:00:44","slug":"alfredo-adame-de-estrella-de-las-telenovelas-a-rey-del-escandalo","status":"publish","type":"post","link":"https:\/\/www.evafm.net\/sitio\/alfredo-adame-de-estrella-de-las-telenovelas-a-rey-del-escandalo\/","title":{"rendered":"Alfredo Adame: de estrella de las telenovelas a rey del esc\u00e1ndalo"},"content":{"rendered":"\n<p><strong>El actor mexicano Alfredo Adame fue estrella de las telenovelas<\/strong>&nbsp;en los a\u00f1os 90, pero su imagen de gal\u00e1n ha quedado oculta bajo una serie de&nbsp;<strong>esc\u00e1ndalos<\/strong>&nbsp;que lo persiguen desde hace tiempo.<\/p>\n\n\n\n<p>Este fin de semana se filtraron en internet unas&nbsp;<strong>fotograf\u00edas \u00edntimas del actor.<\/strong><\/p>\n\n\n\n<p>En algunos medios de comunicaci\u00f3n en M\u00e9xico se manej\u00f3 la informaci\u00f3n de que<strong>&nbsp;el propio Adame dio a conocer las im\u00e1genes<\/strong>&nbsp;para evitar la extorsi\u00f3n de su m\u00e1s reciente pareja.<\/p>\n\n\n\n<p>Lo cierto es que desde hace tiempo el actor ha dejado de recibir buenos comentarios en redes sociales.<\/p>\n\n\n\n<p><strong>Antes de los esc\u00e1ndalos<\/strong><\/p>\n\n\n\n<p>Adame, nacido en el estado de Jalisco (en el occidente de M\u00e9xico) en junio de 1958,\u00a0<strong>comenz\u00f3 su carrera como modelo<\/strong>\u00a0en los a\u00f1os 80. De hecho se le recuerda por ser imagen de una marca de ropa interior.<\/p>\n\n\n\n<p>Tras su paso por el modelaje incursion\u00f3 en los melodramas de&nbsp;<strong>Televisa<\/strong>, en producciones como \u00abMi segunda madre\u00bb (1989) y \u00ab<strong>Balada por un amor<\/strong>\u00ab(1989-1990), en la que por conflictos de Jorge Rivero con la producci\u00f3n, Adame qued\u00f3 como protagonista.<\/p>\n\n\n\n<p>Comenz\u00f3 as\u00ed una \u00e9poca de esplendor para Adame como<strong>&nbsp;estrella de las telenovelas mexicanas<\/strong>, pues ser\u00eda el protagonista de \u00abLa fuerza del amor\u00bb (1990) y de<strong>&nbsp;\u00abYo no creo en los hombres\u00bb<\/strong>&nbsp;(1991), una producci\u00f3n de s\u00f3lo 80 cap\u00edtulos, pero que se transmiti\u00f3 en Per\u00fa, Chile, Venezuela, Ecuador, Brasil, Colombia, Paraguay y Argentina.<\/p>\n\n\n\n<p>En esa telenovela el actor dio vida a un abogado que se enamora de la protagonista, Gabriela Roel, condenada a 30 a\u00f1os de prisi\u00f3n por asesinar accidentalmente a un hombre que trat\u00f3 de abusar sexualmente de ella.<\/p>\n\n\n\n<p>Vino entonces\u00a0<strong>la consagraci\u00f3n para Adame<\/strong>\u00a0con dos telenovelas que marcaron \u00e9poca en Latinoam\u00e9rica:\u00a0<strong>\u00abDe frente al sol\u00bb<\/strong>\u00a0(1992) y<strong>\u00a0\u00abM\u00e1s all\u00e1 del puente\u00bb<\/strong>\u00a0(1994), en las que form\u00f3 pareja con<strong>\u00a0Mar\u00eda Sort\u00e9.<\/strong><\/p>\n\n\n\n<p>En la misma d\u00e9cada protagoniz\u00f3 otras producciones como \u00abBajo un mismo rostro\u00bb y \u00abRetrato de familia\u00bb.<\/p>\n\n\n\n<p>Luego vinieron t\u00edtulos como \u00abLas v\u00edas del amor\u00bb (2002), \u00ab<strong>Sortilegio<\/strong>\u00bb (2009) y \u00abLo que la vida me rob\u00f3\u00bb (2013).<\/p>\n\n\n\n<p><strong>Las pol\u00e9micas<\/strong><\/p>\n\n\n\n<p>Aunque se ha mantenido activo en la tv mexicana, pues su trabajo m\u00e1s reciente fue en&nbsp;<strong>\u00abPor amar sin ley\u00bb<\/strong>&nbsp;(2018), algunas pol\u00e9micas han opacado la carrera de Adame.<\/p>\n\n\n\n<p>En su etapa como conductor del programa \u00abHoy\u00bb, Adame&nbsp;insult\u00f3 en plena transmisi\u00f3n en vivo a&nbsp;<strong>Andrea Legarreta<\/strong>, aunque \u00e9l asegur\u00f3 hace poco que todo se trat\u00f3 de un \u00absketch\u00bb que ya hab\u00edan acordado ambos.<\/p>\n\n\n\n<p>Adame declar\u00f3 hace un par de a\u00f1os que no quer\u00eda estar m\u00e1s con su esposa,&nbsp;<strong>Mary Paz Banquells<\/strong>\u2013 con quien tuvo tres hijos , y que s\u00f3lo seguir\u00edan juntos hasta que su hijo menor cumpliera 18 a\u00f1os.<\/p>\n\n\n\n<p>El actor\u00a0dijo que \u00e9l y su esposa se ignoraban, y se mencion\u00f3 que una de las causas de la separaci\u00f3n fue el apoyo econ\u00f3mico que Adame daba a la familia de Banquells. Finalmente se divorciaron en 2017.<\/p>\n\n\n\n<p>Sin embargo, lo que volvi\u00f3 a poner al actor en el ojo del esc\u00e1ndalo fue su reciente y fugaz romance con una mujer llamada Susan Quintana.<\/p>\n\n\n\n<p>Adame y la mujer&nbsp;<strong>se conocieron v\u00eda Facebook<\/strong>&nbsp;y a las pocas semanas de noviazgo, \u00e9l la llev\u00f3 a vivir a su casa.<\/p>\n\n\n\n<p>Su relaci\u00f3n termin\u00f3 el pasado octubre, pero no el esc\u00e1ndalo, pues Susan&nbsp;<strong>revel\u00f3 intimidades sexuales de Adame<\/strong>&nbsp;a una revista y \u00e9l se encarg\u00f3 de responderle a trav\u00e9s de diversos programas de tv.<\/p>\n\n\n\n<p>Adame dijo al programa \u00abSuelta la Sopa\u00bb que Quintana le tom\u00f3 unas fotograf\u00edas mientras estaba dormido y que con esas im\u00e1genes y otras que ten\u00eda en un celular que olvid\u00f3 en su casa trat\u00f3 de extorsionarlo.<\/p>\n\n\n\n<p>Por ese motivo, Adame hizo llegar al programa otra fotograf\u00eda de su zona \u00edntima para que los medios pudieran constatar cu\u00e1l es la realidad.<\/p>\n\n\n\n<p>En medio de todo este esc\u00e1ndalo, el nombre de Adame fue tendencia en Twitter el fin de semana, donde no faltaron las<strong>\u00a0burlas, las cr\u00edticas y los memes.<\/strong><\/p>\n\n\n\n<figure class=\"wp-block-image\"><img decoding=\"async\" src=\"https:\/\/www.infobae.com\/new-resizer\/gx7stB3gwfag2WzcMkUNOQvwNAE=\/750x0\/filters:quality(100)\/s3.amazonaws.com\/arc-wordpress-client-uploads\/infobae-wp\/wp-content\/uploads\/2018\/12\/23144433\/alfredo_adame_escandalo.jpg\" alt=\"Alfredo Adame enfrent\u00f3 la filtraci\u00f3n de fotograf\u00edas \u00edntimas (Foto: Instagram \/ alfredoadameoficial)\" \/><\/figure>\n\n\n\n<p>Alfredo Adame enfrent\u00f3 la filtraci\u00f3n de fotograf\u00edas \u00edntimas (Foto: Instagram \/ alfredoadameoficial) <\/p>\n\n\n\n<figure class=\"wp-block-image\"><img decoding=\"async\" src=\"https:\/\/www.infobae.com\/new-resizer\/cUeqbxgyVuldgxKn7RWs2MJ1GdM=\/750x0\/filters:quality(100)\/s3.amazonaws.com\/arc-wordpress-client-uploads\/infobae-wp\/wp-content\/uploads\/2018\/12\/23144606\/alfredo_adame_actor_televisa.jpg\" alt=\"\u00daltimamente Adame ha dado m\u00e1s de qu\u00e9 hablar por sus esc\u00e1ndalos (Foto: Instagram \/ alfredoadameoficial)\" \/><\/figure>\n\n\n\n<p>\u00daltimamente Adame ha dado m\u00e1s de qu\u00e9 hablar por sus esc\u00e1ndalos (Foto: Instagram \/ alfredoadameoficia <\/p>\n\n\n\n<p><a target=\"_blank\" href=\"https:\/\/twitter.com\/intent\/tweet?text=Alfredo%20Adame:%20de%20estrella%20de%20las%20telenovelas%20a%20rey%20del%20esc%C3%A1ndalo&amp;url=https:\/\/www.infobae.com\/america\/entretenimiento\/2018\/12\/23\/alfredo-adame-de-estrella-de-las-telenovelas-a-rey-del-escandalo\/%23KQFJYLFUM5AYHJTRICFIAFFWBY\" rel=\"noreferrer noopener\"><\/a><a target=\"_blank\" href=\"https:\/\/pinterest.com\/pin\/create\/button\/?&amp;media=https:\/\/s3.amazonaws.com\/arc-wordpress-client-uploads\/infobae-wp\/wp-content\/uploads\/2018\/12\/23144710\/alfredo_adame_actor_telenovelas.jpg&amp;description=Alfredo%20Adame:%20de%20estrella%20de%20las%20telenovelas%20a%20rey%20del%20esc%C3%A1ndalo&amp;url=https:\/\/www.infobae.com\/america\/entretenimiento\/2018\/12\/23\/alfredo-adame-de-estrella-de-las-telenovelas-a-rey-del-escandalo\/%23KQFJYLFUM5AYHJTRICFIAFFWBY\" rel=\"noreferrer noopener\"><\/a><\/p>\n\n\n\n<figure class=\"wp-block-image\"><img decoding=\"async\" src=\"https:\/\/www.infobae.com\/new-resizer\/jQVKK8S8j-QYwySZk4bbw0LxJG0=\/750x0\/filters:quality(100)\/s3.amazonaws.com\/arc-wordpress-client-uploads\/infobae-wp\/wp-content\/uploads\/2018\/12\/23144710\/alfredo_adame_actor_telenovelas.jpg\" alt=\"En las elecciones de 2018 en M\u00e9xico, Adame contendi\u00f3 por la alcald\u00eda de Tlalpan en la CDMX\" \/><\/figure>\n\n\n\n<p>En las elecciones de 2018 en M\u00e9xico, Adame contendi\u00f3 por la alcald\u00eda de Tlalpan en la CDMX <\/p>\n\n\n\n<p><a target=\"_blank\" href=\"https:\/\/twitter.com\/intent\/tweet?text=Alfredo%20Adame:%20de%20estrella%20de%20las%20telenovelas%20a%20rey%20del%20esc%C3%A1ndalo&amp;url=https:\/\/www.infobae.com\/america\/entretenimiento\/2018\/12\/23\/alfredo-adame-de-estrella-de-las-telenovelas-a-rey-del-escandalo\/%23VRZH2VZWARE3LEDFSWYCJ7BD4E\" rel=\"noreferrer noopener\"><\/a><a target=\"_blank\" href=\"https:\/\/pinterest.com\/pin\/create\/button\/?&amp;media=https:\/\/s3.amazonaws.com\/arc-wordpress-client-uploads\/infobae-wp\/wp-content\/uploads\/2018\/12\/23144816\/alfredo_adame_suelta_la_sopa.jpg&amp;description=Alfredo%20Adame:%20de%20estrella%20de%20las%20telenovelas%20a%20rey%20del%20esc%C3%A1ndalo&amp;url=https:\/\/www.infobae.com\/america\/entretenimiento\/2018\/12\/23\/alfredo-adame-de-estrella-de-las-telenovelas-a-rey-del-escandalo\/%23VRZH2VZWARE3LEDFSWYCJ7BD4E\" rel=\"noreferrer noopener\"><\/a><\/p>\n\n\n\n<figure class=\"wp-block-image\"><img decoding=\"async\" src=\"https:\/\/www.infobae.com\/new-resizer\/TJLzoC-4s5MWZ-UiyZc8lm4_RN4=\/750x0\/filters:quality(100)\/s3.amazonaws.com\/arc-wordpress-client-uploads\/infobae-wp\/wp-content\/uploads\/2018\/12\/23144816\/alfredo_adame_suelta_la_sopa.jpg\" alt=\"Adame dijo que su ex novia lo estaba tratando de extorsionar con unas fotos \u00edntimas (Foto: Captura de pantalla)\" \/><\/figure>\n\n\n\n<p>Adame dijo que su ex novia lo estaba tratando de extorsionar con unas fotos \u00edntimas (Foto: Captura de pantalla)\n\n<\/p>\n\n\n\n<p>Fuente: infobaae.com<\/p>\n<div class=\"gsp_post_data\" \r\n\t            data-post_type=\"post\" \r\n\t            data-cat=\"farandula-internacional\" \r\n\t            data-modified=\"120\"\r\n\t            data-created=\"1545584432\"\r\n\t            data-title=\"Alfredo Adame: de estrella de las telenovelas a rey del esc\u00e1ndalo\" \r\n\t            data-home=\"https:\/\/www.evafm.net\/sitio\"><\/div>","protected":false},"excerpt":{"rendered":"<p>El actor mexicano Alfredo Adame fue estrella de las telenovelas&nbsp;en los a\u00f1os 90, pero su imagen de gal\u00e1n ha quedado oculta bajo una serie de&nbsp;esc\u00e1ndalos&nbsp;que lo persiguen desde hace tiempo. Este fin de semana se filtraron en internet unas&nbsp;fotograf\u00edas \u00edntimas del actor. En algunos medios de comunicaci\u00f3n en M\u00e9xico se manej\u00f3 la informaci\u00f3n de que&nbsp;el&#8230;<\/p>\n","protected":false},"author":5,"featured_media":42903,"comment_status":"closed","ping_status":"open","sticky":false,"template":"","format":"standard","meta":{"_joinchat":[],"footnotes":""},"categories":[1346],"tags":[],"class_list":["post-42902","post","type-post","status-publish","format-standard","has-post-thumbnail","hentry","category-farandula-internacional","have-post-thumb"],"_links":{"self":[{"href":"https:\/\/www.evafm.net\/sitio\/wp-json\/wp\/v2\/posts\/42902","targetHints":{"allow":["GET"]}}],"collection":[{"href":"https:\/\/www.evafm.net\/sitio\/wp-json\/wp\/v2\/posts"}],"about":[{"href":"https:\/\/www.evafm.net\/sitio\/wp-json\/wp\/v2\/types\/post"}],"author":[{"embeddable":true,"href":"https:\/\/www.evafm.net\/sitio\/wp-json\/wp\/v2\/users\/5"}],"replies":[{"embeddable":true,"href":"https:\/\/www.evafm.net\/sitio\/wp-json\/wp\/v2\/comments?post=42902"}],"version-history":[{"count":1,"href":"https:\/\/www.evafm.net\/sitio\/wp-json\/wp\/v2\/posts\/42902\/revisions"}],"predecessor-version":[{"id":42904,"href":"https:\/\/www.evafm.net\/sitio\/wp-json\/wp\/v2\/posts\/42902\/revisions\/42904"}],"wp:featuredmedia":[{"embeddable":true,"href":"https:\/\/www.evafm.net\/sitio\/wp-json\/wp\/v2\/media\/42903"}],"wp:attachment":[{"href":"https:\/\/www.evafm.net\/sitio\/wp-json\/wp\/v2\/media?parent=42902"}],"wp:term":[{"taxonomy":"category","embeddable":true,"href":"https:\/\/www.evafm.net\/sitio\/wp-json\/wp\/v2\/categories?post=42902"},{"taxonomy":"post_tag","embeddable":true,"href":"https:\/\/www.evafm.net\/sitio\/wp-json\/wp\/v2\/tags?post=42902"}],"curies":[{"name":"wp","href":"https:\/\/api.w.org\/{rel}","templated":true}]}}