{"id":42906,"date":"2018-12-23T17:14:41","date_gmt":"2018-12-23T22:14:41","guid":{"rendered":"https:\/\/www.evafm.net\/sitio\/?p=42906"},"modified":"2018-12-23T17:14:56","modified_gmt":"2018-12-23T22:14:56","slug":"keanu-reeves-sera-el-nuevo-wolverine","status":"publish","type":"post","link":"https:\/\/www.evafm.net\/sitio\/keanu-reeves-sera-el-nuevo-wolverine\/","title":{"rendered":"\u00bfKeanu Reeves ser\u00e1 el nuevo Wolverine?"},"content":{"rendered":"\n<p>MADRID.<\/p>\n\n\n\n<p>Keanu Reeves cuenta ya con una dilatada carrera en Hollywood. Sin embargo, dejando a un lado las habilidades asesinas de John Wick y los ciberpoderes de Neo en Matrix,&nbsp;<strong>todav\u00eda no ha participado en ninguna pel\u00edcula de superh\u00e9roes<\/strong>. Y si tuviera que enrolarse en el g\u00e9nero de moda&#8230; el actor tiene muy claro cu\u00e1l ser\u00eda su personaje ideal.<\/p>\n\n\n\n<p>En una entrevista con ScreenGreen durante la promoci\u00f3n de su pr\u00f3xima pel\u00edcula, Replicas, se le pregunt\u00f3 a Reeves sobre sus recientes comentarios en los que hablaba de interpretar a Lobezno o a Batman. Son sus personajes favoritos&#8230; pero si hay que elegir parece que se decanta por el lado del mutante de Marvel.<\/p>\n\n\n\n<p> Hay que recordar que Hugh Jackman\u00a0<strong>decidi\u00f3 dejar de interpretar al mutante de las garras despu\u00e9s de &#8216;Logan&#8217;<\/strong>, por lo que actualmente el personaje no tiene a ning\u00fan actor asignado. <\/p>\n\n\n\n<p>Por otro lado, el futuro de Wolverine es m\u00e1s incierto ahora que nunca. A\u00fan no se ha hecho efectivo el acuerdo entre Fox y Disney, por lo que, tras el estreno de &#8216;X-Men: F\u00e9nix Oscura&#8217;, nadie sabe qu\u00e9 pasar\u00e1 con los mutantes de Marvel.<\/p>\n\n\n\n<p>Se espera que con &#8216;Dark Phoenix&#8217;,\u00a0<strong>que llegar\u00e1 a los cines en 2019<\/strong>, se ponga punto y final a la franquicia iniciada por Bryan Singer en el a\u00f1o 2000. Pero ni siquiera Sophie Turner, que interpreta a Jean Grey en la pr\u00f3xima pel\u00edcula de Fox, sabe qu\u00e9 pasar\u00e1 con los personajes tras el film.<\/p>\n\n\n\n<p> &#8216;X-Men: F\u00e9nix Oscura&#8217;, en la que no aparecer\u00e1 Wolverine,\u00a0<strong>llegar\u00e1 a los cines el pr\u00f3ximo 7 de junio de 2019<\/strong>. <\/p>\n\n\n\n<p>Fuente: excelsior.com.mx<\/p>\n\n\n\n<p><\/p>\n<div class=\"gsp_post_data\" \r\n\t            data-post_type=\"post\" \r\n\t            data-cat=\"farandula-internacional\" \r\n\t            data-modified=\"120\"\r\n\t            data-created=\"1545585281\"\r\n\t            data-title=\"\u00bfKeanu Reeves ser\u00e1 el nuevo Wolverine?\" \r\n\t            data-home=\"https:\/\/www.evafm.net\/sitio\"><\/div>","protected":false},"excerpt":{"rendered":"<p>MADRID. Keanu Reeves cuenta ya con una dilatada carrera en Hollywood. Sin embargo, dejando a un lado las habilidades asesinas de John Wick y los ciberpoderes de Neo en Matrix,&nbsp;todav\u00eda no ha participado en ninguna pel\u00edcula de superh\u00e9roes. Y si tuviera que enrolarse en el g\u00e9nero de moda&#8230; el actor tiene muy claro cu\u00e1l ser\u00eda&#8230;<\/p>\n","protected":false},"author":5,"featured_media":42907,"comment_status":"closed","ping_status":"open","sticky":false,"template":"","format":"standard","meta":{"_joinchat":[],"footnotes":""},"categories":[1346],"tags":[],"class_list":["post-42906","post","type-post","status-publish","format-standard","has-post-thumbnail","hentry","category-farandula-internacional","have-post-thumb"],"_links":{"self":[{"href":"https:\/\/www.evafm.net\/sitio\/wp-json\/wp\/v2\/posts\/42906","targetHints":{"allow":["GET"]}}],"collection":[{"href":"https:\/\/www.evafm.net\/sitio\/wp-json\/wp\/v2\/posts"}],"about":[{"href":"https:\/\/www.evafm.net\/sitio\/wp-json\/wp\/v2\/types\/post"}],"author":[{"embeddable":true,"href":"https:\/\/www.evafm.net\/sitio\/wp-json\/wp\/v2\/users\/5"}],"replies":[{"embeddable":true,"href":"https:\/\/www.evafm.net\/sitio\/wp-json\/wp\/v2\/comments?post=42906"}],"version-history":[{"count":1,"href":"https:\/\/www.evafm.net\/sitio\/wp-json\/wp\/v2\/posts\/42906\/revisions"}],"predecessor-version":[{"id":42908,"href":"https:\/\/www.evafm.net\/sitio\/wp-json\/wp\/v2\/posts\/42906\/revisions\/42908"}],"wp:featuredmedia":[{"embeddable":true,"href":"https:\/\/www.evafm.net\/sitio\/wp-json\/wp\/v2\/media\/42907"}],"wp:attachment":[{"href":"https:\/\/www.evafm.net\/sitio\/wp-json\/wp\/v2\/media?parent=42906"}],"wp:term":[{"taxonomy":"category","embeddable":true,"href":"https:\/\/www.evafm.net\/sitio\/wp-json\/wp\/v2\/categories?post=42906"},{"taxonomy":"post_tag","embeddable":true,"href":"https:\/\/www.evafm.net\/sitio\/wp-json\/wp\/v2\/tags?post=42906"}],"curies":[{"name":"wp","href":"https:\/\/api.w.org\/{rel}","templated":true}]}}