{"id":42910,"date":"2018-12-23T17:33:35","date_gmt":"2018-12-23T22:33:35","guid":{"rendered":"https:\/\/www.evafm.net\/sitio\/?p=42910"},"modified":"2018-12-23T17:33:48","modified_gmt":"2018-12-23T22:33:48","slug":"david-bisbal-conforme-pasa-el-tiempo-el-repertorio-te-avala","status":"publish","type":"post","link":"https:\/\/www.evafm.net\/sitio\/david-bisbal-conforme-pasa-el-tiempo-el-repertorio-te-avala\/","title":{"rendered":"David Bisbal: \u00abConforme pasa el tiempo el repertorio te avala\u00bb"},"content":{"rendered":"\n<p> El cantante espa\u00f1ol David Bisbal se\u00f1al\u00f3 a Efe que, tras 17 a\u00f1os de trayectoria, lo que m\u00e1s disfruta son los conciertos y las giras, para las que ahora se siente m\u00e1s preparado y \u00abarropado\u00bb por su repertorio. \u00abConforme pasa el tiempo, el repertorio te avala y te sientes c\u00f3modo en el escenario\u00bb, manifest\u00f3 el int\u00e9rprete en una entrevista telef\u00f3nica. <\/p>\n\n\n\n<p>El espa\u00f1ol iniciar\u00e1 el pr\u00f3ximo 10 de febrero una gira de nueve fechas por territorio estadounidense, la cual pasar\u00e1 por ciudades como Miami, Nueva York, Chicago, Los \u00c1ngeles, entre otras, y en las que ofrecer\u00e1 el mismo espect\u00e1culo que ha dado en Espa\u00f1a y Latinoam\u00e9rica. <\/p>\n\n\n\n<p> En la gira, que parar\u00e1 tambi\u00e9n en Silver Spring (Maryland), Lake Buena Vista (Florida), Houston y Dallas (Texas), y Sacramento (California), cantar\u00e1 temas emblem\u00e1ticos de su repertorio, como \u00abAve Mar\u00eda\u00bb o \u00abLlorar\u00e9 las penas\u00bb, junto a sus m\u00e1s recientes sencillos, entre ellos \u00abPerd\u00f3n\u00bb, que canta junto a la colombiana Greeicy Rend\u00f3n. <\/p>\n\n\n\n<p>Este \u00faltimo tema, cuyo video fue grabado en Marbella acumula m\u00e1s de 70 millones de visionados en la plataforma YouTube, se sostiene sobre un \u00abbeat\u00bb urbano, pero, dijo, tiene \u00absonidos latinos y una letra rom\u00e1ntica\u00bb que le recuerdan a la rumba de sus primeros \u00e9xitos. <\/p>\n\n\n\n<p>\u00abEs como modernizar aquellas canciones que hac\u00eda al principio de mi carrera\u00bb, se\u00f1al\u00f3. Por ello, en la actualidad, en medio del \u00abfant\u00e1stico momento\u00bb que goza la m\u00fasica urbana y que ha logrado que los sonidos latinos se exporten por todo lo alto, Bisbal confiesa sentirse \u00abcomo pez en el agua\u00bb. <\/p>\n\n\n\n<p>\u00abLa m\u00fasica no ha perdido esencia para nada, porque la m\u00fasica est\u00e1 ah\u00ed y tienes oportunidad de hacer la que quieras\u00bb, asever\u00f3, tras resaltar que a lo largo de su carrera, en la que ha publicado 6 discos de estudio y ha vendido m\u00e1s de seis millones de copias, se ha permitido combinar proyectos \u00abmenos convencionales\u00bb con canciones radiables.<\/p>\n\n\n\n<p>En la larga lista de colaboraciones que ha hecho, en la que figuran artistas como Rihanna, Miley Cirus, Juanes, Juan Luis Guerra, Alejandro Sanz o Raphael, aparecen tambi\u00e9n exponentes del g\u00e9nero urbano, con quienes el espa\u00f1ol fue uno de los primeros en colaborar, tal y como record\u00f3. <\/p>\n\n\n\n<p>Tras el sencillo de 2005 \u00abC\u00f3mo Olvidar\u00bb, junto a Don Omar, dos a\u00f1os despu\u00e9s Bisbal grab\u00f3 la canci\u00f3n \u00abTorre de Babel\u00bb, con Wisin y Yandel, que en ambos casos se trat\u00f3 de fusiones porque al fin y al cabo el reguet\u00f3n tambi\u00e9n comprende \u00abla letra y la manera de interpretarla\u00bb, dijo.<\/p>\n\n\n\n<p>De esos inicios marcados por la rumba latina, queda en el recuerdo su despegue en los escenarios tras su participaci\u00f3n en la primera edici\u00f3n en Espa\u00f1a del programa de concurso Operaci\u00f3n Triunfo (OT, 2001), cuya m\u00e1s reciente edici\u00f3n finaliz\u00f3 esta semana. Aunque no pudo ver la gala final, que coron\u00f3 al hijo de nigerianos Famous, tuvo oportunidad de participar en una emisi\u00f3n junto a Greeicy Rend\u00f3n, en la que interpretaron su m\u00e1s reciente sencillo, y donde pudo comprobar que \u00ablos concursantes cada vez van m\u00e1s preparados\u00bb. Tras un par\u00e9ntesis de a\u00f1os, el programa volvi\u00f3 renovado a la parrilla televisiva en 2017 y sus creadores \u00absorprendieron a mucha gente\u00bb, seg\u00fan Bisbal, quien cree que las nuevas ediciones \u00abhan conectado muy bien con una generaci\u00f3n de seguidores\u00bb.<\/p>\n\n\n\n<p> <br>\u00abPuede ser que haya sido gracias al descanso que hubo durante tanto tiempo\u00bb, opin\u00f3. Al cabo de 17 a\u00f1os de aquellos inicios, en los que fue al certamen Eurovisi\u00f3n con la ganadora de esa primera edici\u00f3n de OT, Rosa L\u00f3pez, el almeriense afirma que a\u00fan le quedan \u00abmuchas cosas que vivir\u00bb y m\u00e1s a\u00f1os de carrera y conciertos, adem\u00e1s de lograr colaborar con figuras que admira, como Tom Jones, Beyonce o Vicente Fern\u00e1ndez. <\/p>\n\n\n\n<p> <br>Por el camino ha sumado 48 discos de platino y 80 galardones nacionales e internacionales, entre ellos tres Latin Grammy y tres Billboard Latin Music Awards, adem\u00e1s de actuar en recintos famosos como el Royal Albert Hall y el O2 Arena, en Londres, o el Carnegie Hall y el Barclays Center, en Nueva York. Afronta el futuro con apertura de miras, porque, se\u00f1ala, siempre y cuando se sienta a gusto cuando haga una canci\u00f3n, le \u00abgustan mucho todos los g\u00e9neros musicales\u00bb. <\/p>\n\n\n\n<figure class=\"wp-block-embed-youtube wp-block-embed is-type-video is-provider-youtube wp-embed-aspect-16-9 wp-has-aspect-ratio\"><div class=\"wp-block-embed__wrapper\">\n<iframe title=\"David Bisbal - Buleria\" width=\"1200\" height=\"675\" src=\"https:\/\/www.youtube.com\/embed\/vUqYEh5gJ_c?feature=oembed\" frameborder=\"0\" allow=\"accelerometer; autoplay; clipboard-write; encrypted-media; gyroscope; picture-in-picture; web-share\" referrerpolicy=\"strict-origin-when-cross-origin\" allowfullscreen><\/iframe>\n<\/div><\/figure>\n\n\n\n<figure class=\"wp-block-embed-youtube wp-block-embed is-type-video is-provider-youtube wp-embed-aspect-16-9 wp-has-aspect-ratio\"><div class=\"wp-block-embed__wrapper\">\n<iframe title=\"David Bisbal, Sebasti\u00e1n Yatra - A Partir De Hoy\" width=\"1200\" height=\"675\" src=\"https:\/\/www.youtube.com\/embed\/Iwz4P8HfGVM?feature=oembed\" frameborder=\"0\" allow=\"accelerometer; autoplay; clipboard-write; encrypted-media; gyroscope; picture-in-picture; web-share\" referrerpolicy=\"strict-origin-when-cross-origin\" allowfullscreen><\/iframe>\n<\/div><\/figure>\n\n\n\n<p>Fuente: elnuevodiario.com.ni &#8211; youtube.com<\/p>\n<div class=\"gsp_post_data\" \r\n\t            data-post_type=\"post\" \r\n\t            data-cat=\"farandula-internacional\" \r\n\t            data-modified=\"120\"\r\n\t            data-created=\"1545586415\"\r\n\t            data-title=\"David Bisbal: \u00abConforme pasa el tiempo el repertorio te avala\u00bb\" \r\n\t            data-home=\"https:\/\/www.evafm.net\/sitio\"><\/div>","protected":false},"excerpt":{"rendered":"<p>El cantante espa\u00f1ol David Bisbal se\u00f1al\u00f3 a Efe que, tras 17 a\u00f1os de trayectoria, lo que m\u00e1s disfruta son los conciertos y las giras, para las que ahora se siente m\u00e1s preparado y \u00abarropado\u00bb por su repertorio. \u00abConforme pasa el tiempo, el repertorio te avala y te sientes c\u00f3modo en el escenario\u00bb, manifest\u00f3 el int\u00e9rprete&#8230;<\/p>\n","protected":false},"author":5,"featured_media":42912,"comment_status":"closed","ping_status":"open","sticky":false,"template":"","format":"standard","meta":{"_joinchat":[],"footnotes":""},"categories":[1346],"tags":[],"class_list":["post-42910","post","type-post","status-publish","format-standard","has-post-thumbnail","hentry","category-farandula-internacional","have-post-thumb"],"_links":{"self":[{"href":"https:\/\/www.evafm.net\/sitio\/wp-json\/wp\/v2\/posts\/42910","targetHints":{"allow":["GET"]}}],"collection":[{"href":"https:\/\/www.evafm.net\/sitio\/wp-json\/wp\/v2\/posts"}],"about":[{"href":"https:\/\/www.evafm.net\/sitio\/wp-json\/wp\/v2\/types\/post"}],"author":[{"embeddable":true,"href":"https:\/\/www.evafm.net\/sitio\/wp-json\/wp\/v2\/users\/5"}],"replies":[{"embeddable":true,"href":"https:\/\/www.evafm.net\/sitio\/wp-json\/wp\/v2\/comments?post=42910"}],"version-history":[{"count":1,"href":"https:\/\/www.evafm.net\/sitio\/wp-json\/wp\/v2\/posts\/42910\/revisions"}],"predecessor-version":[{"id":42913,"href":"https:\/\/www.evafm.net\/sitio\/wp-json\/wp\/v2\/posts\/42910\/revisions\/42913"}],"wp:featuredmedia":[{"embeddable":true,"href":"https:\/\/www.evafm.net\/sitio\/wp-json\/wp\/v2\/media\/42912"}],"wp:attachment":[{"href":"https:\/\/www.evafm.net\/sitio\/wp-json\/wp\/v2\/media?parent=42910"}],"wp:term":[{"taxonomy":"category","embeddable":true,"href":"https:\/\/www.evafm.net\/sitio\/wp-json\/wp\/v2\/categories?post=42910"},{"taxonomy":"post_tag","embeddable":true,"href":"https:\/\/www.evafm.net\/sitio\/wp-json\/wp\/v2\/tags?post=42910"}],"curies":[{"name":"wp","href":"https:\/\/api.w.org\/{rel}","templated":true}]}}