{"id":42928,"date":"2018-12-25T14:01:44","date_gmt":"2018-12-25T19:01:44","guid":{"rendered":"https:\/\/www.evafm.net\/sitio\/?p=42928"},"modified":"2018-12-25T14:01:59","modified_gmt":"2018-12-25T19:01:59","slug":"enrique-iglesias-enternecio-las-redes-con-unos-videos-de-sus-mellizos","status":"publish","type":"post","link":"https:\/\/www.evafm.net\/sitio\/enrique-iglesias-enternecio-las-redes-con-unos-videos-de-sus-mellizos\/","title":{"rendered":"Enrique Iglesias enterneci\u00f3 las redes con unos v\u00eddeos de sus mellizos"},"content":{"rendered":"\n<p>El cantante espa\u00f1ol\u00a0<strong>Enrique Iglesias<\/strong>\u00a0est\u00e1 disfrutado al m\u00e1ximo su etapa como pap\u00e1 y eso lo dej\u00f3 claro en su cuenta de\u00a0Instagram, donde comparti\u00f3 unos v\u00eddeos donde presume a sus mellizos\u00a0Lucy y Nicholas.<\/p>\n\n\n\n<p>El int\u00e9rprete de \u00abCuando me enamoro\u00bb ha demostrado que aprovecha bien el tiempo junto a sus peque\u00f1os hijos.\u00a0<\/p>\n\n\n\n<p><strong>\u00abFin de semana de vibra\u00bb,&nbsp;escribi\u00f3 Iglesias en la red social, donde public\u00f3 el v\u00eddeo donde aparece con Lucy, a quien balancea en sus brazos, mientras pasean en una embarcaci\u00f3n.<\/strong><\/p>\n\n\n\n<p>La menor disfruta al m\u00e1ximo y no para de re\u00edrse mientras su famoso pap\u00e1 juega con ella.&nbsp;<\/p>\n\n\n\n<p><strong>El tierno v\u00eddeo lleva m\u00e1s de 2 millones de reproducciones.<\/strong><\/p>\n\n\n\n<p>\u00abEncantador, Dios cuide a tus beb\u00e9s. Hermosa\u00bb, fueron algunos de los comentarios que recibi\u00f3 el cantante por parte de sus fans.<\/p>\n\n\n\n<p><strong>El artista de 43 a\u00f1os tambi\u00e9n comparti\u00f3 un v\u00eddeo donde muestra sus mejores pasos de rock con el peque\u00f1o&nbsp;Nicholas, a quien sostiene en brazos.&nbsp;<\/strong><\/p>\n\n\n\n<p>El beb\u00e9 se muestra muy complacido con su pap\u00e1 y no deja de sonre\u00edr mientras \u00abbailan\u00bb.&nbsp;<\/p>\n\n\n\n<p>Usaron como \u00abpista de baile\u00bb una sala que recorren de un lado para otro para demostrar lo bueno que son el rock and roll.<\/p>\n\n\n\n<p><strong>El v\u00eddeo lleva m\u00e1s de un mill\u00f3n de reproducciones.<\/strong><\/p>\n\n\n\n<p>Enrique y su pareja, la extenista rusa&nbsp;Anna Kournikova&nbsp;debutaron como pap\u00e1s en diciembre del a\u00f1os pasado y no han dudado en compartir con sus seguidores algunos de sus mejores momentos que viven con Lucy y Nicholas.&nbsp;<\/p>\n\n\n\n<p>La pareja se hab\u00eda caracterizado por mantener su vida privada lejos de los reflectores, pero con la llegada de sus peque\u00f1os mellizos todo cambi\u00f3.&nbsp;<\/p>\n\n\n\n<p>Anna y Enrique comenzaron su relaci\u00f3n desde el 2001.<\/p>\n\n\n\n<figure class=\"wp-block-embed-instagram wp-block-embed is-type-rich is-provider-instagram\"><div class=\"wp-block-embed__wrapper\">\nhttps:\/\/www.instagram.com\/p\/Brsgt76nUmI\/?utm_source=ig_web_copy_link\n<\/div><\/figure>\n\n\n\n<figure class=\"wp-block-embed-instagram wp-block-embed is-type-rich is-provider-instagram\"><div class=\"wp-block-embed__wrapper\">\nhttps:\/\/www.instagram.com\/p\/BrvG6tEn-9C\/?utm_source=ig_web_copy_link\n<\/div><\/figure>\n\n\n\n<p>Fuente: elnuevodia.com &#8211; instagram.com<\/p>\n<div class=\"gsp_post_data\" \r\n\t            data-post_type=\"post\" \r\n\t            data-cat=\"farandula-internacional,general\" \r\n\t            data-modified=\"120\"\r\n\t            data-created=\"1545746504\"\r\n\t            data-title=\"Enrique Iglesias enterneci\u00f3 las redes con unos v\u00eddeos de sus mellizos\" \r\n\t            data-home=\"https:\/\/www.evafm.net\/sitio\"><\/div>","protected":false},"excerpt":{"rendered":"<p>El cantante espa\u00f1ol\u00a0Enrique Iglesias\u00a0est\u00e1 disfrutado al m\u00e1ximo su etapa como pap\u00e1 y eso lo dej\u00f3 claro en su cuenta de\u00a0Instagram, donde comparti\u00f3 unos v\u00eddeos donde presume a sus mellizos\u00a0Lucy y Nicholas. El int\u00e9rprete de \u00abCuando me enamoro\u00bb ha demostrado que aprovecha bien el tiempo junto a sus peque\u00f1os hijos.\u00a0 \u00abFin de semana de vibra\u00bb,&nbsp;escribi\u00f3 Iglesias&#8230;<\/p>\n","protected":false},"author":5,"featured_media":42931,"comment_status":"closed","ping_status":"open","sticky":false,"template":"","format":"standard","meta":{"_joinchat":[],"footnotes":""},"categories":[1346,1720],"tags":[],"class_list":["post-42928","post","type-post","status-publish","format-standard","has-post-thumbnail","hentry","category-farandula-internacional","category-general","have-post-thumb"],"_links":{"self":[{"href":"https:\/\/www.evafm.net\/sitio\/wp-json\/wp\/v2\/posts\/42928","targetHints":{"allow":["GET"]}}],"collection":[{"href":"https:\/\/www.evafm.net\/sitio\/wp-json\/wp\/v2\/posts"}],"about":[{"href":"https:\/\/www.evafm.net\/sitio\/wp-json\/wp\/v2\/types\/post"}],"author":[{"embeddable":true,"href":"https:\/\/www.evafm.net\/sitio\/wp-json\/wp\/v2\/users\/5"}],"replies":[{"embeddable":true,"href":"https:\/\/www.evafm.net\/sitio\/wp-json\/wp\/v2\/comments?post=42928"}],"version-history":[{"count":1,"href":"https:\/\/www.evafm.net\/sitio\/wp-json\/wp\/v2\/posts\/42928\/revisions"}],"predecessor-version":[{"id":42932,"href":"https:\/\/www.evafm.net\/sitio\/wp-json\/wp\/v2\/posts\/42928\/revisions\/42932"}],"wp:featuredmedia":[{"embeddable":true,"href":"https:\/\/www.evafm.net\/sitio\/wp-json\/wp\/v2\/media\/42931"}],"wp:attachment":[{"href":"https:\/\/www.evafm.net\/sitio\/wp-json\/wp\/v2\/media?parent=42928"}],"wp:term":[{"taxonomy":"category","embeddable":true,"href":"https:\/\/www.evafm.net\/sitio\/wp-json\/wp\/v2\/categories?post=42928"},{"taxonomy":"post_tag","embeddable":true,"href":"https:\/\/www.evafm.net\/sitio\/wp-json\/wp\/v2\/tags?post=42928"}],"curies":[{"name":"wp","href":"https:\/\/api.w.org\/{rel}","templated":true}]}}