{"id":43075,"date":"2018-12-31T13:10:40","date_gmt":"2018-12-31T18:10:40","guid":{"rendered":"https:\/\/www.evafm.net\/sitio\/?p=43075"},"modified":"2018-12-31T13:10:51","modified_gmt":"2018-12-31T18:10:51","slug":"fey-prepara-nuevo-proyecto-musical-con-material-audiovisual","status":"publish","type":"post","link":"https:\/\/www.evafm.net\/sitio\/fey-prepara-nuevo-proyecto-musical-con-material-audiovisual\/","title":{"rendered":"Fey prepara nuevo proyecto musical con material audiovisual"},"content":{"rendered":"\n<p>CIUDAD DE M\u00c9XICO.<\/p>\n\n\n\n<p>A unos d\u00edas de concluir 2018, Fey se prepara para ofrecer el \u00faltimo concierto que dar\u00e1 este a\u00f1o y&nbsp;<strong>planea el proyecto musical que lanzar\u00e1 el siguiente<\/strong>, el cual incluir\u00e1 material audiovisual.<\/p>\n\n\n\n<p>En entrevista, la cantante expres\u00f3 su satisfacci\u00f3n por los logros alcanzados en los \u00faltimos 12 meses, ya que mantuvo un estrecho acercamiento con sus fans como parte de \u00abDesnuda tour\u00bb.<\/p>\n\n\n\n<p> Respecto al material discogr\u00e1fico que est\u00e1 \u201ccocinando\u201d, dijo que se trata de un proyecto muy diferente a lo que ha hecho hasta ahora, \u201cdonde estar\u00e1 involucrad\u00edsima la m\u00fasica, pero tambi\u00e9n ser\u00e1 algo muy cercano con mi p\u00fablico\u201d. <\/p>\n\n\n\n<p> A decir de Fey,\u00a0<strong>no es el momento de contar su vida como lo han hecho otras personas de manera extraordinaria<\/strong>, pero s\u00ed es un gran momento para estar cerca de la gente y compartir parte de sus recientes experiencias.<\/p>\n\n\n\n<p> Finalmente, celebr\u00f3 poder cerrar el a\u00f1o haciendo lo que m\u00e1s le gusta en la vida, que es cantando y en un puerto que ama.<\/p>\n\n\n\n<figure class=\"wp-block-embed-youtube wp-block-embed is-type-video is-provider-youtube wp-embed-aspect-16-9 wp-has-aspect-ratio\"><div class=\"wp-block-embed__wrapper\">\n<iframe title=\"Fey - No Te Necesito (Video Oficial)\" width=\"1200\" height=\"675\" src=\"https:\/\/www.youtube.com\/embed\/t763lDPBDKw?feature=oembed\" frameborder=\"0\" allow=\"accelerometer; autoplay; clipboard-write; encrypted-media; gyroscope; picture-in-picture; web-share\" referrerpolicy=\"strict-origin-when-cross-origin\" allowfullscreen><\/iframe>\n<\/div><\/figure>\n\n\n\n<p>Fuente: excelsior.com.mx<\/p>\n<div class=\"gsp_post_data\" \r\n\t            data-post_type=\"post\" \r\n\t            data-cat=\"general,musica-internacional\" \r\n\t            data-modified=\"120\"\r\n\t            data-created=\"1546261840\"\r\n\t            data-title=\"Fey prepara nuevo proyecto musical con material audiovisual\" \r\n\t            data-home=\"https:\/\/www.evafm.net\/sitio\"><\/div>","protected":false},"excerpt":{"rendered":"<p>CIUDAD DE M\u00c9XICO. A unos d\u00edas de concluir 2018, Fey se prepara para ofrecer el \u00faltimo concierto que dar\u00e1 este a\u00f1o y&nbsp;planea el proyecto musical que lanzar\u00e1 el siguiente, el cual incluir\u00e1 material audiovisual. En entrevista, la cantante expres\u00f3 su satisfacci\u00f3n por los logros alcanzados en los \u00faltimos 12 meses, ya que mantuvo un estrecho&#8230;<\/p>\n","protected":false},"author":5,"featured_media":43077,"comment_status":"closed","ping_status":"open","sticky":false,"template":"","format":"standard","meta":{"_joinchat":[],"footnotes":""},"categories":[1720,2],"tags":[],"class_list":["post-43075","post","type-post","status-publish","format-standard","has-post-thumbnail","hentry","category-general","category-musica-internacional","have-post-thumb"],"_links":{"self":[{"href":"https:\/\/www.evafm.net\/sitio\/wp-json\/wp\/v2\/posts\/43075","targetHints":{"allow":["GET"]}}],"collection":[{"href":"https:\/\/www.evafm.net\/sitio\/wp-json\/wp\/v2\/posts"}],"about":[{"href":"https:\/\/www.evafm.net\/sitio\/wp-json\/wp\/v2\/types\/post"}],"author":[{"embeddable":true,"href":"https:\/\/www.evafm.net\/sitio\/wp-json\/wp\/v2\/users\/5"}],"replies":[{"embeddable":true,"href":"https:\/\/www.evafm.net\/sitio\/wp-json\/wp\/v2\/comments?post=43075"}],"version-history":[{"count":1,"href":"https:\/\/www.evafm.net\/sitio\/wp-json\/wp\/v2\/posts\/43075\/revisions"}],"predecessor-version":[{"id":43078,"href":"https:\/\/www.evafm.net\/sitio\/wp-json\/wp\/v2\/posts\/43075\/revisions\/43078"}],"wp:featuredmedia":[{"embeddable":true,"href":"https:\/\/www.evafm.net\/sitio\/wp-json\/wp\/v2\/media\/43077"}],"wp:attachment":[{"href":"https:\/\/www.evafm.net\/sitio\/wp-json\/wp\/v2\/media?parent=43075"}],"wp:term":[{"taxonomy":"category","embeddable":true,"href":"https:\/\/www.evafm.net\/sitio\/wp-json\/wp\/v2\/categories?post=43075"},{"taxonomy":"post_tag","embeddable":true,"href":"https:\/\/www.evafm.net\/sitio\/wp-json\/wp\/v2\/tags?post=43075"}],"curies":[{"name":"wp","href":"https:\/\/api.w.org\/{rel}","templated":true}]}}