{"id":43083,"date":"2019-01-01T15:26:45","date_gmt":"2019-01-01T20:26:45","guid":{"rendered":"https:\/\/www.evafm.net\/sitio\/?p=43083"},"modified":"2019-01-01T15:27:32","modified_gmt":"2019-01-01T20:27:32","slug":"el-ano-empieza-con-ajustes-y-turbulencias","status":"publish","type":"post","link":"https:\/\/www.evafm.net\/sitio\/el-ano-empieza-con-ajustes-y-turbulencias\/","title":{"rendered":"El a\u00f1o empieza con ajustes y turbulencias"},"content":{"rendered":"\n<p>El temido ajuste ha llegado. 2019 se presenta como un a\u00f1o complejo en materia econ\u00f3mica, no solo por los&nbsp;<strong>problemas<\/strong>&nbsp;puertas adentro, sino tambi\u00e9n por lo que pueda pasar en el mundo.<\/p>\n\n\n\n<p>Las personas y las empresas que operan en el pa\u00eds se ajustan los cinturones y delimitan las estrategias en un a\u00f1o en el que, a decir de analistas y&nbsp;<strong>organismos<\/strong><strong>multilaterales<\/strong>, la econom\u00eda nacional se estancar\u00e1 (ver gr\u00e1fico). Otros, m\u00e1s pesimistas, vaticinan una inminente recesi\u00f3n.<\/p>\n\n\n\n<p>Para empezar, 2019 arranca con un problema de liquidez que se refleja en la Reserva Internacional del&nbsp;<strong>Banco Central del Ecuador<\/strong>&nbsp;(BCE): 2.126 millones al 21 de diciembre de 2018, la cifra m\u00e1s baja en 12 a\u00f1os.<\/p>\n\n\n\n<p>Se espera que para estos d\u00edas la Reserva se haya fortalecido gracias al ingreso de 450 millones de d\u00f3lares de los 900 millones del \u00faltimo cr\u00e9dito de China.<\/p>\n\n\n\n<p>En t\u00e9rminos generales, la&nbsp;<strong>Reserva Internacional&nbsp;<\/strong>es la liquidez externa del pa\u00eds por donde pasan todas las transacciones de Ecuador con los pa\u00edses del mundo: tanto cobros como pagos. Una parte de la Reserva tambi\u00e9n respaldan los dep\u00f3sitos de los bancos del&nbsp;<strong>pa\u00eds<\/strong>.<\/p>\n\n\n\n<p>Esa falta de liquidez, es decir, de billetes, pone cautelosos a los bancos, que ya han anunciado que cerrar\u00e1n el grifo del cr\u00e9dito en 2019 para precautelar su solidez y los dep\u00f3sitos de sus clientes. Para conseguirlo, subir\u00e1n las tasas de inter\u00e9s.<\/p>\n\n\n\n<p>\u00bfPor qu\u00e9 hay menos liquidez en el pa\u00eds? En los \u00faltimos cinco a\u00f1os, el&nbsp;<strong>Gobierno<\/strong>&nbsp;se acostumbr\u00f3 a cubrir el dinero que le hac\u00eda falta (el tan mencionado d\u00e9ficit fiscal) con deuda. Pero desde el a\u00f1o pasado, al&nbsp;<strong>Gobierno<\/strong>&nbsp;se le complica conseguir financiamiento por problemas internos y externos, en la misma cantidad que antes.<\/p>\n\n\n\n<p>Esa falta de dinero le ha llevado al&nbsp;<strong>Gobierno<\/strong>&nbsp;a ajustar sus gastos: reducir personal y eliminar los subsidios, para dejar de depender de&nbsp;<strong>endeudamiento<\/strong>.<\/p>\n\n\n\n<p>Para 2019 la situaci\u00f3n es la misma: conseguir dinero prestado para los gastos y ajustar el cintur\u00f3n m\u00e1s. Para los pr\u00f3ximos 12 meses el&nbsp;<strong>Gobierno<\/strong>&nbsp;debe conseguir algo m\u00e1s de 8.000 millones. De esa cantidad, m\u00e1s de la mitad ya tienen un prestamista (bancos multilaterales) y el resto a\u00fan es una inc\u00f3gnita.<\/p>\n\n\n\n<p>Pese a que China tiene intenciones de prestar 3.500 millones de d\u00f3lares, seg\u00fan las&nbsp;<strong>autoridades<\/strong>&nbsp;<strong>ecuatorianas<\/strong>, a\u00fan har\u00eda falta m\u00e1s&nbsp;<strong>dinero<\/strong>&nbsp;para cubrir los gastos de todo el pr\u00f3ximo a\u00f1o.<\/p>\n\n\n\n<p>Ante ese escenario, el&nbsp;<strong>Fondo Monetario Internacional&nbsp;<\/strong>(FMI) aparece como la alternativa para ofrecer liquidez y sostener a la econom\u00eda nacional en 2019. Pero un acuerdo con el Fondo, seg\u00fan&nbsp;<strong>analistas<\/strong>&nbsp;<strong>econ\u00f3micos<\/strong>, requerir\u00e1 de m\u00e1s medidas de ajuste.<\/p>\n\n\n\n<p>A todo eso se suma el precio del barril de petr\u00f3leo. Actualmente, el barril de&nbsp;<strong>West Texas Intermediate<\/strong>&nbsp;(WTI), referencial para el petr\u00f3leo ecuatoriano, ronda los 45 d\u00f3lares. El&nbsp;<strong>presupuesto<\/strong>&nbsp;<strong>2019<\/strong>&nbsp;se elabor\u00f3 con un barril de 50,05.<\/p>\n\n\n\n<p>Ecuador deber\u00e1 enfrentar su situaci\u00f3n en un mundo en plena desaceleraci\u00f3n econ\u00f3mica.<\/p>\n\n\n\n<p><strong>La lista de pendientes<\/strong><\/p>\n\n\n\n<p><strong>Educaci\u00f3n<\/strong><\/p>\n\n\n\n<p>El ministro de Educaci\u00f3n, Milton Luna, anunci\u00f3 que se cumplir\u00e1 una revisi\u00f3n integral a los programas que desarroll\u00f3 el gobierno anterior y su antecesor, F\u00e1nder Falcon\u00ed. La construcci\u00f3n e implementaci\u00f3n de escuelas del milenio fue el ejemplo citado por el nuevo ministro. Seg\u00fan la&nbsp;<strong>Contralor\u00eda General del Estado<\/strong>, hay irregularidades en varios proyectos.<\/p>\n\n\n\n<p><strong>Salud<\/strong><\/p>\n\n\n\n<p>Los medicamentos son una preocupaci\u00f3n para hospitales.&nbsp;<strong>EXPRESO<\/strong>&nbsp;public\u00f3 en 2018, varias entregas con los problemas de medicinas caducadas en hospitales de Guayaquil y productos no entregados a casas de salud de Quito y otras ciudades. Las autoridades aseguran que las anomal\u00edas han sido corregidas pero las quejas ciudadanas contin\u00faan, por ejemplo, en los centros del IESS.<\/p>\n\n\n\n<p><strong>Contralor\u00eda<\/strong><\/p>\n\n\n\n<p>El ente de control publica informes, casi a diario, de la gesti\u00f3n del expresidente Rafael Correa y su equipo de trabajo. En este a\u00f1o se esperan auditor\u00edas exclusivamente de la administraci\u00f3n de Len\u00edn Moreno, sus ministros, exvicepresidentes y secretarios. La mayor\u00eda de irregularidades detectadas hasta la fecha solo abarcan pocos meses del trabajo del mandatario.<\/p>\n\n\n\n<p><strong>Transparencia<\/strong><\/p>\n\n\n\n<p>La cirug\u00eda mayor contra la corrupci\u00f3n es un tema pendiente del actual Gobierno. Pese a las&nbsp;<strong>denuncias<\/strong>,&nbsp;<strong>juicios<\/strong>&nbsp;<strong>pol\u00edticos<\/strong>&nbsp;y&nbsp;<strong>destituciones<\/strong>. Todav\u00eda hay indicios de m\u00e1s casos de irregularidades en la administraci\u00f3n del Estado.<\/p>\n\n\n\n<p>Fernando Alvarado, dijo por ejemplo, que su fuga estuvo planificada junto a personas cercanas al primer mandatario.<\/p>\n\n\n\n<p><strong>Bienestar<\/strong><\/p>\n\n\n\n<p>Los Centros Infantiles del Buen Vivir (CIBV), la reconstrucci\u00f3n total de las zonas afectadas por el terremoto; y la&nbsp;<strong>soluci\u00f3n<\/strong>&nbsp;a los temas de masiva migraci\u00f3n venezolana son otros pendientes que se acumulan en las tareas gubernamentales. Sobre los centros, por ejemplo, existen indicios de productos y bienes da\u00f1ados que no fueron aprovechados para los menores de escasos&nbsp;<strong>recursos<\/strong>.<\/p>\n\n\n\n<p>Fuente: expreso.ec<\/p>\n<div class=\"gsp_post_data\" \r\n\t            data-post_type=\"post\" \r\n\t            data-cat=\"general,noticias-ecuador\" \r\n\t            data-modified=\"120\"\r\n\t            data-created=\"1546356405\"\r\n\t            data-title=\"El a\u00f1o empieza con ajustes y turbulencias\" \r\n\t            data-home=\"https:\/\/www.evafm.net\/sitio\"><\/div>","protected":false},"excerpt":{"rendered":"<p>El temido ajuste ha llegado. 2019 se presenta como un a\u00f1o complejo en materia econ\u00f3mica, no solo por los&nbsp;problemas&nbsp;puertas adentro, sino tambi\u00e9n por lo que pueda pasar en el mundo. Las personas y las empresas que operan en el pa\u00eds se ajustan los cinturones y delimitan las estrategias en un a\u00f1o en el que, a&#8230;<\/p>\n","protected":false},"author":5,"featured_media":43084,"comment_status":"closed","ping_status":"open","sticky":false,"template":"","format":"standard","meta":{"_joinchat":[],"footnotes":""},"categories":[1720,1558],"tags":[],"class_list":["post-43083","post","type-post","status-publish","format-standard","has-post-thumbnail","hentry","category-general","category-noticias-ecuador","have-post-thumb"],"_links":{"self":[{"href":"https:\/\/www.evafm.net\/sitio\/wp-json\/wp\/v2\/posts\/43083","targetHints":{"allow":["GET"]}}],"collection":[{"href":"https:\/\/www.evafm.net\/sitio\/wp-json\/wp\/v2\/posts"}],"about":[{"href":"https:\/\/www.evafm.net\/sitio\/wp-json\/wp\/v2\/types\/post"}],"author":[{"embeddable":true,"href":"https:\/\/www.evafm.net\/sitio\/wp-json\/wp\/v2\/users\/5"}],"replies":[{"embeddable":true,"href":"https:\/\/www.evafm.net\/sitio\/wp-json\/wp\/v2\/comments?post=43083"}],"version-history":[{"count":2,"href":"https:\/\/www.evafm.net\/sitio\/wp-json\/wp\/v2\/posts\/43083\/revisions"}],"predecessor-version":[{"id":43086,"href":"https:\/\/www.evafm.net\/sitio\/wp-json\/wp\/v2\/posts\/43083\/revisions\/43086"}],"wp:featuredmedia":[{"embeddable":true,"href":"https:\/\/www.evafm.net\/sitio\/wp-json\/wp\/v2\/media\/43084"}],"wp:attachment":[{"href":"https:\/\/www.evafm.net\/sitio\/wp-json\/wp\/v2\/media?parent=43083"}],"wp:term":[{"taxonomy":"category","embeddable":true,"href":"https:\/\/www.evafm.net\/sitio\/wp-json\/wp\/v2\/categories?post=43083"},{"taxonomy":"post_tag","embeddable":true,"href":"https:\/\/www.evafm.net\/sitio\/wp-json\/wp\/v2\/tags?post=43083"}],"curies":[{"name":"wp","href":"https:\/\/api.w.org\/{rel}","templated":true}]}}