{"id":43105,"date":"2019-01-02T12:19:54","date_gmt":"2019-01-02T17:19:54","guid":{"rendered":"https:\/\/www.evafm.net\/sitio\/?p=43105"},"modified":"2019-01-02T12:20:09","modified_gmt":"2019-01-02T17:20:09","slug":"aquiles-alvarez-me-incomodo-que-se-use-a-barcelona-para-fines-politicos","status":"publish","type":"post","link":"https:\/\/www.evafm.net\/sitio\/aquiles-alvarez-me-incomodo-que-se-use-a-barcelona-para-fines-politicos\/","title":{"rendered":"Aquiles \u00c1lvarez: Me incomod\u00f3 que se use a Barcelona para fines pol\u00edticos"},"content":{"rendered":"\n<p>Aquiles \u00c1lvarez Henriques (34 a\u00f1os) tiene un antepasado que hizo historia en\u00a0Barcelona, en una \u00e9poca de gloria del club: su abuelo Aquiles \u00c1lvarez L\u00e9rtora fue presidente durante la Haza\u00f1a de La Plata y en el bicampeonato ganado en 1971. Ese v\u00ednculo familiar y afectivo sigue, pese a la renuncia de quien fue titular de la Comisi\u00f3n de F\u00fatbol torera hasta el 10 de diciembre anterior.<\/p>\n\n\n\n<p>Lo que se rompi\u00f3 fue el lazo que lo un\u00eda con\u00a0Jos\u00e9 Francisco Cevallos\u00a0y admite que una de las causas de su dimisi\u00f3n (como la de Carlos Alfaro Moreno, quien fue vicepresidente deportivo) fue la implicaci\u00f3n del exgolero en campa\u00f1as pol\u00edticas.<\/p>\n\n\n\n<p>\u00c1lvarez \u2013a diferencia de Cevallos, que el 6 de diciembre anterior le inform\u00f3 a este Diario que no le dar\u00e1 entrevistas, tras hacerle al club seis peticiones que no fueron respondidas\u2013 charl\u00f3 con EL UNIVERSO y cont\u00f3 que la armon\u00eda de los canarios est\u00e1 quebrada. Tambi\u00e9n revel\u00f3 que aunque est\u00e1 agradecido con Cevallos no volver\u00eda a compartir dirigencia con \u00e9l.<\/p>\n\n\n\n<p><strong>\u00bfC\u00f3mo califica su paso como directivo canario?<\/strong><\/p>\n\n\n\n<p>No calificar\u00e9 mi gesti\u00f3n; que lo hagan los socios, aficionados y los periodistas. Lo \u00fanico que me deja tranquilo es que mi gesti\u00f3n fue honesta; busqu\u00e9 hacer lo mejor para el equipo, en silencio. Se consiguieron cosas importantes, como el t\u00edtulo de 2016 y en la Copa Libertadores 2017 se lleg\u00f3 a semifinales. Ah\u00ed lo principal era ganarla, pero no se pudo.<\/p>\n\n\n\n<p><strong>\u00bfCu\u00e1les son las causas reales de su renuncia?<\/strong><\/p>\n\n\n\n<p>Como ya lo dije hay temas que causan corte de comunicaci\u00f3n. Cuando Pancho (Cevallos) dej\u00f3 de ir al estadio (a los partidos de Barcelona) se perdi\u00f3 la comunicaci\u00f3n un poco. Se perdi\u00f3 la armon\u00eda y la idea de c\u00f3mo tomar decisiones en el equipo. Pasaron cosas (no quiso especificar cu\u00e1les) y se tomaron decisiones con las que no estaba de acuerdo, pero hab\u00eda que terminar apoy\u00e1ndolas. Todo eso te va cansando. El resultado fue&nbsp;dar un paso al costado. Hoy, ir\u00f3nicamente, estoy en paz&nbsp;de no estar en Barcelona.&nbsp;Me duele mucho lo que pasa, pero hay que recomponer el ambiente y volver a tener una armon\u00eda como la del 2016.<\/p>\n\n\n\n<p><strong>\u00bfReconoce que existieron divergencias en la directiva por las acciones de Cevallos (sus actividades pol\u00edticas)?<\/strong><\/p>\n\n\n\n<p>No solo fue por las acciones de Cevallos, tambi\u00e9n por disputas y diferencia de criterios con Juan Alfredo (Cuentas, el vicepresidente financiero). No es personal, pero Barcelona\u00a0no puede tener dirigentes que hablen mucho y siempre. Eso lleva a cometer errores e hizo que en declaraciones culpara del incremento del gasto (del presupuesto) a la Comisi\u00f3n de F\u00fatbol, cosa que no fue as\u00ed. Por eso no aguant\u00e9 y en un entrenamiento le contest\u00e9 y se da\u00f1\u00f3 la relaci\u00f3n (con Cuentas). No me gustan las peleas,\u00a0pero hay que responder a los comentarios sin pie ni cabeza.<\/p>\n\n\n\n<p><strong>\u00bfDimiti\u00f3 por la actividad pol\u00edtica de Cevallos?<\/strong><\/p>\n\n\n\n<p>S\u00ed. Eso afect\u00f3 indirectamente al equipo. Pancho no lo hizo con esa intenci\u00f3n, estoy seguro de que no imagin\u00f3 que eso (ser 15 meses gobernador y despu\u00e9s precandidato a la Prefectura del Guayas) iba a influir en el ambiente. Sobre el tema pol\u00edtico conversamos muchas veces, lo debatimos a lo largo del a\u00f1o, pero mi salida no solo fue por ese tema.<\/p>\n\n\n\n<p><strong>\u00bfLe molest\u00f3 que se usara al club para fines pol\u00edticos?<\/strong><\/p>\n\n\n\n<p>S\u00ed, me incomod\u00f3. No estoy de acuerdo con que Pancho dijera que Barcelona es una marca pol\u00edtica (en noviembre pasado, en&nbsp;<em>El Comercio)<\/em>. Barcelona es un club deportivo.<\/p>\n\n\n\n<p><strong>\u00bfEse tema afect\u00f3 al plantel?<\/strong><\/p>\n\n\n\n<p>S\u00ed, pero no hay que perder la objetividad. No puedo aceptar que por m\u00e1s ambiente pol\u00edtico que haya existido se pierda dos veces con Guayaquil City en el Monumental. Eso no tuvo, con todo respeto para ese equipo, ni pie ni cabeza. Eran partidos para ganar y pod\u00edan dar el campeonato. No se pod\u00edan perder esos puntos.<\/p>\n\n\n\n<p><strong>\u00bfC\u00f3mo qued\u00f3 su relaci\u00f3n con Jos\u00e9 Cevallos?<\/strong><\/p>\n\n\n\n<p>No tengo ning\u00fan problema con \u00e9l. Estoy agradecido, pero desde noviembre no hablo con \u00e9l, no conversamos m\u00e1s. Si lo veo lo saludo, \u00e9l sabe que le tengo una estima importante. Yo le fui leal estos a\u00f1os y fui rec\u00edproco con su confianza.<\/p>\n\n\n\n<p><strong>En la campa\u00f1a se habl\u00f3 de auditor\u00edas y de acudir a la justicia ordinaria para que los anteriores dirigentes respondan. \u00bfPor qu\u00e9 se enfri\u00f3 eso por completo?<\/strong><\/p>\n\n\n\n<p>En honor a la verdad, y dir\u00e1n que no me interesa, pero&nbsp;yo no estaba inmiscuido en&nbsp;ese tema. Me enfoqu\u00e9 en<br>el equipo de f\u00fatbol, que demanda much\u00edsimo tiempo. Se present\u00f3 la auditor\u00eda en la Fiscal\u00eda, y seg\u00fan los abogados de Barcelona, hay indicios de responsabilidad (de la anterior directiva por el d\u00e9ficit), pero Pancho no es fiscal ni juez. Lo que hizo Barcelona fue pedir que se indague. Es un tema de la Fiscal\u00eda, el equipo no puede ser el actor principal. Siendo objetivos, no puede achacarse a la dirigencia por esto, porque es un tema de la Fiscal\u00eda.<\/p>\n\n\n\n<p><strong>\u00bfHasta qu\u00e9 punto la actual dirigencia puede seguir culpando de todos los males a las directivas pasadas?<\/strong><\/p>\n\n\n\n<p>Cada presidente marca un estilo. Creo que el de Pancho es remarcar ese hecho cada vez que se paga una deuda. Yo tengo otro estilo. Lo mejor es trabajar en silencio y que los hechos hablen solos.<\/p>\n\n\n\n<p><strong>\u00bfVolver\u00eda a compartir dirigencia con Cevallos?<\/strong><\/p>\n\n\n\n<p>(Sonr\u00ede) No lo har\u00eda con nadie. Sonar\u00e1 arrogante, pero no volver\u00eda a ser un garante y responsable de decisiones que se toman entre muchos. Soy de la idea de que hay que ser un poquito dictador, en un sentido positivo. Tiene que haber un responsable en las contrataciones y no hay que consultar mucho. Cuando se pregunta mucho lo m\u00e1s probable es que se cometa un error. Hay dos equipos que se manejan de esa manera y han tenido \u00e9xitos: Liga de Quito y Emelec. Hay consultas con el t\u00e9cnico, pero no quiere decir que siempre tenga la raz\u00f3n.<\/p>\n\n\n\n<p><strong>\u00bfLe generaba presi\u00f3n que su abuelo haya sido un dirigente torero exitoso?<\/strong><\/p>\n\n\n\n<p>Por supuesto. M\u00e1s que todo cuando comenc\u00e9. Estaba preocupado antes de decidir aceptar la invitaci\u00f3n de Cevallos. Tuve que analizar&nbsp;la manera de c\u00f3mo no afectar la imagen que dej\u00f3 mi abuelo (Aquiles \u00c1lvarez L\u00e9rtora). Por eso soy muy respetuoso; cada quien debe hacer su historia.<\/p>\n\n\n\n<p><strong>\u00bfQu\u00e9 destaca de la gesti\u00f3n de su abuelo?<\/strong><\/p>\n\n\n\n<p>En esa \u00e9poca (1970-1972), Barcelona no generaba mucho dinero, era muy poco lo de\u00a0la taquilla. Pero destaco el esfuerzo gigante que hac\u00edan los dirigentes de turno. A mi abuelo lo que m\u00e1s le dol\u00eda era haber ido a dos semifinales\u00a0de la Copa y no haber sido campe\u00f3n. \u00c9l se fue con esa tarea pendiente. De chico me dec\u00eda: \u2018Tal vez t\u00fa la puedas alzar\u2019. Estuvimos cerca; no pudimos sacarnos esa espina.<\/p>\n\n\n\n<p><strong>\u00bfAlguna an\u00e9cdota que le haya contado su abuelo?<\/strong><\/p>\n\n\n\n<p>En un viaje del club a Uruguay, por la Copa (en\u00a0la d\u00e9cada del 90), afuera de\u00a0un hotel se encontraron<br>con \u00c9dison\u00a0<em>Cacho<\/em>\u00a0Saldivia (exzaguero charr\u00faa) y despu\u00e9s de unos tragos le confes\u00f3 que le fall\u00f3 a la dirigencia y al cuerpo t\u00e9cnico de Barcelona contra Uni\u00f3n Espa\u00f1ola (en Chile, derrota canaria 3-1 en 1971, en el partido en que los toreros buscaban llegar a la final). Ese fue un dolor muy grande que mi abuelo se llev\u00f3. Luego de enterarse de eso, mi abuelo se enoj\u00f3 con Saldivia Y se fueron a los pu\u00f1os.<\/p>\n\n\n\n<p>Fuente: eluniverso.com<\/p>\n<div class=\"gsp_post_data\" \r\n\t            data-post_type=\"post\" \r\n\t            data-cat=\"deportes-ecuador,general\" \r\n\t            data-modified=\"120\"\r\n\t            data-created=\"1546431594\"\r\n\t            data-title=\"Aquiles \u00c1lvarez: Me incomod\u00f3 que se use a Barcelona para fines pol\u00edticos\" \r\n\t            data-home=\"https:\/\/www.evafm.net\/sitio\"><\/div>","protected":false},"excerpt":{"rendered":"<p>Aquiles \u00c1lvarez Henriques (34 a\u00f1os) tiene un antepasado que hizo historia en\u00a0Barcelona, en una \u00e9poca de gloria del club: su abuelo Aquiles \u00c1lvarez L\u00e9rtora fue presidente durante la Haza\u00f1a de La Plata y en el bicampeonato ganado en 1971. Ese v\u00ednculo familiar y afectivo sigue, pese a la renuncia de quien fue titular de la&#8230;<\/p>\n","protected":false},"author":5,"featured_media":43106,"comment_status":"closed","ping_status":"open","sticky":false,"template":"","format":"standard","meta":{"_joinchat":[],"footnotes":""},"categories":[1557,1720],"tags":[],"class_list":["post-43105","post","type-post","status-publish","format-standard","has-post-thumbnail","hentry","category-deportes-ecuador","category-general","have-post-thumb"],"_links":{"self":[{"href":"https:\/\/www.evafm.net\/sitio\/wp-json\/wp\/v2\/posts\/43105","targetHints":{"allow":["GET"]}}],"collection":[{"href":"https:\/\/www.evafm.net\/sitio\/wp-json\/wp\/v2\/posts"}],"about":[{"href":"https:\/\/www.evafm.net\/sitio\/wp-json\/wp\/v2\/types\/post"}],"author":[{"embeddable":true,"href":"https:\/\/www.evafm.net\/sitio\/wp-json\/wp\/v2\/users\/5"}],"replies":[{"embeddable":true,"href":"https:\/\/www.evafm.net\/sitio\/wp-json\/wp\/v2\/comments?post=43105"}],"version-history":[{"count":2,"href":"https:\/\/www.evafm.net\/sitio\/wp-json\/wp\/v2\/posts\/43105\/revisions"}],"predecessor-version":[{"id":43108,"href":"https:\/\/www.evafm.net\/sitio\/wp-json\/wp\/v2\/posts\/43105\/revisions\/43108"}],"wp:featuredmedia":[{"embeddable":true,"href":"https:\/\/www.evafm.net\/sitio\/wp-json\/wp\/v2\/media\/43106"}],"wp:attachment":[{"href":"https:\/\/www.evafm.net\/sitio\/wp-json\/wp\/v2\/media?parent=43105"}],"wp:term":[{"taxonomy":"category","embeddable":true,"href":"https:\/\/www.evafm.net\/sitio\/wp-json\/wp\/v2\/categories?post=43105"},{"taxonomy":"post_tag","embeddable":true,"href":"https:\/\/www.evafm.net\/sitio\/wp-json\/wp\/v2\/tags?post=43105"}],"curies":[{"name":"wp","href":"https:\/\/api.w.org\/{rel}","templated":true}]}}