{"id":43117,"date":"2019-01-02T16:39:48","date_gmt":"2019-01-02T21:39:48","guid":{"rendered":"https:\/\/www.evafm.net\/sitio\/?p=43117"},"modified":"2019-01-02T16:40:05","modified_gmt":"2019-01-02T21:40:05","slug":"katy-perry-y-orlando-bloom-en-hawaii","status":"publish","type":"post","link":"https:\/\/www.evafm.net\/sitio\/katy-perry-y-orlando-bloom-en-hawaii\/","title":{"rendered":"Katy Perry y Orlando Bloom en Hawaii"},"content":{"rendered":"\n<p> Durante su estad\u00eda, tomaron sol, se relajaron y practicaron snorkel, en compa\u00f1\u00eda de sus familiares y sus mascotas. De esta manera,<strong>\u00a0la pareja pas\u00f3 un momento agradable en las ex\u00f3ticas playas<\/strong>, el destino elegido por much\u00edsimas celebridades destacadas para sus vacaciones. <\/p>\n\n\n\n<p> La int\u00e9rprete de\u00a0<em>Roar<\/em>\u00a0luci\u00f3 un traje de ba\u00f1o celeste con estampado de dos piezas: un top strapless y un culotte con cintura alta. Mientras que el protagonista de Piratas del Caribe opt\u00f3 por un short rojo y un sombrero estilo piluso para protegerse del sol. <\/p>\n\n\n\n<p> Este no ha sido un buen a\u00f1o para Perry,\u00a0ya que su \u00faltimo disco \u00abWitness\u00bb no obtuvo los resultados esperados.\u00a0\u00abTengo episodios de depresi\u00f3n circunstancial y mi coraz\u00f3n estaba roto el a\u00f1o pasado, porque sin saberlo le di mucho valor a la reacci\u00f3n del p\u00fablico\u00a0<strong>y el p\u00fablico no reaccion\u00f3 como yo lo esperaba entonces eso me rompi\u00f3 el coraz\u00f3n\u00bb<\/strong>, declar\u00f3 sobre las cr\u00edticas negativas que recibi\u00f3 el disco. <\/p>\n\n\n\n<p>En octubre pasado,\u00a0la artista anunci\u00f3 que se tomar\u00eda un receso\u00a0en su carrera musical para dedicarse a\u00a0otros aspectos de su vida, como su noviazgo, su salud mental y su propia l\u00ednea de zapatos.<\/p>\n\n\n\n<p><strong>\u00abMi novio es un gran apoyo\u00bb<\/strong>, declar\u00f3 la cantante durante una entrevista con&nbsp;<em>Footwear News.<\/em>&nbsp;<strong>\u00ab<\/strong>Por alguna raz\u00f3n,<strong>&nbsp;atraigo a personas que son verdaderamente reales y que me bajan a tierra cuando ven que estoy&nbsp;un poco loca\u00bb,<\/strong>&nbsp;agreg\u00f3.<\/p>\n\n\n\n<p>\u00abEstoy de gira desde hace como 10 a\u00f1os, as\u00ed que ahora voy a descansar. No voy a meterme derecho en crear otro disco\u00bb, dijo Perry. \u00abEstoy intentado encontrar el equilibrio para no excederme e intentando mantener los pies sobre la tierra\u00bb, finaliz\u00f3.<\/p>\n\n\n\n<p>Fuente: infobae.com<\/p>\n\n\n\n<p><\/p>\n<div class=\"gsp_post_data\" \r\n\t            data-post_type=\"post\" \r\n\t            data-cat=\"farandula-internacional\" \r\n\t            data-modified=\"120\"\r\n\t            data-created=\"1546447188\"\r\n\t            data-title=\"Katy Perry y Orlando Bloom en Hawaii\" \r\n\t            data-home=\"https:\/\/www.evafm.net\/sitio\"><\/div>","protected":false},"excerpt":{"rendered":"<p>Durante su estad\u00eda, tomaron sol, se relajaron y practicaron snorkel, en compa\u00f1\u00eda de sus familiares y sus mascotas. De esta manera,\u00a0la pareja pas\u00f3 un momento agradable en las ex\u00f3ticas playas, el destino elegido por much\u00edsimas celebridades destacadas para sus vacaciones. La int\u00e9rprete de\u00a0Roar\u00a0luci\u00f3 un traje de ba\u00f1o celeste con estampado de dos piezas: un top&#8230;<\/p>\n","protected":false},"author":5,"featured_media":43118,"comment_status":"closed","ping_status":"open","sticky":false,"template":"","format":"standard","meta":{"_joinchat":[],"footnotes":""},"categories":[1346],"tags":[],"class_list":["post-43117","post","type-post","status-publish","format-standard","has-post-thumbnail","hentry","category-farandula-internacional","have-post-thumb"],"_links":{"self":[{"href":"https:\/\/www.evafm.net\/sitio\/wp-json\/wp\/v2\/posts\/43117","targetHints":{"allow":["GET"]}}],"collection":[{"href":"https:\/\/www.evafm.net\/sitio\/wp-json\/wp\/v2\/posts"}],"about":[{"href":"https:\/\/www.evafm.net\/sitio\/wp-json\/wp\/v2\/types\/post"}],"author":[{"embeddable":true,"href":"https:\/\/www.evafm.net\/sitio\/wp-json\/wp\/v2\/users\/5"}],"replies":[{"embeddable":true,"href":"https:\/\/www.evafm.net\/sitio\/wp-json\/wp\/v2\/comments?post=43117"}],"version-history":[{"count":2,"href":"https:\/\/www.evafm.net\/sitio\/wp-json\/wp\/v2\/posts\/43117\/revisions"}],"predecessor-version":[{"id":43120,"href":"https:\/\/www.evafm.net\/sitio\/wp-json\/wp\/v2\/posts\/43117\/revisions\/43120"}],"wp:featuredmedia":[{"embeddable":true,"href":"https:\/\/www.evafm.net\/sitio\/wp-json\/wp\/v2\/media\/43118"}],"wp:attachment":[{"href":"https:\/\/www.evafm.net\/sitio\/wp-json\/wp\/v2\/media?parent=43117"}],"wp:term":[{"taxonomy":"category","embeddable":true,"href":"https:\/\/www.evafm.net\/sitio\/wp-json\/wp\/v2\/categories?post=43117"},{"taxonomy":"post_tag","embeddable":true,"href":"https:\/\/www.evafm.net\/sitio\/wp-json\/wp\/v2\/tags?post=43117"}],"curies":[{"name":"wp","href":"https:\/\/api.w.org\/{rel}","templated":true}]}}