{"id":43133,"date":"2019-01-03T15:22:26","date_gmt":"2019-01-03T20:22:26","guid":{"rendered":"https:\/\/www.evafm.net\/sitio\/?p=43133"},"modified":"2019-01-03T15:22:37","modified_gmt":"2019-01-03T20:22:37","slug":"tres-categorias-para-compensacion-de-subsidio-de-combustibles-a-taxistas","status":"publish","type":"post","link":"https:\/\/www.evafm.net\/sitio\/tres-categorias-para-compensacion-de-subsidio-de-combustibles-a-taxistas\/","title":{"rendered":"Tres categor\u00edas para compensaci\u00f3n de subsidio de combustibles a taxistas"},"content":{"rendered":"\n<p>\n\nQuito &#8211;<\/p>\n\n\n\n<p>El Gobierno propuso a los taxistas una compensaci\u00f3n para la subida de $0.37 del subsidio extra y ecopa\u00eds en tres categor\u00edas, de acuerdo al n\u00famero de galones y al tama\u00f1o de los cantones.<\/p>\n\n\n\n<p><strong>La Federaci\u00f3n Nacional de Taxis (Fedotaxis) est\u00e1 de acuerdo e informa a sus bases<\/strong>&nbsp;en este momento del acuerdo.<\/p>\n\n\n\n<p>En la categor\u00eda A, con la compensaci\u00f3n del subsidio para m\u00e1s de nueve ciudades, hasta 270 galones, es decir, $99, 90 al mes.<\/p>\n\n\n\n<p>En la categor\u00eda B, en la que entran las cabeceras cantonales de provincias con poblaciones m\u00e1s reducidas, hasta 230 galones que equivale $85, 14 al mes.<\/p>\n\n\n\n<p>Y en la categor\u00eda C, para cantones m\u00e1s peque\u00f1os, hasta 210 galones, que equivale $77,70 al mes.<\/p>\n\n\n\n<p>La medida entrar\u00eda en vigencia en ocho d\u00edas, luego de que los taxistas entreguen la documentaci\u00f3n al gobierno. (I)<\/p>\n\n\n\n<p>Fuente: eluniverso.com<\/p>\n<div class=\"gsp_post_data\" \r\n\t            data-post_type=\"post\" \r\n\t            data-cat=\"general,noticias-ecuador\" \r\n\t            data-modified=\"120\"\r\n\t            data-created=\"1546528946\"\r\n\t            data-title=\"Tres categor\u00edas para compensaci\u00f3n de subsidio de combustibles a taxistas\" \r\n\t            data-home=\"https:\/\/www.evafm.net\/sitio\"><\/div>","protected":false},"excerpt":{"rendered":"<p>Quito &#8211; El Gobierno propuso a los taxistas una compensaci\u00f3n para la subida de $0.37 del subsidio extra y ecopa\u00eds en tres categor\u00edas, de acuerdo al n\u00famero de galones y al tama\u00f1o de los cantones. La Federaci\u00f3n Nacional de Taxis (Fedotaxis) est\u00e1 de acuerdo e informa a sus bases&nbsp;en este momento del acuerdo. En la&#8230;<\/p>\n","protected":false},"author":5,"featured_media":43134,"comment_status":"closed","ping_status":"open","sticky":false,"template":"","format":"standard","meta":{"_joinchat":[],"footnotes":""},"categories":[1720,1558],"tags":[],"class_list":["post-43133","post","type-post","status-publish","format-standard","has-post-thumbnail","hentry","category-general","category-noticias-ecuador","have-post-thumb"],"_links":{"self":[{"href":"https:\/\/www.evafm.net\/sitio\/wp-json\/wp\/v2\/posts\/43133","targetHints":{"allow":["GET"]}}],"collection":[{"href":"https:\/\/www.evafm.net\/sitio\/wp-json\/wp\/v2\/posts"}],"about":[{"href":"https:\/\/www.evafm.net\/sitio\/wp-json\/wp\/v2\/types\/post"}],"author":[{"embeddable":true,"href":"https:\/\/www.evafm.net\/sitio\/wp-json\/wp\/v2\/users\/5"}],"replies":[{"embeddable":true,"href":"https:\/\/www.evafm.net\/sitio\/wp-json\/wp\/v2\/comments?post=43133"}],"version-history":[{"count":1,"href":"https:\/\/www.evafm.net\/sitio\/wp-json\/wp\/v2\/posts\/43133\/revisions"}],"predecessor-version":[{"id":43135,"href":"https:\/\/www.evafm.net\/sitio\/wp-json\/wp\/v2\/posts\/43133\/revisions\/43135"}],"wp:featuredmedia":[{"embeddable":true,"href":"https:\/\/www.evafm.net\/sitio\/wp-json\/wp\/v2\/media\/43134"}],"wp:attachment":[{"href":"https:\/\/www.evafm.net\/sitio\/wp-json\/wp\/v2\/media?parent=43133"}],"wp:term":[{"taxonomy":"category","embeddable":true,"href":"https:\/\/www.evafm.net\/sitio\/wp-json\/wp\/v2\/categories?post=43133"},{"taxonomy":"post_tag","embeddable":true,"href":"https:\/\/www.evafm.net\/sitio\/wp-json\/wp\/v2\/tags?post=43133"}],"curies":[{"name":"wp","href":"https:\/\/api.w.org\/{rel}","templated":true}]}}