{"id":43136,"date":"2019-01-03T15:25:40","date_gmt":"2019-01-03T20:25:40","guid":{"rendered":"https:\/\/www.evafm.net\/sitio\/?p=43136"},"modified":"2019-01-03T16:35:44","modified_gmt":"2019-01-03T21:35:44","slug":"cne-preve-tener-lista-de-candidatos-hasta-el-20-de-enero","status":"publish","type":"post","link":"https:\/\/www.evafm.net\/sitio\/cne-preve-tener-lista-de-candidatos-hasta-el-20-de-enero\/","title":{"rendered":"CNE prev\u00e9 tener lista de candidatos hasta el 20 de enero"},"content":{"rendered":"\n<p>El<strong>&nbsp;Consejo Nacional Electoral (CNE)<\/strong>&nbsp;prev\u00e9 tener entre el 15 y 20 de enero la lista definitiva de candidatos para las&nbsp;<strong>elecciones<\/strong>&nbsp;<strong>seccionales<\/strong>&nbsp;de marzo pr\u00f3ximo, inform\u00f3 este jueves 3 de enero de 2019 el consejero&nbsp;<strong>Jos\u00e9<\/strong>&nbsp;<strong>Cabrera<\/strong>.<\/p>\n\n\n\n<p>\u201cEn este momento estamos resolviendo sobre varias impugnaciones. Hemos resuelto 16, est\u00e1n pendientes 17 y existen seis apelaciones presentadas al<strong>Tribunal Contencioso Electoral<\/strong>\u201d, detall\u00f3 Cabrera en declaraciones a Efe.<\/p>\n\n\n\n<p>Y agreg\u00f3 que \u201cdados los tiempos, entre el&nbsp;<strong>15 y el 20 de enero<\/strong>&nbsp;tendremos el listado de candidatos definitivo\u201d.<\/p>\n\n\n\n<p>El pr\u00f3ximo 24 de marzo los ecuatorianos elegir\u00e1n a un total de 5.675 autoridades principales, entre las que figuran los titulares de las prefecturas, as\u00ed como los alcaldes, concejales, y a los siete integrantes del&nbsp;<strong>Consejo de Participaci\u00f3n Ciudadana y Control Social (Cpccs)<\/strong>.<\/p>\n\n\n\n<p>Cabrera indic\u00f3 que son&nbsp;<strong>43 los candidatos<\/strong>&nbsp;al Cpccs y que ma\u00f1ana se realizar\u00e1 el sorteo para la ubicaci\u00f3n en la papeleta de votaci\u00f3n.<\/p>\n\n\n\n<p>Seg\u00fan el CNE, con<strong>&nbsp;278 organizaciones pol\u00edticas habilitadas<\/strong>&nbsp;para participar en los comicios seccionales (gobiernos locales), el n\u00famero de precandidaturas inscritas asciende a<strong>&nbsp;80.281<\/strong>&nbsp;-41.089 principales y 39.192 suplentes- a escala nacional.<\/p>\n\n\n\n<p>De este total,<strong>&nbsp;39.447 corresponden a mujeres y 40.834 hombres<\/strong>, pero la cifra definitiva de participantes podr\u00eda variar luego de la etapa de objeciones, impugnaciones y apelaciones.<\/p>\n\n\n\n<p>De acuerdo al calendario, la campa\u00f1a electoral inicia el 5 de febrero y termina el<strong>21 de marzo<\/strong>, y el silencio electoral se extiende entre el\u00a0<strong>22 y el 24 de marzo<\/strong>.<\/p>\n\n\n\n<figure class=\"wp-block-embed-twitter wp-block-embed is-type-rich is-provider-twitter\"><div class=\"wp-block-embed__wrapper\">\n<blockquote class=\"twitter-tweet\" data-width=\"550\" data-dnt=\"true\"><p lang=\"es\" dir=\"ltr\"><a href=\"https:\/\/twitter.com\/hashtag\/EleccionesCPCCS?src=hash&amp;ref_src=twsrc%5Etfw\">#EleccionesCPCCS<\/a> | Ninguna organizaci\u00f3n social o pol\u00edtica puede realizar promoci\u00f3n por estos candidatos pues recordemos que no tienen auspicio alguno. Este proceso es in\u00e9dito en el pa\u00eds y debemos cumplir con lo establecido en la ley, resalta consejero <a href=\"https:\/\/twitter.com\/jr_cabreraz?ref_src=twsrc%5Etfw\">@jr_cabreraz<\/a>. <a href=\"https:\/\/t.co\/vV8N4T9hkf\">pic.twitter.com\/vV8N4T9hkf<\/a><\/p>&mdash; cnegobec (@cnegobec) <a href=\"https:\/\/twitter.com\/cnegobec\/status\/1080816793625812992?ref_src=twsrc%5Etfw\">January 3, 2019<\/a><\/blockquote><script async src=\"https:\/\/platform.twitter.com\/widgets.js\" charset=\"utf-8\"><\/script>\n<\/div><\/figure>\n\n\n\n<figure class=\"wp-block-embed-twitter wp-block-embed is-type-rich is-provider-twitter\"><div class=\"wp-block-embed__wrapper\">\n<blockquote class=\"twitter-tweet\" data-width=\"550\" data-dnt=\"true\"><p lang=\"es\" dir=\"ltr\">La lista de los candidatos y candidatas  para las elecciones seccionales estar\u00eda definida entre el 15 y 20 de enero. A\u00fan no podemos hablar de candidaturas oficiales pues nos encontramos en proceso de objeciones, impugnaciones y apelaciones, informa consejero <a href=\"https:\/\/twitter.com\/jr_cabreraz?ref_src=twsrc%5Etfw\">@jr_cabreraz<\/a>. <a href=\"https:\/\/t.co\/MSTQvPjMI5\">pic.twitter.com\/MSTQvPjMI5<\/a><\/p>&mdash; cnegobec (@cnegobec) <a href=\"https:\/\/twitter.com\/cnegobec\/status\/1080817347999551488?ref_src=twsrc%5Etfw\">January 3, 2019<\/a><\/blockquote><script async src=\"https:\/\/platform.twitter.com\/widgets.js\" charset=\"utf-8\"><\/script>\n<\/div><\/figure>\n\n\n\n<p>Fuente: expreso.ec &#8211; twitter.com<\/p>\n<div class=\"gsp_post_data\" \r\n\t            data-post_type=\"post\" \r\n\t            data-cat=\"noticias-ecuador\" \r\n\t            data-modified=\"120\"\r\n\t            data-created=\"1546529140\"\r\n\t            data-title=\"CNE prev\u00e9 tener lista de candidatos hasta el 20 de enero\" \r\n\t            data-home=\"https:\/\/www.evafm.net\/sitio\"><\/div>","protected":false},"excerpt":{"rendered":"<p>El&nbsp;Consejo Nacional Electoral (CNE)&nbsp;prev\u00e9 tener entre el 15 y 20 de enero la lista definitiva de candidatos para las&nbsp;elecciones&nbsp;seccionales&nbsp;de marzo pr\u00f3ximo, inform\u00f3 este jueves 3 de enero de 2019 el consejero&nbsp;Jos\u00e9&nbsp;Cabrera. \u201cEn este momento estamos resolviendo sobre varias impugnaciones. Hemos resuelto 16, est\u00e1n pendientes 17 y existen seis apelaciones presentadas alTribunal Contencioso Electoral\u201d, detall\u00f3 Cabrera&#8230;<\/p>\n","protected":false},"author":5,"featured_media":43137,"comment_status":"closed","ping_status":"open","sticky":false,"template":"","format":"standard","meta":{"_joinchat":[],"footnotes":""},"categories":[1558],"tags":[],"class_list":["post-43136","post","type-post","status-publish","format-standard","has-post-thumbnail","hentry","category-noticias-ecuador","have-post-thumb"],"_links":{"self":[{"href":"https:\/\/www.evafm.net\/sitio\/wp-json\/wp\/v2\/posts\/43136","targetHints":{"allow":["GET"]}}],"collection":[{"href":"https:\/\/www.evafm.net\/sitio\/wp-json\/wp\/v2\/posts"}],"about":[{"href":"https:\/\/www.evafm.net\/sitio\/wp-json\/wp\/v2\/types\/post"}],"author":[{"embeddable":true,"href":"https:\/\/www.evafm.net\/sitio\/wp-json\/wp\/v2\/users\/5"}],"replies":[{"embeddable":true,"href":"https:\/\/www.evafm.net\/sitio\/wp-json\/wp\/v2\/comments?post=43136"}],"version-history":[{"count":2,"href":"https:\/\/www.evafm.net\/sitio\/wp-json\/wp\/v2\/posts\/43136\/revisions"}],"predecessor-version":[{"id":43140,"href":"https:\/\/www.evafm.net\/sitio\/wp-json\/wp\/v2\/posts\/43136\/revisions\/43140"}],"wp:featuredmedia":[{"embeddable":true,"href":"https:\/\/www.evafm.net\/sitio\/wp-json\/wp\/v2\/media\/43137"}],"wp:attachment":[{"href":"https:\/\/www.evafm.net\/sitio\/wp-json\/wp\/v2\/media?parent=43136"}],"wp:term":[{"taxonomy":"category","embeddable":true,"href":"https:\/\/www.evafm.net\/sitio\/wp-json\/wp\/v2\/categories?post=43136"},{"taxonomy":"post_tag","embeddable":true,"href":"https:\/\/www.evafm.net\/sitio\/wp-json\/wp\/v2\/tags?post=43136"}],"curies":[{"name":"wp","href":"https:\/\/api.w.org\/{rel}","templated":true}]}}