{"id":43143,"date":"2019-01-03T17:29:35","date_gmt":"2019-01-03T22:29:35","guid":{"rendered":"https:\/\/www.evafm.net\/sitio\/?p=43143"},"modified":"2019-01-03T17:40:10","modified_gmt":"2019-01-03T22:40:10","slug":"maribel-guardia-recibio-el-ano-luciendo-un-pequeno-bikini","status":"publish","type":"post","link":"https:\/\/www.evafm.net\/sitio\/maribel-guardia-recibio-el-ano-luciendo-un-pequeno-bikini\/","title":{"rendered":"Maribel Guardia recibi\u00f3 el a\u00f1o luciendo un peque\u00f1o bikini"},"content":{"rendered":"\n<p>La actriz&nbsp;<strong>Maribel Guardia recibi\u00f3 el A\u00f1o Nuevo luciendo su figura con un diminuto bikini<\/strong>que fue celebrado por sus seguidores en&nbsp;<strong>Instagram<\/strong>.<\/p>\n\n\n\n<p>En su cuenta en la red social, la tambi\u00e9n cantante comparti\u00f3&nbsp;<strong>buenos deseos para sus fans.<\/strong><\/p>\n\n\n\n<p>En un video captado en una piscina, Guardia luci\u00f3 sus curvas y nad\u00f3 un poco. \u00abFeliz 2019, que Dios nos bendiga a todos\u00bb, escribi\u00f3.<\/p>\n\n\n\n<p>Indic\u00f3 que se encontraba en&nbsp;<strong>Playa del Carmen<\/strong>, en el estado mexicano de Quintana Roo.<\/p>\n\n\n\n<p>En su publicaci\u00f3n m\u00e1s reciente, Maribel impact\u00f3 con su figura. Pos\u00f3 a la orilla de la piscina y presumi\u00f3 su abdomen plano.<\/p>\n\n\n\n<p>\u00abEn armon\u00eda con los elementos b\u00e1sicos. Que en este 2019 se les abran todos los caminos. Bendiciones totales\u00bb, indic\u00f3 la originaria de Costa Rica.<\/p>\n\n\n\n<p>La publicaci\u00f3n, realizada hace apenas unas horas, ya tiene m\u00e1s de 130 mil \u00ablikes\u00bb en la red social y tiene casi dos mil comentarios en donde, por supuesto, no faltan los elogios para la actriz.<\/p>\n\n\n\n<p>Hermosa\u00bb, \u00absexy\u00bb, \u00abte ves muy bien\u00bb, se le\u00eda en varios mensajes, entre los cuales tambi\u00e9n le preguntaban<strong>&nbsp;c\u00f3mo le hace para lucir as\u00ed.<\/strong><\/p>\n\n\n\n<p>Guardia suele impactar con sus publicaciones en Instagram, en las que aparece con poca ropa, por su espectacular aspecto a los 59 a\u00f1os.<\/p>\n\n\n\n<p><strong>El pr\u00f3ximo mayo la actriz y cantante llegar\u00e1 a los 60 a\u00f1os.<\/strong><\/p>\n\n\n\n<p><strong>La belleza de Maribel<\/strong><\/p>\n\n\n\n<p>Para lucir tan bien, la actriz ha declarado que si bien no se mata horas en el gimnasio, s\u00ed\u00a0<strong>hace una rutina intensa de ejercicios que dura algunos minutos<\/strong>\u00a0y que le permite mantenerse en forma y con los m\u00fasculos tonificados.<\/p>\n\n\n\n<p>Tambi\u00e9n ha declarado que cuida su alimentaci\u00f3n y<strong>&nbsp;evita comer pan y tortilla,<\/strong>&nbsp;aunque de vez en cuando los consume para premiarse por su esfuerzo.<\/p>\n\n\n\n<p>Sin embargo, para tener una apariencia como la de Maribel&nbsp;<strong>no todo se reduce a la dieta o ejercicio.<\/strong><\/p>\n\n\n\n<p>En una entrevista para \u00abPeople en espa\u00f1ol\u00bb, la actriz coment\u00f3 que mucho en su vida cotidiana tiene qu\u00e9 ver con los&nbsp;<strong>pensamientos positivos.<\/strong><\/p>\n\n\n\n<p>Para empezar, es b\u00e1sico tener una buena actitud mental.\u00a0\u00a0\u00abYo me levanto y\u00a0<strong>en cuanto tengo un pensamiento negativo lo borro de mi mente<\/strong>\u00a0y voy a pensar que todo est\u00e1 bien, todo est\u00e1 bonito, que t<strong>engo demasiada cosas que agradecer a Dios<\/strong>, que\u00a0<strong>son mucho m\u00e1s las bendiciones que los problemas<\/strong>. La actitud mental es muy importante en la vida\u00bb.<\/p>\n\n\n\n<p>Tambi\u00e9n es importante ser feliz con lo que se tiene como mujer y tratar de ser autosuficiente, seg\u00fan dijo Maribel.<\/p>\n\n\n\n<p><a target=\"_blank\" href=\"https:\/\/twitter.com\/intent\/tweet?text=Maribel%20Guardia%20recibi%C3%B3%20el%20a%C3%B1o%20luciendo%20su%20figura%20con%20un%20peque%C3%B1o%20bikini&amp;url=https:\/\/www.infobae.com\/america\/entretenimiento\/2019\/01\/02\/maribel-guardia-recibio-el-ano-luciendo-su-figura-con-un-pequeno-bikini\/%23GUNLTZ2BWFGA7FO25HGJE5QS6Q\" rel=\"noreferrer noopener\"><\/a><a target=\"_blank\" href=\"https:\/\/pinterest.com\/pin\/create\/button\/?&amp;media=https:\/\/s3.amazonaws.com\/arc-wordpress-client-uploads\/infobae-wp\/wp-content\/uploads\/2019\/01\/02182204\/bikini_maribel_guardia_59_2019.jpg&amp;description=Maribel%20Guardia%20recibi%C3%B3%20el%20a%C3%B1o%20luciendo%20su%20figura%20con%20un%20peque%C3%B1o%20bikini&amp;url=https:\/\/www.infobae.com\/america\/entretenimiento\/2019\/01\/02\/maribel-guardia-recibio-el-ano-luciendo-su-figura-con-un-pequeno-bikini\/%23GUNLTZ2BWFGA7FO25HGJE5QS6Q\" rel=\"noreferrer noopener\"><\/a><\/p>\n\n\n\n<figure class=\"wp-block-image\"><img decoding=\"async\" src=\"https:\/\/www.infobae.com\/new-resizer\/HyUB45NfKMJIz8-WP-ysWKeDWz8=\/750x0\/filters:quality(100)\/s3.amazonaws.com\/arc-wordpress-client-uploads\/infobae-wp\/wp-content\/uploads\/2019\/01\/02182204\/bikini_maribel_guardia_59_2019.jpg\" alt=\"Maribel disfrut\u00f3 de un descanso en Playa del Carmen (Instagram \/ maribelguardia)\" \/><\/figure>\n\n\n\n<p>Maribel disfrut\u00f3 de un descanso en Playa del Carmen (Instagram \/ maribelguardia) <\/p>\n\n\n\n<figure class=\"wp-block-embed-instagram wp-block-embed is-type-rich is-provider-instagram\"><div class=\"wp-block-embed__wrapper\">\nhttps:\/\/www.instagram.com\/p\/BsHGDBrlViQ\/?utm_source=ig_web_copy_link\n<\/div><\/figure>\n\n\n\n<figure class=\"wp-block-image\"><a href=\"https:\/\/twitter.com\/intent\/tweet?text=Maribel%20Guardia%20recibi%C3%B3%20el%20a%C3%B1o%20luciendo%20su%20figura%20con%20un%20peque%C3%B1o%20bikini&amp;url=https:\/\/www.infobae.com\/america\/entretenimiento\/2019\/01\/02\/maribel-guardia-recibio-el-ano-luciendo-su-figura-con-un-pequeno-bikini\/%23QSDU5QJINJCJXI7U43UUDGW5WE\" target=\"_blank\" rel=\"noreferrer noopener\"><img decoding=\"async\" src=\"https:\/\/www.infobae.com\/new-resizer\/nW6rUQMeTTEfSoNkwIvFgfoIxdw=\/750x0\/filters:quality(100)\/s3.amazonaws.com\/arc-wordpress-client-uploads\/infobae-wp\/wp-content\/uploads\/2018\/12\/18123404\/maribel_guardia_bikini_59.jpg\" alt=\"As\u00ed se dej\u00f3 ver Maribel en su natal Costa Rica (Foto:Instagram)\" \/><\/a><figcaption>As\u00ed se dej\u00f3 ver Maribel en su natal Costa Rica (Foto:Instagram)<\/figcaption><\/figure>\n\n\n\n<p>Fuente: infobae.com &#8211;  instagram.com<\/p>\n\n\n\n<p><\/p>\n<div class=\"gsp_post_data\" \r\n\t            data-post_type=\"post\" \r\n\t            data-cat=\"farandula-internacional,general\" \r\n\t            data-modified=\"120\"\r\n\t            data-created=\"1546536575\"\r\n\t            data-title=\"Maribel Guardia recibi\u00f3 el a\u00f1o luciendo un peque\u00f1o bikini\" \r\n\t            data-home=\"https:\/\/www.evafm.net\/sitio\"><\/div>","protected":false},"excerpt":{"rendered":"<p>La actriz&nbsp;Maribel Guardia recibi\u00f3 el A\u00f1o Nuevo luciendo su figura con un diminuto bikinique fue celebrado por sus seguidores en&nbsp;Instagram. En su cuenta en la red social, la tambi\u00e9n cantante comparti\u00f3&nbsp;buenos deseos para sus fans. En un video captado en una piscina, Guardia luci\u00f3 sus curvas y nad\u00f3 un poco. \u00abFeliz 2019, que Dios nos&#8230;<\/p>\n","protected":false},"author":5,"featured_media":43145,"comment_status":"closed","ping_status":"open","sticky":false,"template":"","format":"standard","meta":{"_joinchat":[],"footnotes":""},"categories":[1346,1720],"tags":[],"class_list":["post-43143","post","type-post","status-publish","format-standard","has-post-thumbnail","hentry","category-farandula-internacional","category-general","have-post-thumb"],"_links":{"self":[{"href":"https:\/\/www.evafm.net\/sitio\/wp-json\/wp\/v2\/posts\/43143","targetHints":{"allow":["GET"]}}],"collection":[{"href":"https:\/\/www.evafm.net\/sitio\/wp-json\/wp\/v2\/posts"}],"about":[{"href":"https:\/\/www.evafm.net\/sitio\/wp-json\/wp\/v2\/types\/post"}],"author":[{"embeddable":true,"href":"https:\/\/www.evafm.net\/sitio\/wp-json\/wp\/v2\/users\/5"}],"replies":[{"embeddable":true,"href":"https:\/\/www.evafm.net\/sitio\/wp-json\/wp\/v2\/comments?post=43143"}],"version-history":[{"count":2,"href":"https:\/\/www.evafm.net\/sitio\/wp-json\/wp\/v2\/posts\/43143\/revisions"}],"predecessor-version":[{"id":43148,"href":"https:\/\/www.evafm.net\/sitio\/wp-json\/wp\/v2\/posts\/43143\/revisions\/43148"}],"wp:featuredmedia":[{"embeddable":true,"href":"https:\/\/www.evafm.net\/sitio\/wp-json\/wp\/v2\/media\/43145"}],"wp:attachment":[{"href":"https:\/\/www.evafm.net\/sitio\/wp-json\/wp\/v2\/media?parent=43143"}],"wp:term":[{"taxonomy":"category","embeddable":true,"href":"https:\/\/www.evafm.net\/sitio\/wp-json\/wp\/v2\/categories?post=43143"},{"taxonomy":"post_tag","embeddable":true,"href":"https:\/\/www.evafm.net\/sitio\/wp-json\/wp\/v2\/tags?post=43143"}],"curies":[{"name":"wp","href":"https:\/\/api.w.org\/{rel}","templated":true}]}}