{"id":43150,"date":"2019-01-03T17:51:19","date_gmt":"2019-01-03T22:51:19","guid":{"rendered":"https:\/\/www.evafm.net\/sitio\/?p=43150"},"modified":"2019-01-03T17:52:44","modified_gmt":"2019-01-03T22:52:44","slug":"se-despidio-pau-dones-lider-de-jarabe-de-palo-de-sus-fans","status":"publish","type":"post","link":"https:\/\/www.evafm.net\/sitio\/se-despidio-pau-dones-lider-de-jarabe-de-palo-de-sus-fans\/","title":{"rendered":"Se despidi\u00f3 Pau Don\u00e9s, l\u00edder de Jarabe de Palo, de sus fans"},"content":{"rendered":"\n<p>CIUDAD DE M\u00c9XICO<\/p>\n\n\n\n<p>El cantante y compositor espa\u00f1ol\u00a0<strong>Pau Don\u00e9s, vocalista del grupo Jarabe de Palo,<\/strong>\u00a0confirm\u00f3 su retiro de los escenarios y de los estudios con un<strong>emotivo mensaje a sus fan\u00e1ticos<\/strong>\u00a0en el que les dice \u201cadi\u00f3s\u2026 pero hasta luego\u201d.<\/p>\n\n\n\n<p> En octubre pasado el espa\u00f1ol anunci\u00f3 que el 1 de enero se detendr\u00eda e ir\u00eda lejos, toda vez que necesitaba hacer cambios. Tambi\u00e9n neg\u00f3 que se tratara por el<strong>c\u00e1ncer de col\u00f3n\u00a0<\/strong>que se le detect\u00f3 en 2015 y que resurgi\u00f3 en 2017. <\/p>\n\n\n\n<p> \u201c<strong>La flaca\u201d<\/strong>\u00a0(1996), \u201cDepende\u201d (1998), \u201cDe vuelta y vuelta\u201d (2001), \u201cBonito\u201d (2003), \u201c1 m\u00b2\u201d (2004), \u201cAdelantando\u201d (2007), \u201cOrquesta reciclando\u201d (2009), \u201c\u00bfY ahora qu\u00e9 hacemos?\u201d (2011), \u201cSomos\u201d (2014), \u201cTour Americano 14-15 (CD\/DVD 2015), \u201c50 palos\u201d (10-03-2017) y varios compilados, forman parte de la discograf\u00eda de Jarabe de Palo. <\/p>\n\n\n\n<p>En el&nbsp;<strong>audiovisual<\/strong>, Pau se\u00f1ala que no sabe ni cu\u00e1ndo ni c\u00f3mo ser\u00e1 su regreso, por lo que pidi\u00f3 a sus seguidores estar ah\u00ed cuando eso suceda.<\/p>\n\n\n\n<p>El int\u00e9rprete de 52 a\u00f1os aprovech\u00f3 para desear un buen 2019.<\/p>\n\n\n\n<figure class=\"wp-block-embed-youtube wp-block-embed is-type-video is-provider-youtube wp-embed-aspect-16-9 wp-has-aspect-ratio\"><div class=\"wp-block-embed__wrapper\">\n<iframe title=\"JARABE DE PALO - \u00a1ADI\u00d3S PERO HASTA LUEGO!\" width=\"1200\" height=\"675\" src=\"https:\/\/www.youtube.com\/embed\/cyg0xVDRnOc?feature=oembed\" frameborder=\"0\" allow=\"accelerometer; autoplay; clipboard-write; encrypted-media; gyroscope; picture-in-picture; web-share\" referrerpolicy=\"strict-origin-when-cross-origin\" allowfullscreen><\/iframe>\n<\/div><\/figure>\n\n\n\n<p>Fuente: excelsior.com.mx<\/p>\n<div class=\"gsp_post_data\" \r\n\t            data-post_type=\"post\" \r\n\t            data-cat=\"farandula-internacional\" \r\n\t            data-modified=\"120\"\r\n\t            data-created=\"1546537879\"\r\n\t            data-title=\"Se despidi\u00f3 Pau Don\u00e9s, l\u00edder de Jarabe de Palo, de sus fans\" \r\n\t            data-home=\"https:\/\/www.evafm.net\/sitio\"><\/div>","protected":false},"excerpt":{"rendered":"<p>CIUDAD DE M\u00c9XICO El cantante y compositor espa\u00f1ol\u00a0Pau Don\u00e9s, vocalista del grupo Jarabe de Palo,\u00a0confirm\u00f3 su retiro de los escenarios y de los estudios con unemotivo mensaje a sus fan\u00e1ticos\u00a0en el que les dice \u201cadi\u00f3s\u2026 pero hasta luego\u201d. En octubre pasado el espa\u00f1ol anunci\u00f3 que el 1 de enero se detendr\u00eda e ir\u00eda lejos, toda&#8230;<\/p>\n","protected":false},"author":5,"featured_media":43151,"comment_status":"closed","ping_status":"open","sticky":false,"template":"","format":"standard","meta":{"_joinchat":[],"footnotes":""},"categories":[1346],"tags":[],"class_list":["post-43150","post","type-post","status-publish","format-standard","has-post-thumbnail","hentry","category-farandula-internacional","have-post-thumb"],"_links":{"self":[{"href":"https:\/\/www.evafm.net\/sitio\/wp-json\/wp\/v2\/posts\/43150","targetHints":{"allow":["GET"]}}],"collection":[{"href":"https:\/\/www.evafm.net\/sitio\/wp-json\/wp\/v2\/posts"}],"about":[{"href":"https:\/\/www.evafm.net\/sitio\/wp-json\/wp\/v2\/types\/post"}],"author":[{"embeddable":true,"href":"https:\/\/www.evafm.net\/sitio\/wp-json\/wp\/v2\/users\/5"}],"replies":[{"embeddable":true,"href":"https:\/\/www.evafm.net\/sitio\/wp-json\/wp\/v2\/comments?post=43150"}],"version-history":[{"count":2,"href":"https:\/\/www.evafm.net\/sitio\/wp-json\/wp\/v2\/posts\/43150\/revisions"}],"predecessor-version":[{"id":43154,"href":"https:\/\/www.evafm.net\/sitio\/wp-json\/wp\/v2\/posts\/43150\/revisions\/43154"}],"wp:featuredmedia":[{"embeddable":true,"href":"https:\/\/www.evafm.net\/sitio\/wp-json\/wp\/v2\/media\/43151"}],"wp:attachment":[{"href":"https:\/\/www.evafm.net\/sitio\/wp-json\/wp\/v2\/media?parent=43150"}],"wp:term":[{"taxonomy":"category","embeddable":true,"href":"https:\/\/www.evafm.net\/sitio\/wp-json\/wp\/v2\/categories?post=43150"},{"taxonomy":"post_tag","embeddable":true,"href":"https:\/\/www.evafm.net\/sitio\/wp-json\/wp\/v2\/tags?post=43150"}],"curies":[{"name":"wp","href":"https:\/\/api.w.org\/{rel}","templated":true}]}}