{"id":43156,"date":"2019-01-03T19:51:24","date_gmt":"2019-01-04T00:51:24","guid":{"rendered":"https:\/\/www.evafm.net\/sitio\/?p=43156"},"modified":"2019-01-03T19:53:23","modified_gmt":"2019-01-04T00:53:23","slug":"barcelona-sc-hizo-oficial-la-contratacion-del-colombiano-sebastian-perez","status":"publish","type":"post","link":"https:\/\/www.evafm.net\/sitio\/barcelona-sc-hizo-oficial-la-contratacion-del-colombiano-sebastian-perez\/","title":{"rendered":"Barcelona SC hizo oficial la contrataci\u00f3n del colombiano Sebasti\u00e1n P\u00e9rez"},"content":{"rendered":"\n<p> A trav\u00e9s de su aplicaci\u00f3n para tel\u00e9fonos celulares, Barcelona Sporting Club\u00a0oficializ\u00f3 la llegada del mediocampista colombiano Sebasti\u00e1n P\u00e9rez. Este es el tercer fichaje de los toreros para la temporada 2019, luego de la contrataci\u00f3n de Fidel Mart\u00ednez y Robert Herrera. <\/p>\n\n\n\n<p>El mediocampista actu\u00f3 en Atl\u00e9tico Nacional de su pa\u00eds, Boca Juniors de Argentina y su \u00faltimo club fue el Pachuca mexicano. <\/p>\n\n\n\n<p>Adem\u00e1s, con la selecci\u00f3n de su pa\u00eds disput\u00f3 la Copa Am\u00e9rica Centenario (2016) y disput\u00f3 dos partidos de las eliminatorias para Rusia 2018. P\u00e9rez estuvo inactivo los \u00faltimos meses del 2018, debido a una lesi\u00f3n y a la falta de espacio en el cuadro azteca. <\/p>\n\n\n\n<p>Su \u00faltimo partido fue el 25 de septiembre de 2018, en la victoria 3-0 de Pachuca ante Cafetaleros, por la Copa MX.<\/p>\n\n\n\n<p> Guillermo Almada, entrenador de los amarillos,\u00a0adelant\u00f3 en Radio Sport de Uruguay, que tendr\u00e1n que \u201crecuperar\u201d al jugador. <\/p>\n\n\n\n<p>Eso respecto a la inactividad del mediocampista de 25 a\u00f1os. <\/p>\n\n\n\n<p>Los amarillos viajar\u00e1n a Uruguay entre el 5 y 6 de enero, para el inicio de su pretemporada. <\/p>\n\n\n\n<p>Se tiene previsto que P\u00e9rez se sume a los trabajos en territorio charr\u00faa.<\/p>\n\n\n\n<figure class=\"wp-block-embed-twitter wp-block-embed is-type-rich is-provider-twitter\"><div class=\"wp-block-embed__wrapper\">\n<blockquote class=\"twitter-tweet\" data-width=\"550\" data-dnt=\"true\"><p lang=\"es\" dir=\"ltr\">Conoce los detalles de nuestro nuevo <a href=\"https:\/\/twitter.com\/hashtag\/BSCRefuerzo2019?src=hash&amp;ref_src=twsrc%5Etfw\">#BSCRefuerzo2019<\/a> en nuestra app\ud83d\udcf2. <br>Android: <a href=\"https:\/\/t.co\/Noj4xkLQy1\">https:\/\/t.co\/Noj4xkLQy1<\/a>  <br>Apple: <a href=\"https:\/\/t.co\/Mlg1KtCtAI\">https:\/\/t.co\/Mlg1KtCtAI<\/a> <a href=\"https:\/\/t.co\/NkAzepb3pL\">pic.twitter.com\/NkAzepb3pL<\/a><\/p>&mdash; BARCELONA S.C. (@BarcelonaSC) <a href=\"https:\/\/twitter.com\/BarcelonaSC\/status\/1080959716795301891?ref_src=twsrc%5Etfw\">January 3, 2019<\/a><\/blockquote><script async src=\"https:\/\/platform.twitter.com\/widgets.js\" charset=\"utf-8\"><\/script>\n<\/div><\/figure>\n\n\n\n<p>Fuente: elcomercio.com<\/p>\n\n\n\n<p><\/p>\n\n\n\n<p>Este contenido ha sido publicado originalmente por&nbsp;<strong>Diario EL COMERCIO en la siguiente direcci\u00f3n:<a href=\"https:\/\/www.elcomercio.com\/deportes\/futbol-barcelona-fichaje-sebastian-perez.html\">https:\/\/www.elcomercio.com\/deportes\/futbol-barcelona-fichaje-sebastian-perez.html. Si est\u00e1 pensando en hacer uso del mismo, por favor, cite la fuente y haga un enlace hacia la nota original de donde usted ha tomado este contenido.&nbsp;<strong>ElComercio.com<\/strong><\/a><\/strong><\/p>\n\n\n\n<p><\/p>\n\n\n\n<p>Este contenido ha sido publicado originalmente por&nbsp;<strong>Diario EL COMERCIO en la siguiente direcci\u00f3n:<a href=\"https:\/\/www.elcomercio.com\/deportes\/futbol-barcelona-fichaje-sebastian-perez.html\">https:\/\/www.elcomercio.com\/deportes\/futbol-barcelona-fichaje-sebastian-perez.html. Si est\u00e1 pensando en hacer uso del mismo, por favor, cite la fuente y haga un enlace hacia la nota original de donde usted ha tomado este contenido.&nbsp;<strong>ElComercio.com<\/strong><\/a><\/strong><\/p>\n<div class=\"gsp_post_data\" \r\n\t            data-post_type=\"post\" \r\n\t            data-cat=\"deportes-ecuador,general\" \r\n\t            data-modified=\"120\"\r\n\t            data-created=\"1546545084\"\r\n\t            data-title=\"Barcelona SC hizo oficial la contrataci\u00f3n del colombiano Sebasti\u00e1n P\u00e9rez\" \r\n\t            data-home=\"https:\/\/www.evafm.net\/sitio\"><\/div>","protected":false},"excerpt":{"rendered":"<p>A trav\u00e9s de su aplicaci\u00f3n para tel\u00e9fonos celulares, Barcelona Sporting Club\u00a0oficializ\u00f3 la llegada del mediocampista colombiano Sebasti\u00e1n P\u00e9rez. Este es el tercer fichaje de los toreros para la temporada 2019, luego de la contrataci\u00f3n de Fidel Mart\u00ednez y Robert Herrera. El mediocampista actu\u00f3 en Atl\u00e9tico Nacional de su pa\u00eds, Boca Juniors de Argentina y su&#8230;<\/p>\n","protected":false},"author":5,"featured_media":43158,"comment_status":"closed","ping_status":"open","sticky":false,"template":"","format":"standard","meta":{"_joinchat":[],"footnotes":""},"categories":[1557,1720],"tags":[],"class_list":["post-43156","post","type-post","status-publish","format-standard","has-post-thumbnail","hentry","category-deportes-ecuador","category-general","have-post-thumb"],"_links":{"self":[{"href":"https:\/\/www.evafm.net\/sitio\/wp-json\/wp\/v2\/posts\/43156","targetHints":{"allow":["GET"]}}],"collection":[{"href":"https:\/\/www.evafm.net\/sitio\/wp-json\/wp\/v2\/posts"}],"about":[{"href":"https:\/\/www.evafm.net\/sitio\/wp-json\/wp\/v2\/types\/post"}],"author":[{"embeddable":true,"href":"https:\/\/www.evafm.net\/sitio\/wp-json\/wp\/v2\/users\/5"}],"replies":[{"embeddable":true,"href":"https:\/\/www.evafm.net\/sitio\/wp-json\/wp\/v2\/comments?post=43156"}],"version-history":[{"count":2,"href":"https:\/\/www.evafm.net\/sitio\/wp-json\/wp\/v2\/posts\/43156\/revisions"}],"predecessor-version":[{"id":43161,"href":"https:\/\/www.evafm.net\/sitio\/wp-json\/wp\/v2\/posts\/43156\/revisions\/43161"}],"wp:featuredmedia":[{"embeddable":true,"href":"https:\/\/www.evafm.net\/sitio\/wp-json\/wp\/v2\/media\/43158"}],"wp:attachment":[{"href":"https:\/\/www.evafm.net\/sitio\/wp-json\/wp\/v2\/media?parent=43156"}],"wp:term":[{"taxonomy":"category","embeddable":true,"href":"https:\/\/www.evafm.net\/sitio\/wp-json\/wp\/v2\/categories?post=43156"},{"taxonomy":"post_tag","embeddable":true,"href":"https:\/\/www.evafm.net\/sitio\/wp-json\/wp\/v2\/tags?post=43156"}],"curies":[{"name":"wp","href":"https:\/\/api.w.org\/{rel}","templated":true}]}}