{"id":43190,"date":"2019-01-04T18:42:05","date_gmt":"2019-01-04T23:42:05","guid":{"rendered":"https:\/\/www.evafm.net\/sitio\/?p=43190"},"modified":"2019-01-04T18:42:18","modified_gmt":"2019-01-04T23:42:18","slug":"la-guzman-la-diva-del-rock-ya-tiene-fecha-de-estreno","status":"publish","type":"post","link":"https:\/\/www.evafm.net\/sitio\/la-guzman-la-diva-del-rock-ya-tiene-fecha-de-estreno\/","title":{"rendered":"&#8216;La Guzm\u00e1n, La diva del Rock&#8217; ya tiene fecha de estreno"},"content":{"rendered":"\n<p>CIUDAD DE M\u00c9XICO.<\/p>\n\n\n\n<p>Este 2019, Imagen Televisi\u00f3n trae para ti la apasionante historia de &#8216;La Diva del Rock&#8217;:&nbsp;<strong>Alejandra Guzm\u00e1n<\/strong>.<\/p>\n\n\n\n<p>Descubre todo sobre la vida \u00edntima y profesional de esta incansable alma rockera, hija de dos grandes famosos; sus inicios, las adversidades que marcaron su vida, sus amores y el talento que la catapult\u00f3 a cumplir su sue\u00f1o de ser cantante, desafiando incluso hasta a su propia madre, la primera actriz Silvia Pinal.<\/p>\n\n\n\n<p>Prep\u00e1rate para vivir todos los secretos que han convertido a \u00ab<strong>La Guzm\u00e1n<\/strong>\u00bb en la m\u00e1xima estrella del Rock en M\u00e9xico.<\/p>\n\n\n\n<p>No te pierdas \u00ab<strong>La Guzm\u00e1n, La diva del Rock<\/strong>\u00bb este\u00a0<strong>21 de enero de 2019 a las 9:30 pm<\/strong>. por Imagen Televisi\u00f3n.<\/p>\n\n\n\n<ul class=\"wp-block-list\"><li>Televisi\u00f3n Abierta: Canal 3.1<\/li><li>Televisi\u00f3n de Paga: Izzi 3 HD 703\u00a0\/\u00a0Dish 103 HD 603\u00a0\/ Sky 103 HD 1103\u00a0\/ Megacable 103\u00a0\/Total Play HD 3 \/ Cablecom 3 HD 703 \/ Axtel TV HD 3<\/li><li><\/li><\/ul>\n\n\n\n<p>Fuente: excelsior.com.mx<\/p>\n<div class=\"gsp_post_data\" \r\n\t            data-post_type=\"post\" \r\n\t            data-cat=\"farandula-internacional\" \r\n\t            data-modified=\"120\"\r\n\t            data-created=\"1546627325\"\r\n\t            data-title=\"&#8216;La Guzm\u00e1n, La diva del Rock&#8217; ya tiene fecha de estreno\" \r\n\t            data-home=\"https:\/\/www.evafm.net\/sitio\"><\/div>","protected":false},"excerpt":{"rendered":"<p>CIUDAD DE M\u00c9XICO. Este 2019, Imagen Televisi\u00f3n trae para ti la apasionante historia de &#8216;La Diva del Rock&#8217;:&nbsp;Alejandra Guzm\u00e1n. Descubre todo sobre la vida \u00edntima y profesional de esta incansable alma rockera, hija de dos grandes famosos; sus inicios, las adversidades que marcaron su vida, sus amores y el talento que la catapult\u00f3 a cumplir&#8230;<\/p>\n","protected":false},"author":5,"featured_media":43191,"comment_status":"closed","ping_status":"open","sticky":false,"template":"","format":"standard","meta":{"_joinchat":[],"footnotes":""},"categories":[1346],"tags":[],"class_list":["post-43190","post","type-post","status-publish","format-standard","has-post-thumbnail","hentry","category-farandula-internacional","have-post-thumb"],"_links":{"self":[{"href":"https:\/\/www.evafm.net\/sitio\/wp-json\/wp\/v2\/posts\/43190","targetHints":{"allow":["GET"]}}],"collection":[{"href":"https:\/\/www.evafm.net\/sitio\/wp-json\/wp\/v2\/posts"}],"about":[{"href":"https:\/\/www.evafm.net\/sitio\/wp-json\/wp\/v2\/types\/post"}],"author":[{"embeddable":true,"href":"https:\/\/www.evafm.net\/sitio\/wp-json\/wp\/v2\/users\/5"}],"replies":[{"embeddable":true,"href":"https:\/\/www.evafm.net\/sitio\/wp-json\/wp\/v2\/comments?post=43190"}],"version-history":[{"count":2,"href":"https:\/\/www.evafm.net\/sitio\/wp-json\/wp\/v2\/posts\/43190\/revisions"}],"predecessor-version":[{"id":43193,"href":"https:\/\/www.evafm.net\/sitio\/wp-json\/wp\/v2\/posts\/43190\/revisions\/43193"}],"wp:featuredmedia":[{"embeddable":true,"href":"https:\/\/www.evafm.net\/sitio\/wp-json\/wp\/v2\/media\/43191"}],"wp:attachment":[{"href":"https:\/\/www.evafm.net\/sitio\/wp-json\/wp\/v2\/media?parent=43190"}],"wp:term":[{"taxonomy":"category","embeddable":true,"href":"https:\/\/www.evafm.net\/sitio\/wp-json\/wp\/v2\/categories?post=43190"},{"taxonomy":"post_tag","embeddable":true,"href":"https:\/\/www.evafm.net\/sitio\/wp-json\/wp\/v2\/tags?post=43190"}],"curies":[{"name":"wp","href":"https:\/\/api.w.org\/{rel}","templated":true}]}}