{"id":43194,"date":"2019-01-04T18:53:12","date_gmt":"2019-01-04T23:53:12","guid":{"rendered":"https:\/\/www.evafm.net\/sitio\/?p=43194"},"modified":"2019-01-04T18:56:27","modified_gmt":"2019-01-04T23:56:27","slug":"proyectos-petroleros-en-el-gobierno-de-correa-a-investigacion","status":"publish","type":"post","link":"https:\/\/www.evafm.net\/sitio\/proyectos-petroleros-en-el-gobierno-de-correa-a-investigacion\/","title":{"rendered":"Proyectos petroleros en el gobierno de Correa a investigaci\u00f3n"},"content":{"rendered":"\n<p>El presidente&nbsp;<strong>Len\u00edn<\/strong>&nbsp;<strong>Moreno<\/strong>, volvi\u00f3 a acusar el viernes de sobreprecios por al menos<strong>&nbsp;2.450 millones de d\u00f3lares<\/strong>&nbsp;al gobierno del exmandatario&nbsp;<strong>Rafael<\/strong>&nbsp;<strong>Correa<\/strong>. \u201cEvaluaci\u00f3n de @ONU\u00edes confirma&nbsp;<strong>sobreprecio e irregularidades&nbsp;<\/strong>en 5 proyectos petroleros del r\u00e9gimen anterior\u201d, dijo a trav\u00e9s de su cuenta en Twitter Moreno.<\/p>\n\n\n\n<p>\u201cHoy (viernes) presentamos denuncia ante @FiscaliaEcuador y Contralor\u00eda. \u00a1La lucha contra la corrupci\u00f3n es frontal!\u201d, a\u00f1adi\u00f3. Este viernes 4 de enero de 2019, el secretario particular de la presidencia,\u00a0<strong>Juan Sebasti\u00e1n Rold\u00e1n<\/strong>, y el ministro de Energ\u00eda,\u00a0<strong>Carlos P\u00e9rez<\/strong>, acudieron en primeras horas de la ma\u00f1ana a la\u00a0<strong>Contralor\u00eda General del Estado<\/strong>\u00a0y la\u00a0<strong>Fiscal\u00eda<\/strong>\u00a0para entregar documentaci\u00f3n sobre las presuntas irregularidades detectadas en\u00a0<strong>auditor\u00edas en el sector petrolero<\/strong>\u00a0promovidas por la ONU.<\/p>\n\n\n\n<p>La administraci\u00f3n de Moreno mantiene un&nbsp;<strong>acuerdo<\/strong>&nbsp;<strong>anticorrupci\u00f3n<\/strong>&nbsp;con la&nbsp;<strong>Organizaci\u00f3n de Naciones Unidas (ONU)<\/strong>, en cuyo marco fueron auditadas cinco grandes obras petroleras impulsadas por el gobierno de Correa: Refiner\u00eda de Esmeraldas, Refiner\u00eda del Pac\u00edfico, Poliducto Pascuales Cuenca, Terminal Mar\u00edtimo Monteverde y la Planta de Gas Natural Bajo Alto.<\/p>\n\n\n\n<p>\u201cLas conclusiones son tan vergonzosas y escandalosas\u201d, expres\u00f3 Moreno el jueves por la noche por radio y televisi\u00f3n.<\/p>\n\n\n\n<p>Por los cinco proyectos se pagaron unos&nbsp;<strong>4.900 millones de d\u00f3lares<\/strong>&nbsp;\u201ccuando debi\u00f3 costar apenas la mitad o menos\u201d,<em>&nbsp;\u201cno puede quedar en la impunidad este atraco a los fondos p\u00fablicos\u201d<\/em>, a\u00f1adi\u00f3.<\/p>\n\n\n\n<p>Correa, quien vive un autoexilio en\u00a0<strong>B\u00e9lgica<\/strong>\u00a0al enfrentar una\u00a0<strong>orden de prisi\u00f3n<\/strong>\u00a0para ser juzgado en Ecuador por el secuestro de\u00a0<strong>Fernando<\/strong>\u00a0<strong>Balda<\/strong>\u00a0en 2012, reaccion\u00f3 ante la denuncia.<\/p>\n\n\n\n<p><em>\u201c\u00a1Qu\u00e9 l\u00e1stima que no pueda criticar obras de Moreno, porque no ha hecho NINGUNA! Con su mala fe, miente y confunde supuestos problemas -en miles de obras hechas por mi Gobierno-, con corrupci\u00f3n\u201d<\/em>, manifest\u00f3 el expresidente por&nbsp;<strong>Twitter<\/strong>.<\/p>\n\n\n\n<p>\u201cDe haber corrupci\u00f3n, que se sancione, pero sin tanto show\u201d, apunt\u00f3.<\/p>\n\n\n\n<p>Correa sostuvo que \u201cpor supuesto que puede haber problemas\u201d en algunos de los proyectos que promovi\u00f3 en su d\u00e9cada de gobierno y que&nbsp;<em>\u201cno acabar\u00e9 de pedirle disculpas a la Patria y a la historia, por la peor de mis obras\u201d<\/em>, en alusi\u00f3n al haber impulsado la candidatura de Moreno para la presidencia.<\/p>\n\n\n\n<p>Ambos sostienen una pugna de poder que llev\u00f3 a una crisis al oficialismo, que tras el cambio de gobierno (en mayo de 2017) perdi\u00f3 el control de la&nbsp;<strong>Asamblea<\/strong><strong>Nacional<\/strong>, el cual manten\u00eda desde 2009.<\/p>\n\n\n\n<p>Una comisi\u00f3n c\u00edvica estim\u00f3 que en la d\u00e9cada de la gesti\u00f3n de Correa, los hechos de corrupci\u00f3n alcanzaron unos<strong>\u00a024.742 millones de d\u00f3lares<\/strong>.<\/p>\n\n\n\n<figure class=\"wp-block-embed-twitter wp-block-embed is-type-rich is-provider-twitter\"><div class=\"wp-block-embed__wrapper\">\n<blockquote class=\"twitter-tweet\" data-width=\"550\" data-dnt=\"true\"><p lang=\"es\" dir=\"ltr\">Ministro <a href=\"https:\/\/twitter.com\/CarlosPerez_MH?ref_src=twsrc%5Etfw\">@CarlosPerez_MH<\/a>, Secretario Particular de la Presidencia <a href=\"https:\/\/twitter.com\/juanseroldan?ref_src=twsrc%5Etfw\">@juanseroldan<\/a> y Gerente de <a href=\"https:\/\/twitter.com\/EPPetroecuador?ref_src=twsrc%5Etfw\">@EPPETROECUADOR<\/a>, Pablo Flores, entregan en la Contralor\u00eda General del Estado documentaci\u00f3n referente a 5 proyectos petroleros,  evaluados con el apoyo <a href=\"https:\/\/twitter.com\/ONU_es?ref_src=twsrc%5Etfw\">@ONU_es<\/a> <a href=\"https:\/\/t.co\/tYL3oBrvAk\">pic.twitter.com\/tYL3oBrvAk<\/a><\/p>&mdash; Ministerio de Energ\u00eda y Minas Ecuador\ud83c\uddea\ud83c\udde8 (@RecNaturalesEC) <a href=\"https:\/\/twitter.com\/RecNaturalesEC\/status\/1081186644894597121?ref_src=twsrc%5Etfw\">January 4, 2019<\/a><\/blockquote><script async src=\"https:\/\/platform.twitter.com\/widgets.js\" charset=\"utf-8\"><\/script>\n<\/div><\/figure>\n\n\n\n<figure class=\"wp-block-embed-twitter wp-block-embed is-type-rich is-provider-twitter\"><div class=\"wp-block-embed__wrapper\">\n<blockquote class=\"twitter-tweet\" data-width=\"550\" data-dnt=\"true\"><p lang=\"es\" dir=\"ltr\">AHORA| Fiscal General (e), <a href=\"https:\/\/twitter.com\/hashtag\/RuthPalaciosB?src=hash&amp;ref_src=twsrc%5Etfw\">#RuthPalaciosB<\/a>, recibe a Secretario Particular de Presidente <a href=\"https:\/\/twitter.com\/Lenin?ref_src=twsrc%5Etfw\">@Lenin<\/a> Moreno, <a href=\"https:\/\/twitter.com\/juanseroldan?ref_src=twsrc%5Etfw\">@juanseroldan<\/a>, quien hace la entrega de 2500 fojas de documentaci\u00f3n sobre posibles casos de corrupcion en 5 proyectos hidrocarbur\u00edferos realizados en el gobierno anterior. <a href=\"https:\/\/t.co\/1j617AfQ3K\">pic.twitter.com\/1j617AfQ3K<\/a><\/p>&mdash; Fiscal\u00eda Ecuador (@FiscaliaEcuador) <a href=\"https:\/\/twitter.com\/FiscaliaEcuador\/status\/1081197749683585024?ref_src=twsrc%5Etfw\">January 4, 2019<\/a><\/blockquote><script async src=\"https:\/\/platform.twitter.com\/widgets.js\" charset=\"utf-8\"><\/script>\n<\/div><\/figure>\n\n\n\n<figure class=\"wp-block-embed-twitter wp-block-embed is-type-rich is-provider-twitter\"><div class=\"wp-block-embed__wrapper\">\n<blockquote class=\"twitter-tweet\" data-width=\"550\" data-dnt=\"true\"><p lang=\"es\" dir=\"ltr\">\u00a1Qu\u00e9 l\u00e1stima que no pueda criticar obras de Moreno, porque no ha hecho NINGUNA!<br>Con su mala fe, miente y confunde supuestos problemas -en miles de obras hechas por mi Gobierno-, con corrupci\u00f3n.<br>De haber corrupci\u00f3n, que se sancione, pero sin tanto show. <a href=\"https:\/\/t.co\/aTRNwB4Lq6\">https:\/\/t.co\/aTRNwB4Lq6<\/a><\/p>&mdash; Rafael Correa (@MashiRafael) <a href=\"https:\/\/twitter.com\/MashiRafael\/status\/1081117468616257536?ref_src=twsrc%5Etfw\">January 4, 2019<\/a><\/blockquote><script async src=\"https:\/\/platform.twitter.com\/widgets.js\" charset=\"utf-8\"><\/script>\n<\/div><\/figure>\n\n\n\n<p>Fuente: expreso.ec<\/p>\n<div class=\"gsp_post_data\" \r\n\t            data-post_type=\"post\" \r\n\t            data-cat=\"general,noticias-ecuador\" \r\n\t            data-modified=\"120\"\r\n\t            data-created=\"1546627992\"\r\n\t            data-title=\"Proyectos petroleros en el gobierno de Correa a investigaci\u00f3n\" \r\n\t            data-home=\"https:\/\/www.evafm.net\/sitio\"><\/div>","protected":false},"excerpt":{"rendered":"<p>El presidente&nbsp;Len\u00edn&nbsp;Moreno, volvi\u00f3 a acusar el viernes de sobreprecios por al menos&nbsp;2.450 millones de d\u00f3lares&nbsp;al gobierno del exmandatario&nbsp;Rafael&nbsp;Correa. \u201cEvaluaci\u00f3n de @ONU\u00edes confirma&nbsp;sobreprecio e irregularidades&nbsp;en 5 proyectos petroleros del r\u00e9gimen anterior\u201d, dijo a trav\u00e9s de su cuenta en Twitter Moreno. \u201cHoy (viernes) presentamos denuncia ante @FiscaliaEcuador y Contralor\u00eda. \u00a1La lucha contra la corrupci\u00f3n es frontal!\u201d, a\u00f1adi\u00f3&#8230;.<\/p>\n","protected":false},"author":5,"featured_media":43195,"comment_status":"closed","ping_status":"open","sticky":false,"template":"","format":"standard","meta":{"_joinchat":[],"footnotes":""},"categories":[1720,1558],"tags":[],"class_list":["post-43194","post","type-post","status-publish","format-standard","has-post-thumbnail","hentry","category-general","category-noticias-ecuador","have-post-thumb"],"_links":{"self":[{"href":"https:\/\/www.evafm.net\/sitio\/wp-json\/wp\/v2\/posts\/43194","targetHints":{"allow":["GET"]}}],"collection":[{"href":"https:\/\/www.evafm.net\/sitio\/wp-json\/wp\/v2\/posts"}],"about":[{"href":"https:\/\/www.evafm.net\/sitio\/wp-json\/wp\/v2\/types\/post"}],"author":[{"embeddable":true,"href":"https:\/\/www.evafm.net\/sitio\/wp-json\/wp\/v2\/users\/5"}],"replies":[{"embeddable":true,"href":"https:\/\/www.evafm.net\/sitio\/wp-json\/wp\/v2\/comments?post=43194"}],"version-history":[{"count":2,"href":"https:\/\/www.evafm.net\/sitio\/wp-json\/wp\/v2\/posts\/43194\/revisions"}],"predecessor-version":[{"id":43198,"href":"https:\/\/www.evafm.net\/sitio\/wp-json\/wp\/v2\/posts\/43194\/revisions\/43198"}],"wp:featuredmedia":[{"embeddable":true,"href":"https:\/\/www.evafm.net\/sitio\/wp-json\/wp\/v2\/media\/43195"}],"wp:attachment":[{"href":"https:\/\/www.evafm.net\/sitio\/wp-json\/wp\/v2\/media?parent=43194"}],"wp:term":[{"taxonomy":"category","embeddable":true,"href":"https:\/\/www.evafm.net\/sitio\/wp-json\/wp\/v2\/categories?post=43194"},{"taxonomy":"post_tag","embeddable":true,"href":"https:\/\/www.evafm.net\/sitio\/wp-json\/wp\/v2\/tags?post=43194"}],"curies":[{"name":"wp","href":"https:\/\/api.w.org\/{rel}","templated":true}]}}