{"id":43202,"date":"2019-01-04T19:12:37","date_gmt":"2019-01-05T00:12:37","guid":{"rendered":"https:\/\/www.evafm.net\/sitio\/?p=43202"},"modified":"2019-01-04T19:20:57","modified_gmt":"2019-01-05T00:20:57","slug":"selim-doumet-y-francisco-egas-encabezan-las-listas-para-presidir-la-fef","status":"publish","type":"post","link":"https:\/\/www.evafm.net\/sitio\/selim-doumet-y-francisco-egas-encabezan-las-listas-para-presidir-la-fef\/","title":{"rendered":"Selim Doumet y Francisco Egas encabezan las listas para presidir la FEF"},"content":{"rendered":"\n<p><strong>Selim Doumet<\/strong>, principal de la&nbsp;<strong>Asociaci\u00f3n de F\u00fatbol del Guayas<\/strong>, inscribi\u00f3 en la tarde de este viernes su candidatura a la presidencia de la&nbsp;<strong>Federaci\u00f3n Ecuatoriana de F\u00fatbol<\/strong>&nbsp;(FEF) para el per\u00edodo 2019-2023.<\/p>\n\n\n\n<p>Doumet estar\u00e1 acompa\u00f1ado en binomio por\u00a0<strong>Karina Chango<\/strong>, vicepresidenta de\u00a0<strong>Mushuc Runa<\/strong>\u00a0e hija del dirigente\u00a0<strong>Luis Chango<\/strong>, y en disputa con la otra lista inscrita, la conformada principalmente por\u00a0<strong>Francisco Egas<\/strong>\u00a0y\u00a0<strong>Jaime Estrada<\/strong>.<\/p>\n\n\n\n<p>Este viernes a las 17:00 se cerr\u00f3 el plazo de inscripci\u00f3n de las candidaturas, seg\u00fan record\u00f3&nbsp;<strong>\u00c1lex de la Torre<\/strong>, actual vicepresidente de la FEF.<\/p>\n\n\n\n<p>El nombre del actual titular del organismo,&nbsp;<strong>Carlos Villac\u00eds<\/strong>, no figura entre las listas presentadas.<\/p>\n\n\n\n<p>\u201cHemos hecho una lista (de postulantes) muy concreta, entre asociaciones (provinciales) y tambi\u00e9n de parte de los clubes que est\u00e1n afiliados a nosotros (lista de Doumet) y creen en nosotros\u201d, exterioriz\u00f3 a periodistas Karina Chango. \u201cSomos integrantes muy j\u00f3venes, personas muy \u00edntegras\u201d.<\/p>\n\n\n\n<p>La elecci\u00f3n del nuevo presidente de la FEF se celebrar\u00e1 el pr\u00f3ximo 31 de enero en el Congreso Ordinario del F\u00fatbol.\u00a0<strong>(D)<\/strong><\/p>\n\n\n\n<figure class=\"wp-block-embed-twitter wp-block-embed is-type-rich is-provider-twitter\"><div class=\"wp-block-embed__wrapper\">\nhttps:\/\/twitter.com\/kaslin16\/status\/1081306170642583554\n<\/div><\/figure>\n\n\n\n<blockquote class=\"wp-block-quote is-layout-flow wp-block-quote-is-layout-flow\"><p>1) Lista la candidatura de\u00a0<a href=\"https:\/\/twitter.com\/hashtag\/SelimDoumet?src=hash&amp;ref_src=twsrc%5Etfw\">#<\/a>SelimDoumet<br>Presidente: Selim Doumet (Aso. Guayas)<br>Vicepresidenta: Karina Chango (M. Runa)<br>Vocal 1: Omar Estupi\u00f1an (Aso. Esmeraldas)<br>Vocal 2: Pedro Pe\u00f1a (D. Cuenca)<br>Vocal 3: Alberto Jara ( T. Universitario)<br>Esta lista cuenta con el apoyo<br>Continua&#8230;<\/p><p>\u2014 Miguel Racines (@MigueRacines)\u00a04 de enero de 2019<\/p><\/blockquote>\n\n\n\n<blockquote class=\"wp-block-quote is-layout-flow wp-block-quote-is-layout-flow\"><p>Aso. Imbabura<br>Aso. Carchi<br>Aso. Ca\u00f1ar<br>Aso. Sucumbios<br>Aso. El Oro<br>Aso. Sta. Elena<br>Aso. Esmeraldas<br>Aso. Azuay<br>Aso. Orellana<br>Aso. Cotopaxi<br>Aso. Los Rios<br>Aso. Sto Domingo<br>Aso. Bol\u00edvar<br>Aso. Guayas<br>Aso. Tungurahua<\/p><p>Adem\u00e1s de los siguientes clubes:<br>Contin\u00faa&#8230;<\/p><p>\u2014 Miguel Racines (@MigueRacines)\u00a0 <br>4 de enero de 2019 <\/p><\/blockquote>\n\n\n\n<blockquote class=\"wp-block-quote is-layout-flow wp-block-quote-is-layout-flow\"><p>Aucas<br>Emelec<br>T\u00e9cnico<br>Macara<br>M. Runa<br>Cuenca<br>Fuerza Amarilla<br>Puerto Quito<br>Santa Rita<br>Liga de Loja<br>Duros del Bal\u00f3n@mundodeporfm\u00a0@DonOmarSierra@TarcisioRomero\u00a0@posso_sports\u00a0@alinroberto@gomezdelhierro<\/p><p>\u2014 Miguel Racines (@MigueRacines)\u00a0 <br>4 de enero de 2019 <\/p><p> <br><\/p><p><\/p><\/blockquote>\n\n\n\n<figure class=\"wp-block-embed-twitter wp-block-embed is-type-rich is-provider-twitter\"><div class=\"wp-block-embed__wrapper\">\n<blockquote class=\"twitter-tweet\" data-width=\"550\" data-dnt=\"true\"><p lang=\"es\" dir=\"ltr\">\u00a1Por el ECUADOR! \ud83c\uddea\ud83c\udde8<br>\u00a1Por la CLASIFICACI\u00d3N! <br>Presentamos oficialmente nuestra candidatura para buscar el CAMBIO de la <a href=\"https:\/\/twitter.com\/hashtag\/FEF?src=hash&amp;ref_src=twsrc%5Etfw\">#FEF<\/a> que tanto quiere el pa\u00eds. Este equipo, con la experiencia y resultados que nos caracteriza, asume este reto. <a href=\"https:\/\/twitter.com\/hashtag\/PorUnaNuevaFEF?src=hash&amp;ref_src=twsrc%5Etfw\">#PorUnaNuevaFEF<\/a> <a href=\"https:\/\/t.co\/EhVYSwPsQK\">pic.twitter.com\/EhVYSwPsQK<\/a><\/p>&mdash; Francisco Egas (@franciscoegas) <a href=\"https:\/\/twitter.com\/franciscoegas\/status\/1081298786595586048?ref_src=twsrc%5Etfw\">January 4, 2019<\/a><\/blockquote><script async src=\"https:\/\/platform.twitter.com\/widgets.js\" charset=\"utf-8\"><\/script>\n<\/div><\/figure>\n\n\n\n<p>Fuente: eluniverso.com &#8211; teradeportes.com &#8211; twitter.com<\/p>\n<div class=\"gsp_post_data\" \r\n\t            data-post_type=\"post\" \r\n\t            data-cat=\"deportes-ecuador,general\" \r\n\t            data-modified=\"120\"\r\n\t            data-created=\"1546629157\"\r\n\t            data-title=\"Selim Doumet y Francisco Egas encabezan las listas para presidir la FEF\" \r\n\t            data-home=\"https:\/\/www.evafm.net\/sitio\"><\/div>","protected":false},"excerpt":{"rendered":"<p>Selim Doumet, principal de la&nbsp;Asociaci\u00f3n de F\u00fatbol del Guayas, inscribi\u00f3 en la tarde de este viernes su candidatura a la presidencia de la&nbsp;Federaci\u00f3n Ecuatoriana de F\u00fatbol&nbsp;(FEF) para el per\u00edodo 2019-2023. Doumet estar\u00e1 acompa\u00f1ado en binomio por\u00a0Karina Chango, vicepresidenta de\u00a0Mushuc Runa\u00a0e hija del dirigente\u00a0Luis Chango, y en disputa con la otra lista inscrita, la conformada principalmente&#8230;<\/p>\n","protected":false},"author":5,"featured_media":43203,"comment_status":"closed","ping_status":"open","sticky":false,"template":"","format":"standard","meta":{"_joinchat":[],"footnotes":""},"categories":[1557,1720],"tags":[],"class_list":["post-43202","post","type-post","status-publish","format-standard","has-post-thumbnail","hentry","category-deportes-ecuador","category-general","have-post-thumb"],"_links":{"self":[{"href":"https:\/\/www.evafm.net\/sitio\/wp-json\/wp\/v2\/posts\/43202","targetHints":{"allow":["GET"]}}],"collection":[{"href":"https:\/\/www.evafm.net\/sitio\/wp-json\/wp\/v2\/posts"}],"about":[{"href":"https:\/\/www.evafm.net\/sitio\/wp-json\/wp\/v2\/types\/post"}],"author":[{"embeddable":true,"href":"https:\/\/www.evafm.net\/sitio\/wp-json\/wp\/v2\/users\/5"}],"replies":[{"embeddable":true,"href":"https:\/\/www.evafm.net\/sitio\/wp-json\/wp\/v2\/comments?post=43202"}],"version-history":[{"count":2,"href":"https:\/\/www.evafm.net\/sitio\/wp-json\/wp\/v2\/posts\/43202\/revisions"}],"predecessor-version":[{"id":43206,"href":"https:\/\/www.evafm.net\/sitio\/wp-json\/wp\/v2\/posts\/43202\/revisions\/43206"}],"wp:featuredmedia":[{"embeddable":true,"href":"https:\/\/www.evafm.net\/sitio\/wp-json\/wp\/v2\/media\/43203"}],"wp:attachment":[{"href":"https:\/\/www.evafm.net\/sitio\/wp-json\/wp\/v2\/media?parent=43202"}],"wp:term":[{"taxonomy":"category","embeddable":true,"href":"https:\/\/www.evafm.net\/sitio\/wp-json\/wp\/v2\/categories?post=43202"},{"taxonomy":"post_tag","embeddable":true,"href":"https:\/\/www.evafm.net\/sitio\/wp-json\/wp\/v2\/tags?post=43202"}],"curies":[{"name":"wp","href":"https:\/\/api.w.org\/{rel}","templated":true}]}}