{"id":43209,"date":"2019-01-07T12:48:28","date_gmt":"2019-01-07T17:48:28","guid":{"rendered":"https:\/\/www.evafm.net\/sitio\/?p=43209"},"modified":"2019-01-07T12:51:53","modified_gmt":"2019-01-07T17:51:53","slug":"650-millones-adicionales-se-requieren-para-proyectos-petroleros","status":"publish","type":"post","link":"https:\/\/www.evafm.net\/sitio\/650-millones-adicionales-se-requieren-para-proyectos-petroleros\/","title":{"rendered":"650 millones adicionales se requieren para proyectos petroleros"},"content":{"rendered":"\n<p>La presentaci\u00f3n para dar a conocer los resultados de la evaluaci\u00f3n t\u00e9cnica realizada a&nbsp;<strong>cinco proyectos petroleros<\/strong>&nbsp;construidos durante la administraci\u00f3n del exvicepresidente Rafael Correa, tuvo lugar este lunes 7 de enero de 2019.<\/p>\n\n\n\n<p>En la sesi\u00f3n participaron el ministro de Hidrocarburos, Carlos P\u00e9rez, junto al viceministro Patricio Larrea; tambi\u00e9n el gerente de Petroecuador, Pablo Flores, y el representante del&nbsp;<strong>Programa de las Naciones Unidas para el Desarrollo (PNUD)<\/strong>, Nuno Queiros.<\/p>\n\n\n\n<p>La ma\u00f1ana de este lunes se inform\u00f3 que tres empresas de&nbsp;<strong>Espa\u00f1a<\/strong>,&nbsp;<strong>Reino Unido<\/strong>&nbsp;y&nbsp;<strong>Estados Unidos&nbsp;<\/strong>determinaron el estado actual de las<strong>&nbsp;refiner\u00edas de Esmeraldas y del Pac\u00edfico<\/strong>; el&nbsp;<strong>Poliducto Pascuales-Cuenca<\/strong>; la&nbsp;<strong>Planta de Licuefacci\u00f3n de Gas Natural Bajo Alto<\/strong>&nbsp;y el&nbsp;<strong>Terminal Mar\u00edtimo Monteverde<\/strong>.<\/p>\n\n\n\n<p>Queiros explic\u00f3 que \u201cel PNUD garantiz\u00f3 un proceso de licitaci\u00f3n transparente para contratar las empresas evaluadoras de los proyectos petroleros. El costo total del proceso fue de USD&nbsp;<strong>3.3 millones<\/strong>, lo que significa un ahorro del 50 %\u201d.<\/p>\n\n\n\n<p>Advirti\u00f3 que se \u201cacompa\u00f1\u00f3 t\u00e9cnicamente el proceso de evaluaci\u00f3n asegurando que los informes de las empresas evaluadas sean rigurosos. Estos ya han sido entregados a la contraparte del Gobierno del Ecuador\u201d.<\/p>\n\n\n\n<p>Los informes de las empresas revelaron que los proyectos tienen un precio superior al previsto inicialmente en unos 2.500 millones de d\u00f3lares, fallas en la planificaci\u00f3n y dise\u00f1o, incumplimientos legales y problemas de fiscalizaci\u00f3n.<\/p>\n\n\n\n<p>\u201cLas empresas evaluadoras (recomiendan) presupuestos correctivos no menos de\u00a0<strong>650 millones de d\u00f3lares<\/strong>\u00a0en total. <\/p>\n\n\n\n<p>Esa es una cifra que podr\u00eda ser conservadora\u201d, dijo el gerente de Petroecuador, Pablo Flores, durante su intervenci\u00f3n.<\/p>\n\n\n\n<p>Los recursos ser\u00e1 financiados por el Estado, a\u00f1adi\u00f3 de su parte el Ministro de Energ\u00eda,&nbsp;<strong>Carlos P\u00e9rez<\/strong>, quien asegur\u00f3 que se analiza una concesi\u00f3n de la administraci\u00f3n de los proyectos, \u201csin que sea una privatizaci\u00f3n\u201d.<\/p>\n\n\n\n<p>La refiner\u00eda Esmeraldas, de unos 110.000 barriles diarios (bpd), por ejemplo, requiere unos 172 millones de d\u00f3lares para ejecutar 8 proyectos que aseguren su plena operaci\u00f3n.<\/p>\n\n\n\n<p>El informe revel\u00f3 que la<strong>&nbsp;rehabilitaci\u00f3n realizada por Correa&nbsp;<\/strong>\u201cno garantiz\u00f3 recuperar la capacidad de procesamiento de crudo\u201d y fue insuficiente la reparaci\u00f3n integral del sistema el\u00e9ctrico.<\/p>\n\n\n\n<p>Las autoridades ratificaron el paro programado previsto en marzo por 54 d\u00edas para poder reparar la refiner\u00eda. Actualmente opera al 80 por ciento, seg\u00fan datos oficiales.<\/p>\n\n\n\n<p>En el caso de un ducto para transportar combustible, la recomendaci\u00f3n apunta a la construcci\u00f3n de uno nuevo por fallas de dise\u00f1o que no cumplen con est\u00e1ndares internacionales, seg\u00fan Flores.<\/p>\n\n\n\n<p> El Gobierno lo declar\u00f3 en emergencia.<\/p>\n\n\n\n<p>Mientras que una planta de licuefacci\u00f3n de gas fue construida sin tomar en cuenta la escasa producci\u00f3n del pa\u00eds.<\/p>\n\n\n\n<p>Correa calific\u00f3 en su cuenta de Twitter como \u201cabsurdo\u201d el anuncio del Gobierno y dijo que confunden \u201cdeliberadamente\u00a0<strong>sobreprecios con cambios de presupuestos original<\/strong>\u201d.<\/p>\n\n\n\n<p>\u201cEst\u00e1n esperando que la Refiner\u00eda explote, para echarle la culpa a Correa y luego privatizarla\u201d, agreg\u00f3.<\/p>\n\n\n\n<figure class=\"wp-block-embed-twitter wp-block-embed is-type-rich is-provider-twitter\"><div class=\"wp-block-embed__wrapper\">\n<blockquote class=\"twitter-tweet\" data-width=\"550\" data-dnt=\"true\"><p lang=\"es\" dir=\"ltr\">\ud83d\udccc[BOLET\u00cdN DE PRENSA] \ud83d\udcc4 USD 650 millones adicionales se requieren para que cinco obras petroleras de la administraci\u00f3n anterior funcionen en condiciones adecuadas, seg\u00fan evaluaci\u00f3n t\u00e9cnica avalada por la ONU. Conozca m\u00e1s detalles en \u27a1 <a href=\"https:\/\/t.co\/CDoK7Vl8tR\">https:\/\/t.co\/CDoK7Vl8tR<\/a> <a href=\"https:\/\/twitter.com\/hashtag\/NoM%C3%A1sCorrupci%C3%B3n?src=hash&amp;ref_src=twsrc%5Etfw\">#NoM\u00e1sCorrupci\u00f3n<\/a> <a href=\"https:\/\/t.co\/OPGSN1wci5\">pic.twitter.com\/OPGSN1wci5<\/a><\/p>&mdash; Ministerio de Energ\u00eda y Minas Ecuador\ud83c\uddea\ud83c\udde8 (@RecNaturalesEC) <a href=\"https:\/\/twitter.com\/RecNaturalesEC\/status\/1082300973769478144?ref_src=twsrc%5Etfw\">January 7, 2019<\/a><\/blockquote><script async src=\"https:\/\/platform.twitter.com\/widgets.js\" charset=\"utf-8\"><\/script>\n<\/div><\/figure>\n\n\n\n<p>Fuente: esxpreso.ec &#8211; twitter.com<\/p>\n<div class=\"gsp_post_data\" \r\n\t            data-post_type=\"post\" \r\n\t            data-cat=\"general,noticias-ecuador\" \r\n\t            data-modified=\"120\"\r\n\t            data-created=\"1546865308\"\r\n\t            data-title=\"650 millones adicionales se requieren para proyectos petroleros\" \r\n\t            data-home=\"https:\/\/www.evafm.net\/sitio\"><\/div>","protected":false},"excerpt":{"rendered":"<p>La presentaci\u00f3n para dar a conocer los resultados de la evaluaci\u00f3n t\u00e9cnica realizada a&nbsp;cinco proyectos petroleros&nbsp;construidos durante la administraci\u00f3n del exvicepresidente Rafael Correa, tuvo lugar este lunes 7 de enero de 2019. En la sesi\u00f3n participaron el ministro de Hidrocarburos, Carlos P\u00e9rez, junto al viceministro Patricio Larrea; tambi\u00e9n el gerente de Petroecuador, Pablo Flores, y&#8230;<\/p>\n","protected":false},"author":5,"featured_media":43211,"comment_status":"closed","ping_status":"open","sticky":false,"template":"","format":"standard","meta":{"_joinchat":[],"footnotes":""},"categories":[1720,1558],"tags":[],"class_list":["post-43209","post","type-post","status-publish","format-standard","has-post-thumbnail","hentry","category-general","category-noticias-ecuador","have-post-thumb"],"_links":{"self":[{"href":"https:\/\/www.evafm.net\/sitio\/wp-json\/wp\/v2\/posts\/43209","targetHints":{"allow":["GET"]}}],"collection":[{"href":"https:\/\/www.evafm.net\/sitio\/wp-json\/wp\/v2\/posts"}],"about":[{"href":"https:\/\/www.evafm.net\/sitio\/wp-json\/wp\/v2\/types\/post"}],"author":[{"embeddable":true,"href":"https:\/\/www.evafm.net\/sitio\/wp-json\/wp\/v2\/users\/5"}],"replies":[{"embeddable":true,"href":"https:\/\/www.evafm.net\/sitio\/wp-json\/wp\/v2\/comments?post=43209"}],"version-history":[{"count":2,"href":"https:\/\/www.evafm.net\/sitio\/wp-json\/wp\/v2\/posts\/43209\/revisions"}],"predecessor-version":[{"id":43213,"href":"https:\/\/www.evafm.net\/sitio\/wp-json\/wp\/v2\/posts\/43209\/revisions\/43213"}],"wp:featuredmedia":[{"embeddable":true,"href":"https:\/\/www.evafm.net\/sitio\/wp-json\/wp\/v2\/media\/43211"}],"wp:attachment":[{"href":"https:\/\/www.evafm.net\/sitio\/wp-json\/wp\/v2\/media?parent=43209"}],"wp:term":[{"taxonomy":"category","embeddable":true,"href":"https:\/\/www.evafm.net\/sitio\/wp-json\/wp\/v2\/categories?post=43209"},{"taxonomy":"post_tag","embeddable":true,"href":"https:\/\/www.evafm.net\/sitio\/wp-json\/wp\/v2\/tags?post=43209"}],"curies":[{"name":"wp","href":"https:\/\/api.w.org\/{rel}","templated":true}]}}