{"id":43214,"date":"2019-01-07T13:03:25","date_gmt":"2019-01-07T18:03:25","guid":{"rendered":"https:\/\/www.evafm.net\/sitio\/?p=43214"},"modified":"2019-01-07T13:03:38","modified_gmt":"2019-01-07T18:03:38","slug":"transportistas-escolares-protestaron-en-guayaquil","status":"publish","type":"post","link":"https:\/\/www.evafm.net\/sitio\/transportistas-escolares-protestaron-en-guayaquil\/","title":{"rendered":"Transportistas escolares protestaron en Guayaquil"},"content":{"rendered":"\n<p>El anuncio del\u00a0presidente Len\u00edn Moreno, que realiz\u00f3 en cadena nacional- de no incrementar el precio del di\u00e9sel, no es suficiente para los transportistas escolares.\u00a0As\u00ed lo asegur\u00f3 -v\u00eda telef\u00f3nica- Henry Pinto, presidente de la Junta Provincial de Transporte Escolar del Guayas.\u00a0<\/p>\n\n\n\n<p>\u00abHoy nos manifestamos sin interrumpir el tr\u00e1nsito y bloquear v\u00edas. Queremos que se derogue el decreto. Esto afecta a la econom\u00eda familiar\u00bb, dice.&nbsp;<\/p>\n\n\n\n<p>El decreto 619 reduce el subsidio de las gasolinas eco, extra y el di\u00e9sel. Sin embargo, d\u00edas antes el Gobierno ratific\u00f3 que el gal\u00f3n de di\u00e9sel seguir\u00e1 en $ 1,037 para el transporte de carga, escolar y pasajes.\u00a0<\/p>\n\n\n\n<p>Pinto menciona que en total son 2.000 unidades que funcionan en Guayaquil, de las cuales 700 se movilizaron hoy por la v\u00eda a la Costa, Daule, a lo largo de la calle Portete y en el redondel de la La Pradera, sur de la ciudad.&nbsp;<\/p>\n\n\n\n<p>La manifestaci\u00f3n comenz\u00f3 aproximadamente a las 08:30 de este lunes y culmin\u00f3 a las 09:15 hasta llegar a la sede de la Federaci\u00f3n Nacional de Transporte Escolar, ubicada en las calles Asisclo Garay y Col\u00f3n.\u00a0<\/p>\n\n\n\n<p> Frente a la pregunta de un posible mecanismos de compensaci\u00f3n, Pinto se\u00f1al\u00f3 que el problema es la diversidad de unidades y por ello la compensaci\u00f3n deber\u00eda ser diversa. Cita como ejemplo un consumo de 9 galones al d\u00eda ($10) de una furgoneta con capacidad para 16 estudiantes; mientras que un bus (45 personas) al d\u00eda consumen 26 galones que equivale a $25.\u00a0 <\/p>\n\n\n\n<p>\u00abEse es un perjuicio porque un padre de familia que paga el expreso, por ejemplo $50, no va a pagar el doble. Nosotros como transporte escolar quebramos porque no tenemos a quien transportar, no alcanzar\u00eda. El negocio no ser\u00eda rentable\u00bb, afirm\u00f3.&nbsp;<\/p>\n\n\n\n<p>Seg\u00fan Pinto, para las 15:00 se prev\u00e9 una reuni\u00f3n en el Palacio de Carondelet. (I)<\/p>\n\n\n\n<p>Fuente: eluniverso.com<\/p>\n<div class=\"gsp_post_data\" \r\n\t            data-post_type=\"post\" \r\n\t            data-cat=\"noticias-ecuador\" \r\n\t            data-modified=\"120\"\r\n\t            data-created=\"1546866205\"\r\n\t            data-title=\"Transportistas escolares protestaron en Guayaquil\" \r\n\t            data-home=\"https:\/\/www.evafm.net\/sitio\"><\/div>","protected":false},"excerpt":{"rendered":"<p>El anuncio del\u00a0presidente Len\u00edn Moreno, que realiz\u00f3 en cadena nacional- de no incrementar el precio del di\u00e9sel, no es suficiente para los transportistas escolares.\u00a0As\u00ed lo asegur\u00f3 -v\u00eda telef\u00f3nica- Henry Pinto, presidente de la Junta Provincial de Transporte Escolar del Guayas.\u00a0 \u00abHoy nos manifestamos sin interrumpir el tr\u00e1nsito y bloquear v\u00edas. Queremos que se derogue el&#8230;<\/p>\n","protected":false},"author":5,"featured_media":43215,"comment_status":"closed","ping_status":"open","sticky":false,"template":"","format":"standard","meta":{"_joinchat":[],"footnotes":""},"categories":[1558],"tags":[],"class_list":["post-43214","post","type-post","status-publish","format-standard","has-post-thumbnail","hentry","category-noticias-ecuador","have-post-thumb"],"_links":{"self":[{"href":"https:\/\/www.evafm.net\/sitio\/wp-json\/wp\/v2\/posts\/43214","targetHints":{"allow":["GET"]}}],"collection":[{"href":"https:\/\/www.evafm.net\/sitio\/wp-json\/wp\/v2\/posts"}],"about":[{"href":"https:\/\/www.evafm.net\/sitio\/wp-json\/wp\/v2\/types\/post"}],"author":[{"embeddable":true,"href":"https:\/\/www.evafm.net\/sitio\/wp-json\/wp\/v2\/users\/5"}],"replies":[{"embeddable":true,"href":"https:\/\/www.evafm.net\/sitio\/wp-json\/wp\/v2\/comments?post=43214"}],"version-history":[{"count":1,"href":"https:\/\/www.evafm.net\/sitio\/wp-json\/wp\/v2\/posts\/43214\/revisions"}],"predecessor-version":[{"id":43216,"href":"https:\/\/www.evafm.net\/sitio\/wp-json\/wp\/v2\/posts\/43214\/revisions\/43216"}],"wp:featuredmedia":[{"embeddable":true,"href":"https:\/\/www.evafm.net\/sitio\/wp-json\/wp\/v2\/media\/43215"}],"wp:attachment":[{"href":"https:\/\/www.evafm.net\/sitio\/wp-json\/wp\/v2\/media?parent=43214"}],"wp:term":[{"taxonomy":"category","embeddable":true,"href":"https:\/\/www.evafm.net\/sitio\/wp-json\/wp\/v2\/categories?post=43214"},{"taxonomy":"post_tag","embeddable":true,"href":"https:\/\/www.evafm.net\/sitio\/wp-json\/wp\/v2\/tags?post=43214"}],"curies":[{"name":"wp","href":"https:\/\/api.w.org\/{rel}","templated":true}]}}