{"id":43217,"date":"2019-01-07T13:11:54","date_gmt":"2019-01-07T18:11:54","guid":{"rendered":"https:\/\/www.evafm.net\/sitio\/?p=43217"},"modified":"2019-01-07T13:28:44","modified_gmt":"2019-01-07T18:28:44","slug":"barcelona-sc-ya-comenzo-venta-de-entradas-para-la-noche-amarilla-2019","status":"publish","type":"post","link":"https:\/\/www.evafm.net\/sitio\/barcelona-sc-ya-comenzo-venta-de-entradas-para-la-noche-amarilla-2019\/","title":{"rendered":"Barcelona SC ya comenz\u00f3 venta de entradas para la Noche Amarilla 2019"},"content":{"rendered":"\n<p>Por el momento, la venta de entradas es exclusiva para socios indic\u00f3 este s\u00e1bado en sus redes sociales el equipo torero.<\/p>\n\n\n\n<p>Se venden este s\u00e1bado 5, domingo 6 y lunes 7 de enero.<\/p>\n\n\n\n<h3 class=\"wp-block-heading\">Costos de entradas para la Noche Amarilla<\/h3>\n\n\n\n<ul class=\"wp-block-list\"><li>General $20<\/li><li>Tribuna $30<\/li><li>Palcos $40<\/li><li>Suite $50<\/li><\/ul>\n\n\n\n<h3 class=\"wp-block-heading\">Ante Alianza Lima<\/h3>\n\n\n\n<p>Barcelona SC tambi\u00e9n ya comenz\u00f3 la cuenta regresiva para la Noche Amarilla.<\/p>\n\n\n\n<p>Alianza Lima, el equipo peruano que deber\u00e1 enfrentar al \u00cddolo del Astillero, ya lo hab\u00eda anunciado:&nbsp;Barcelona lo recibir\u00e1 en el Monumental el 26 de enero, luego de su retorno de Uruguay a donde viaja este fin de semana por la pretemporada.&nbsp;<\/p>\n\n\n\n<h3 class=\"wp-block-heading\">Convocados a pretemporada<\/h3>\n\n\n\n<p>Son 36 los jugadores que viajan al mando del DT Guillermo Almada, inform\u00f3 el club. En la lista ya constan los \u00faltimos refuerzos recientemente contratados: Fidel Mart\u00ednez, Robert Herrera y Sebasti\u00e1n P\u00e9rez.<\/p>\n\n\n\n<p> Los m\u00e9dicos del equipo amarillo dieron por finalizados los chequeos m\u00e9dicos, por lo que un primer grupo ya sali\u00f3 este s\u00e1bado rumbo a Uruguay, otro grupo lo har\u00e1 este domingo 6 de enero. (D) <\/p>\n\n\n\n<figure class=\"wp-block-embed-twitter wp-block-embed is-type-rich is-provider-twitter\"><div class=\"wp-block-embed__wrapper\">\n<blockquote class=\"twitter-tweet\" data-width=\"550\" data-dnt=\"true\"><p lang=\"pt\" dir=\"ltr\">N\u00f3mina \ud83d\udccb de convocados para la <a href=\"https:\/\/twitter.com\/hashtag\/PretemporadaBSC2019?src=hash&amp;ref_src=twsrc%5Etfw\">#PretemporadaBSC2019<\/a> \u26bd <a href=\"https:\/\/twitter.com\/hashtag\/M%C3%A1s%C3%8DdoloQueNunca?src=hash&amp;ref_src=twsrc%5Etfw\">#M\u00e1s\u00cddoloQueNunca<\/a><a href=\"https:\/\/twitter.com\/hashtag\/M%C3%A1sUnidosQueNunca?src=hash&amp;ref_src=twsrc%5Etfw\">#M\u00e1sUnidosQueNunca<\/a> <a href=\"https:\/\/t.co\/iQJ4r9OiYx\">pic.twitter.com\/iQJ4r9OiYx<\/a><\/p>&mdash; BARCELONA S.C. (@BarcelonaSC) <a href=\"https:\/\/twitter.com\/BarcelonaSC\/status\/1081687071717244928?ref_src=twsrc%5Etfw\">January 5, 2019<\/a><\/blockquote><script async src=\"https:\/\/platform.twitter.com\/widgets.js\" charset=\"utf-8\"><\/script>\n<\/div><\/figure>\n\n\n\n<figure class=\"wp-block-embed-twitter wp-block-embed is-type-rich is-provider-twitter\"><div class=\"wp-block-embed__wrapper\">\n<blockquote class=\"twitter-tweet\" data-width=\"550\" data-dnt=\"true\"><p lang=\"es\" dir=\"ltr\">Entrega y compromiso \ud83d\udcaa\ud83c\udffb\ud83c\udfc3\ud83c\udffd\u200d\u2642\ufe0f\u26bd\ufe0f <a href=\"https:\/\/twitter.com\/hashtag\/PretemporadaBSC2019?src=hash&amp;ref_src=twsrc%5Etfw\">#PretemporadaBSC2019<\/a> <a href=\"https:\/\/twitter.com\/hashtag\/M%C3%A1s%C3%8DdoloQueNunca?src=hash&amp;ref_src=twsrc%5Etfw\">#M\u00e1s\u00cddoloQueNunca<\/a> <a href=\"https:\/\/twitter.com\/hashtag\/M%C3%A1sUnidosQueNunca?src=hash&amp;ref_src=twsrc%5Etfw\">#M\u00e1sUnidosQueNunca<\/a> <a href=\"https:\/\/t.co\/uKSALwijRL\">pic.twitter.com\/uKSALwijRL<\/a><\/p>&mdash; BARCELONA S.C. (@BarcelonaSC) <a href=\"https:\/\/twitter.com\/BarcelonaSC\/status\/1082265545200803846?ref_src=twsrc%5Etfw\">January 7, 2019<\/a><\/blockquote><script async src=\"https:\/\/platform.twitter.com\/widgets.js\" charset=\"utf-8\"><\/script>\n<\/div><\/figure>\n\n\n\n<p>Fuente: eluniverso.com &#8211; twitter.com <\/p>\n<div class=\"gsp_post_data\" \r\n\t            data-post_type=\"post\" \r\n\t            data-cat=\"deportes-ecuador,general\" \r\n\t            data-modified=\"120\"\r\n\t            data-created=\"1546866714\"\r\n\t            data-title=\"Barcelona SC ya comenz\u00f3 venta de entradas para la Noche Amarilla 2019\" \r\n\t            data-home=\"https:\/\/www.evafm.net\/sitio\"><\/div>","protected":false},"excerpt":{"rendered":"<p>Por el momento, la venta de entradas es exclusiva para socios indic\u00f3 este s\u00e1bado en sus redes sociales el equipo torero. Se venden este s\u00e1bado 5, domingo 6 y lunes 7 de enero. Costos de entradas para la Noche Amarilla General $20 Tribuna $30 Palcos $40 Suite $50 Ante Alianza Lima Barcelona SC tambi\u00e9n ya&#8230;<\/p>\n","protected":false},"author":5,"featured_media":43218,"comment_status":"closed","ping_status":"open","sticky":false,"template":"","format":"standard","meta":{"_joinchat":[],"footnotes":""},"categories":[1557,1720],"tags":[],"class_list":["post-43217","post","type-post","status-publish","format-standard","has-post-thumbnail","hentry","category-deportes-ecuador","category-general","have-post-thumb"],"_links":{"self":[{"href":"https:\/\/www.evafm.net\/sitio\/wp-json\/wp\/v2\/posts\/43217","targetHints":{"allow":["GET"]}}],"collection":[{"href":"https:\/\/www.evafm.net\/sitio\/wp-json\/wp\/v2\/posts"}],"about":[{"href":"https:\/\/www.evafm.net\/sitio\/wp-json\/wp\/v2\/types\/post"}],"author":[{"embeddable":true,"href":"https:\/\/www.evafm.net\/sitio\/wp-json\/wp\/v2\/users\/5"}],"replies":[{"embeddable":true,"href":"https:\/\/www.evafm.net\/sitio\/wp-json\/wp\/v2\/comments?post=43217"}],"version-history":[{"count":2,"href":"https:\/\/www.evafm.net\/sitio\/wp-json\/wp\/v2\/posts\/43217\/revisions"}],"predecessor-version":[{"id":43222,"href":"https:\/\/www.evafm.net\/sitio\/wp-json\/wp\/v2\/posts\/43217\/revisions\/43222"}],"wp:featuredmedia":[{"embeddable":true,"href":"https:\/\/www.evafm.net\/sitio\/wp-json\/wp\/v2\/media\/43218"}],"wp:attachment":[{"href":"https:\/\/www.evafm.net\/sitio\/wp-json\/wp\/v2\/media?parent=43217"}],"wp:term":[{"taxonomy":"category","embeddable":true,"href":"https:\/\/www.evafm.net\/sitio\/wp-json\/wp\/v2\/categories?post=43217"},{"taxonomy":"post_tag","embeddable":true,"href":"https:\/\/www.evafm.net\/sitio\/wp-json\/wp\/v2\/tags?post=43217"}],"curies":[{"name":"wp","href":"https:\/\/api.w.org\/{rel}","templated":true}]}}