{"id":43239,"date":"2019-01-07T16:38:32","date_gmt":"2019-01-07T21:38:32","guid":{"rendered":"https:\/\/www.evafm.net\/sitio\/?p=43239"},"modified":"2019-01-07T17:15:36","modified_gmt":"2019-01-07T22:15:36","slug":"la-dura-respuesta-de-alfonso-cuaron-a-un-periodista","status":"publish","type":"post","link":"https:\/\/www.evafm.net\/sitio\/la-dura-respuesta-de-alfonso-cuaron-a-un-periodista\/","title":{"rendered":"La dura respuesta de Alfonso Cuar\u00f3n a un periodista"},"content":{"rendered":"\n<p>El cineasta mexicano&nbsp;<strong>Alfonso Cuar\u00f3n<\/strong>&nbsp;respondi\u00f3 de manera implacable a un periodista que lo cuestion\u00f3 tras su reciente&nbsp;<strong>triunfo en los Globos de Oro con la cinta \u00abRoma\u00bb.<\/strong><\/p>\n\n\n\n<p>En la gala del 6 de enero, organizada por la&nbsp;<strong>Asociaci\u00f3n de Prensa Extranjera de Hollywood<\/strong>, Cuar\u00f3n se alz\u00f3 con los premios de&nbsp;<strong>Mejor pel\u00edcula extranjera y Mejor Director.<\/strong><\/p>\n\n\n\n<p>Tras la entrega de galardones, en el habitual&nbsp;<strong>encuentro que los premiados tienen con la prensa<\/strong>, Cuar\u00f3n fue cuestionado por uno de los periodistas, que hasta ahora no ha sido identificado.<\/p>\n\n\n\n<p><strong>El reportero mostr\u00f3 su preocupaci\u00f3n por el futuro del cine independiente<\/strong>\u00a0ante el hecho de que \u00abRoma\u00bb fuera estrenada v\u00eda Netflix, la empresa que la produjo.<\/p>\n\n\n\n<p>Aunque tambi\u00e9n debi\u00f3 estrenarse en algunas salas para que pueda ser considerada en la&nbsp;<strong>temporada de premios en Hollywood,<\/strong>&nbsp;al menos en M\u00e9xico su presencia en salas fue limitada y las grandes cadenas no la exhibieron.<\/p>\n\n\n\n<p>Despu\u00e9s de escuchar atento la pregunta del periodista, que incluso&nbsp;<strong>suger\u00eda la muerte del cine independiente,<\/strong>&nbsp;dado que ya no ser\u00e1 necesario que las pel\u00edculas se estrenen en salas, el cineasta mexicano respondi\u00f3 as\u00ed:<\/p>\n\n\n\n<p>\u00abMi pregunta para ti es \u00bf<strong>en cu\u00e1ntos cines crees que una cinta mexicana en blanco y negro<\/strong>, en espa\u00f1ol y mixteco, un drama sin estrellas (se habr\u00eda estrenado)? \u00bfqu\u00e9 tan grande crees que ser\u00eda como un estreno convencional?\u00bb<\/p>\n\n\n\n<p>\u00abNo fue un estreno cosm\u00e9tico\u2026<strong>&nbsp;la cinta abri\u00f3 hace m\u00e1s de un mes y a\u00fan se exhibe. Eso es raro para un filme extranjero.<\/strong>&nbsp;Creo que es muy injusto decir eso. \u00bfPor qu\u00e9 no tomas una lista de cintas extranjeras este a\u00f1o y comparas el lanzamiento en cines y cu\u00e1nto tiempo han estado exhibidas?. Ve cu\u00e1ntas est\u00e1n en 70 mil\u00edmetros. Ve los territorios en los que se est\u00e1n mostrando\u00bb, a\u00f1adi\u00f3 Cuar\u00f3n, de quien se espera que tambi\u00e9n resulte nominado al Oscar con su nueva pel\u00edcula.<\/p>\n\n\n\n<p>Para el cineasta mexicano,\u00a0<strong>la discusi\u00f3n acerca de Netflix y las plataformas en general debe termina,<\/strong>\u00a0pues considera que dichos medios y las salas de cine van juntos.<\/p>\n\n\n\n<p>Adem\u00e1s asegur\u00f3 que<strong>&nbsp;esa discusi\u00f3n s\u00f3lo est\u00e1 da\u00f1ando al cine.<\/strong><\/p>\n\n\n\n<p>El cineasta coment\u00f3 que debemos estar conscientes de que la experiencia en salas de cine se ha convertido en algo muy centrado en un tipo espec\u00edfico de producto.<\/p>\n\n\n\n<p>\u00abJusto ahora es incuestionable que tienes a todos estos cineastas, directores interesantes,\u00a0<strong>haciendo cine con distintas plataformas porque esas plataformas no temen hacer estos filmes<\/strong>\u00a0y como &#8216;Roma&#8217;, espero que muchos otros tengan un estreno en cines, m\u00e1s grande que el que tuve\u00bb.<\/p>\n\n\n\n<figure class=\"wp-block-embed-youtube wp-block-embed is-type-video is-provider-youtube wp-embed-aspect-16-9 wp-has-aspect-ratio\"><div class=\"wp-block-embed__wrapper\">\n<iframe title=\"Golden Globes Winner Alfonso Cuar\u00f3n Full Press Room Speech | THR\" width=\"1200\" height=\"675\" src=\"https:\/\/www.youtube.com\/embed\/5I2SvaQ46mA?feature=oembed\" frameborder=\"0\" allow=\"accelerometer; autoplay; clipboard-write; encrypted-media; gyroscope; picture-in-picture; web-share\" referrerpolicy=\"strict-origin-when-cross-origin\" allowfullscreen><\/iframe>\n<\/div><\/figure>\n\n\n\n<p>Fuente: infobae.com<\/p>\n\n\n\n<p><\/p>\n<div class=\"gsp_post_data\" \r\n\t            data-post_type=\"post\" \r\n\t            data-cat=\"farandula-internacional\" \r\n\t            data-modified=\"120\"\r\n\t            data-created=\"1546879112\"\r\n\t            data-title=\"La dura respuesta de Alfonso Cuar\u00f3n a un periodista\" \r\n\t            data-home=\"https:\/\/www.evafm.net\/sitio\"><\/div>","protected":false},"excerpt":{"rendered":"<p>El cineasta mexicano&nbsp;Alfonso Cuar\u00f3n&nbsp;respondi\u00f3 de manera implacable a un periodista que lo cuestion\u00f3 tras su reciente&nbsp;triunfo en los Globos de Oro con la cinta \u00abRoma\u00bb. En la gala del 6 de enero, organizada por la&nbsp;Asociaci\u00f3n de Prensa Extranjera de Hollywood, Cuar\u00f3n se alz\u00f3 con los premios de&nbsp;Mejor pel\u00edcula extranjera y Mejor Director. Tras la entrega&#8230;<\/p>\n","protected":false},"author":5,"featured_media":43240,"comment_status":"closed","ping_status":"open","sticky":false,"template":"","format":"standard","meta":{"_joinchat":[],"footnotes":""},"categories":[1346],"tags":[],"class_list":["post-43239","post","type-post","status-publish","format-standard","has-post-thumbnail","hentry","category-farandula-internacional","have-post-thumb"],"_links":{"self":[{"href":"https:\/\/www.evafm.net\/sitio\/wp-json\/wp\/v2\/posts\/43239","targetHints":{"allow":["GET"]}}],"collection":[{"href":"https:\/\/www.evafm.net\/sitio\/wp-json\/wp\/v2\/posts"}],"about":[{"href":"https:\/\/www.evafm.net\/sitio\/wp-json\/wp\/v2\/types\/post"}],"author":[{"embeddable":true,"href":"https:\/\/www.evafm.net\/sitio\/wp-json\/wp\/v2\/users\/5"}],"replies":[{"embeddable":true,"href":"https:\/\/www.evafm.net\/sitio\/wp-json\/wp\/v2\/comments?post=43239"}],"version-history":[{"count":2,"href":"https:\/\/www.evafm.net\/sitio\/wp-json\/wp\/v2\/posts\/43239\/revisions"}],"predecessor-version":[{"id":43243,"href":"https:\/\/www.evafm.net\/sitio\/wp-json\/wp\/v2\/posts\/43239\/revisions\/43243"}],"wp:featuredmedia":[{"embeddable":true,"href":"https:\/\/www.evafm.net\/sitio\/wp-json\/wp\/v2\/media\/43240"}],"wp:attachment":[{"href":"https:\/\/www.evafm.net\/sitio\/wp-json\/wp\/v2\/media?parent=43239"}],"wp:term":[{"taxonomy":"category","embeddable":true,"href":"https:\/\/www.evafm.net\/sitio\/wp-json\/wp\/v2\/categories?post=43239"},{"taxonomy":"post_tag","embeddable":true,"href":"https:\/\/www.evafm.net\/sitio\/wp-json\/wp\/v2\/tags?post=43239"}],"curies":[{"name":"wp","href":"https:\/\/api.w.org\/{rel}","templated":true}]}}