{"id":43245,"date":"2019-01-07T19:14:11","date_gmt":"2019-01-08T00:14:11","guid":{"rendered":"https:\/\/www.evafm.net\/sitio\/?p=43245"},"modified":"2019-01-07T19:24:25","modified_gmt":"2019-01-08T00:24:25","slug":"adamari-lopez-detalla-la-condicion-que-sufrio","status":"publish","type":"post","link":"https:\/\/www.evafm.net\/sitio\/adamari-lopez-detalla-la-condicion-que-sufrio\/","title":{"rendered":"Adamari L\u00f3pez detalla la condici\u00f3n que sufri\u00f3"},"content":{"rendered":"\n<p>La actriz&nbsp;<strong>Adamari L\u00f3pez<\/strong>&nbsp;ya est\u00e1 recuperada de la influenza que la mantuvo fuera de sus labores como presentadora del programa \u201cUn Nuevo D\u00eda\u201d.<\/p>\n\n\n\n<p>Hoy a su regreso al programa, la puertorrique\u00f1a habl\u00f3 extensamente sobre su estado de salud y de todos los sentimientos que la embargaron durante su convalecencia.<\/p>\n\n\n\n<p>L\u00f3pez dijo que una amiga llamada Bibi la llev\u00f3 al hospital mientras su hermana Adalyn, quien estaba en su casa, se qued\u00f3 cuidando a su hija Alaia.<\/p>\n\n\n\n<p>\u201cBibi me llev\u00f3 al hospital y yo recuerdo haber llegado al hospital. De ah\u00ed en adelante no recuerdo nada de lo que pas\u00f3 hasta como cuatro a cinco d\u00edas antes de salir del hospital. Ya hab\u00edan pasado casi 4 semanas\u201d, relat\u00f3 la actriz, sin poder contener el llanto.<\/p>\n\n\n\n<p>A la pregunta de cu\u00e1l fue su diagn\u00f3stico, L\u00f3pez dijo que \u201c<strong>lo que me cuentan es que me diagnosticaron una toxoplasmosis, pero no era la raz\u00f3n principal, ten\u00eda una influenza, hab\u00eda pasado demasiado tiempo, los pulmones estaban comprometidos, no pod\u00eda respirar, y parec\u00eda como si estuviesen tratando un paciente con sida y con una enfermedad terminal<\/strong>\u201d.<br><\/p>\n\n\n\n<p>\u201cTen\u00eda una sedaci\u00f3n que hace que no me acuerde lo que pas\u00f3. Hay cosas en v\u00eddeo que Toni guarda\u2026 Estuve al parecer bastante delicada, yo no entend\u00eda que una influenza me pod\u00eda llevar a un estado tan cr\u00edtico como el llegu\u00e9, lo vi cuando me explic\u00f3 mi familia y mis amigos, cuando vi los v\u00eddeos y las fotos no me reconoc\u00eda. Despu\u00e9s de haber vivido el c\u00e1ncer, sus caras de angustias me part\u00eda el coraz\u00f3n, fue s\u00faper dif\u00edcil y s\u00faper duro entender cu\u00e1l era ese proceso\u201d.<\/p>\n\n\n\n<p>Cuando despert\u00f3 de su estado, la actriz \u00fanicamente ansiaba reunirse con los suyos.<\/p>\n\n\n\n<p>\u201cLo primero que veo es la foto de mi hija, al frente, con una pared, con muchos crucifijos, con muchos cuadros de los amiguitos de Alaia que me hab\u00edan pintado y solo pensaba, s\u00e1came de esto Pap\u00e1 Dios. S\u00e1came de esto para poder estar con mi hija. Era lo \u00fanico que yo ped\u00eda. Era lo \u00fanico que yo quer\u00eda, estar con mi hija y con mi familia\u201d.<\/p>\n\n\n\n<p>L\u00f3pez retom\u00f3 hoy, lunes, su rol de presentadora en el programa que transmite Telemundo.<\/p>\n\n\n\n<p>Fue el 21 de diciembre que&nbsp;<strong>L\u00f3pez anunci\u00f3 la fecha de su regreso del descanso ordenado por sus m\u00e9dicos para recuperarse de la condici\u00f3n&nbsp;<\/strong>que la mantuvo un tiempo hospitalizada y luego en su hogar.&nbsp;<\/p>\n\n\n\n<p>Durante el tiempo fuera de las c\u00e1maras, el p\u00fablico no perdi\u00f3 oportunidad de demostrarle su cari\u00f1o y desearle pronta recuperaci\u00f3n.&nbsp;<\/p>\n\n\n\n<p><strong>Hoy, el programa public\u00f3 en su cuenta de Instagram un v\u00eddeo del inicio del d\u00eda de L\u00f3pez.&nbsp;<\/strong>El mismo muestra a su hija Alaia despert\u00e1ndola con un altoparlante. Luego, prepar\u00e1ndole un desayuno de \u2018waffles\u2019 con crema batida e instruy\u00e9ndola: te lo comes todo.&nbsp;<\/p>\n\n\n\n<p>Madre e hija tambi\u00e9n escogieron el ajuar del d\u00eda, en tono \u201cpink\u201d. Ya lista para trabajar, la actriz sali\u00f3 a toda prisa en un veh\u00edculo infantil.&nbsp;<\/p>\n\n\n\n<p>Tambi\u00e9n en Instagram, el programa public\u00f3 en su Insta Story, bajo el hashtag \u201cAdaRegresa\u201d, el mensaje de L\u00f3pez anunciando su regreso y los mensajes de bienvenida de colegas artistas.&nbsp;<\/p>\n\n\n\n<p>\u201cHola mi gente linda, que bueno saludarlos y recordarles que este pr\u00f3ximo 7 de enero estar\u00e9 de regreso a &#8216;Un Nuevo D\u00eda&#8217;. Estar\u00e9 cerquita de ustedes todos los d\u00edas, as\u00ed es que los espero desde el 7 de enero, que adem\u00e1s tenemos muchas sorpresas para ustedes\u201d.&nbsp;<\/p>\n\n\n\n<p><strong>La condici\u00f3n de salud afect\u00f3 los pulmones de la actriz, por lo que tuvo que recibir terapias f\u00edsicas y respiratorias para recuperar su salud.&nbsp;<\/strong><\/p>\n\n\n\n<p>L\u00f3pez pudo disfrutar de la Navidad en familia, seg\u00fan se aprecia en sus publicaciones en Instagram.\u00a0<\/p>\n\n\n\n<figure class=\"wp-block-embed-instagram wp-block-embed is-type-rich is-provider-instagram\"><div class=\"wp-block-embed__wrapper\">\nhttps:\/\/www.instagram.com\/p\/BsVceGBH8mK\/?utm_source=ig_web_copy_link\n<\/div><\/figure>\n\n\n\n<figure class=\"wp-block-embed-instagram wp-block-embed is-type-rich is-provider-instagram\"><div class=\"wp-block-embed__wrapper\">\nhttps:\/\/www.instagram.com\/p\/BsVSwMhHFUH\/?utm_source=ig_web_copy_link\n<\/div><\/figure>\n\n\n\n<figure class=\"wp-block-embed-instagram wp-block-embed is-type-rich is-provider-instagram\"><div class=\"wp-block-embed__wrapper\">\nhttps:\/\/www.instagram.com\/p\/BsVUrdbH-nh\/?utm_source=ig_web_copy_link\n<\/div><\/figure>\n\n\n\n<figure class=\"wp-block-embed-instagram wp-block-embed is-type-rich is-provider-instagram\"><div class=\"wp-block-embed__wrapper\">\nhttps:\/\/www.instagram.com\/p\/Br0-Ru1H3kf\/?utm_source=ig_web_copy_link\n<\/div><\/figure>\n\n\n\n<p>Fuente: elnuevodia.com &#8211; instagram.com<\/p>\n\n\n\n<p><\/p>\n\n\n\n<p><br><\/p>\n<div class=\"gsp_post_data\" \r\n\t            data-post_type=\"post\" \r\n\t            data-cat=\"farandula-internacional\" \r\n\t            data-modified=\"120\"\r\n\t            data-created=\"1546888451\"\r\n\t            data-title=\"Adamari L\u00f3pez detalla la condici\u00f3n que sufri\u00f3\" \r\n\t            data-home=\"https:\/\/www.evafm.net\/sitio\"><\/div>","protected":false},"excerpt":{"rendered":"<p>La actriz&nbsp;Adamari L\u00f3pez&nbsp;ya est\u00e1 recuperada de la influenza que la mantuvo fuera de sus labores como presentadora del programa \u201cUn Nuevo D\u00eda\u201d. Hoy a su regreso al programa, la puertorrique\u00f1a habl\u00f3 extensamente sobre su estado de salud y de todos los sentimientos que la embargaron durante su convalecencia. L\u00f3pez dijo que una amiga llamada Bibi&#8230;<\/p>\n","protected":false},"author":5,"featured_media":43246,"comment_status":"closed","ping_status":"open","sticky":false,"template":"","format":"standard","meta":{"_joinchat":[],"footnotes":""},"categories":[1346],"tags":[],"class_list":["post-43245","post","type-post","status-publish","format-standard","has-post-thumbnail","hentry","category-farandula-internacional","have-post-thumb"],"_links":{"self":[{"href":"https:\/\/www.evafm.net\/sitio\/wp-json\/wp\/v2\/posts\/43245","targetHints":{"allow":["GET"]}}],"collection":[{"href":"https:\/\/www.evafm.net\/sitio\/wp-json\/wp\/v2\/posts"}],"about":[{"href":"https:\/\/www.evafm.net\/sitio\/wp-json\/wp\/v2\/types\/post"}],"author":[{"embeddable":true,"href":"https:\/\/www.evafm.net\/sitio\/wp-json\/wp\/v2\/users\/5"}],"replies":[{"embeddable":true,"href":"https:\/\/www.evafm.net\/sitio\/wp-json\/wp\/v2\/comments?post=43245"}],"version-history":[{"count":3,"href":"https:\/\/www.evafm.net\/sitio\/wp-json\/wp\/v2\/posts\/43245\/revisions"}],"predecessor-version":[{"id":43260,"href":"https:\/\/www.evafm.net\/sitio\/wp-json\/wp\/v2\/posts\/43245\/revisions\/43260"}],"wp:featuredmedia":[{"embeddable":true,"href":"https:\/\/www.evafm.net\/sitio\/wp-json\/wp\/v2\/media\/43246"}],"wp:attachment":[{"href":"https:\/\/www.evafm.net\/sitio\/wp-json\/wp\/v2\/media?parent=43245"}],"wp:term":[{"taxonomy":"category","embeddable":true,"href":"https:\/\/www.evafm.net\/sitio\/wp-json\/wp\/v2\/categories?post=43245"},{"taxonomy":"post_tag","embeddable":true,"href":"https:\/\/www.evafm.net\/sitio\/wp-json\/wp\/v2\/tags?post=43245"}],"curies":[{"name":"wp","href":"https:\/\/api.w.org\/{rel}","templated":true}]}}