{"id":43248,"date":"2019-01-07T19:18:21","date_gmt":"2019-01-08T00:18:21","guid":{"rendered":"https:\/\/www.evafm.net\/sitio\/?p=43248"},"modified":"2019-01-07T19:21:04","modified_gmt":"2019-01-08T00:21:04","slug":"emotiva-foto-de-alejandro-sanz-junto-a-sus-hijos","status":"publish","type":"post","link":"https:\/\/www.evafm.net\/sitio\/emotiva-foto-de-alejandro-sanz-junto-a-sus-hijos\/","title":{"rendered":"Emotiva foto de Alejandro Sanz junto a sus hijos"},"content":{"rendered":"\n<p>Una fotograf\u00eda de Alejandro Sanz recreando la llegada de los Reyes Magos y que el propio cantante comparti\u00f3 en su cuenta de Instagram se ha viralizado en las \u00faltimas horas.<\/p>\n\n\n\n<p>\u00abFelices #ReyesMagos. Manuelchor, Gasparalex y Baltasanz\u00bb, se lee en la comentada instant\u00e1nea de Instagram en la que el espa\u00f1ol aparece junto a su hijo Alexander y su hija Manuela dando un paseo a caballo con el atardecer de fondo.<\/p>\n\n\n\n<p>La respuesta de los fans del cantante no se hizo esperar: \u00abFeliz Reyes guap\u00edsimo, much\u00edsimos besotes, mandame el tuyo\u00bb, \u00abQue los Reyes te hayan dejado alegria, paz y anhelos\u00bb, son algunos de los cientos mensajes que origin\u00f3 el post del int\u00e9rprete de \u00abCoraz\u00f3n part\u00edo\u00bb.<\/p>\n\n\n\n<p>La imagen de Alejandro Sanz cuenta hasta el momento con casi 200 mil likes.<\/p>\n\n\n\n<p>Raquel Perera, la esposa de Sanz por su parte, public\u00f3 recientemente en su Instagram una imagen de Dylan y Alma, los hijos menores del cantante con el siguiente mensaje posando en un bote.<\/p>\n\n\n\n<p>\u00abTodos mis d\u00edas son un aut\u00e9ntico regalo de reyes &#8230; #puramagia #graciasmisni\u00f1osbellos #feliznochedereyes #s\u00e1bado #navidad2018 #ultimoscoletazos #enfermayfeliz #lavidaesbella\u00bb, escribi\u00f3 la empresaria espa\u00f1ola.<\/p>\n\n\n\n<figure class=\"wp-block-embed-instagram wp-block-embed is-type-rich is-provider-instagram\"><div class=\"wp-block-embed__wrapper\">\nhttps:\/\/www.instagram.com\/p\/BsQEm4bF3d6\/?utm_source=ig_web_copy_link\n<\/div><\/figure>\n\n\n\n<p>Fuente: primerahora.com<\/p>\n\n\n\n<p><\/p>\n<div class=\"gsp_post_data\" \r\n\t            data-post_type=\"post\" \r\n\t            data-cat=\"farandula-internacional\" \r\n\t            data-modified=\"120\"\r\n\t            data-created=\"1546888701\"\r\n\t            data-title=\"Emotiva foto de Alejandro Sanz junto a sus hijos\" \r\n\t            data-home=\"https:\/\/www.evafm.net\/sitio\"><\/div>","protected":false},"excerpt":{"rendered":"<p>Una fotograf\u00eda de Alejandro Sanz recreando la llegada de los Reyes Magos y que el propio cantante comparti\u00f3 en su cuenta de Instagram se ha viralizado en las \u00faltimas horas. \u00abFelices #ReyesMagos. Manuelchor, Gasparalex y Baltasanz\u00bb, se lee en la comentada instant\u00e1nea de Instagram en la que el espa\u00f1ol aparece junto a su hijo Alexander&#8230;<\/p>\n","protected":false},"author":5,"featured_media":43249,"comment_status":"closed","ping_status":"open","sticky":false,"template":"","format":"standard","meta":{"_joinchat":[],"footnotes":""},"categories":[1346],"tags":[],"class_list":["post-43248","post","type-post","status-publish","format-standard","has-post-thumbnail","hentry","category-farandula-internacional","have-post-thumb"],"_links":{"self":[{"href":"https:\/\/www.evafm.net\/sitio\/wp-json\/wp\/v2\/posts\/43248","targetHints":{"allow":["GET"]}}],"collection":[{"href":"https:\/\/www.evafm.net\/sitio\/wp-json\/wp\/v2\/posts"}],"about":[{"href":"https:\/\/www.evafm.net\/sitio\/wp-json\/wp\/v2\/types\/post"}],"author":[{"embeddable":true,"href":"https:\/\/www.evafm.net\/sitio\/wp-json\/wp\/v2\/users\/5"}],"replies":[{"embeddable":true,"href":"https:\/\/www.evafm.net\/sitio\/wp-json\/wp\/v2\/comments?post=43248"}],"version-history":[{"count":2,"href":"https:\/\/www.evafm.net\/sitio\/wp-json\/wp\/v2\/posts\/43248\/revisions"}],"predecessor-version":[{"id":43252,"href":"https:\/\/www.evafm.net\/sitio\/wp-json\/wp\/v2\/posts\/43248\/revisions\/43252"}],"wp:featuredmedia":[{"embeddable":true,"href":"https:\/\/www.evafm.net\/sitio\/wp-json\/wp\/v2\/media\/43249"}],"wp:attachment":[{"href":"https:\/\/www.evafm.net\/sitio\/wp-json\/wp\/v2\/media?parent=43248"}],"wp:term":[{"taxonomy":"category","embeddable":true,"href":"https:\/\/www.evafm.net\/sitio\/wp-json\/wp\/v2\/categories?post=43248"},{"taxonomy":"post_tag","embeddable":true,"href":"https:\/\/www.evafm.net\/sitio\/wp-json\/wp\/v2\/tags?post=43248"}],"curies":[{"name":"wp","href":"https:\/\/api.w.org\/{rel}","templated":true}]}}