{"id":43925,"date":"2019-01-30T16:12:43","date_gmt":"2019-01-30T21:12:43","guid":{"rendered":"https:\/\/www.evafm.net\/sitio\/?p=43925"},"modified":"2019-01-30T16:12:53","modified_gmt":"2019-01-30T21:12:53","slug":"nacional-vs-delfin-copa-libertadores","status":"publish","type":"post","link":"https:\/\/www.evafm.net\/sitio\/nacional-vs-delfin-copa-libertadores\/","title":{"rendered":"Nacional vs Delf\u00edn &#8211; Copa Libertadores"},"content":{"rendered":"\n<p>Nacional y Delf\u00edn jugar\u00e1n el duelo de revancha por la primera fase de la Copa Libertadores 2019. El cuadro local buscar\u00e1 revertir el marcador del partido de ida disputado el pasado 22 de enero en Estadio Jocay.<\/p>\n\n\n\n<h2 class=\"wp-block-heading\" id=\"m76-75-77\">Delf\u00edn vs. Nacional: horarios en el mundo<\/h2>\n\n\n\n<p>M\u00e9xico 3:15 p.m.<br>Per\u00fa 4:15 p.m.<br>Ecuador 4:15 p.m.<br>Colombia 4:15 p.m.<br>Bolivia 5:15 p.m.<br>Venezuela 5:15 p.m.<br>Argentina 6:15 p.m.<br>Chile 6:15 p.m.<br>Uruguay 6:15 p.m.<br>Paraguay 6:15 p.m.<br>Espa\u00f1a 10:15 p.m.<\/p>\n\n\n\n<p>El &#8216;Cet\u00e1ceo&#8217; sac\u00f3 una ventaja importante jugando la ida en casa. Un doblete de Roberto Javier Ord\u00f3\u00f1ez y una anotaci\u00f3n de Carlos Garc\u00e9s sellaron la goleada por 3-0 de los ecuatoriano dirigidos por&nbsp;Fabi\u00e1n Bustos.<\/p>\n\n\n\n<p>El&nbsp;<strong>Nacional<\/strong>&nbsp;tendr\u00e1 la complicada misi\u00f3n de remontar en el hist\u00f3rico estadio&nbsp;Defensores del Chaco. Sin embargo, el conjunto de&nbsp;Fernando Gamboa llegar\u00e1 golpeado despu\u00e9s del mal debut en el torneo dom\u00e9stico.<br><\/p>\n\n\n\n<p>El pasado viernes, la &#8216;Academia&#8217;, tambi\u00e9n en condici\u00f3n de local, se enfrent\u00f3 a Guaran\u00ed, por la primera jornada. El &#8216;Aborigen&#8217; arranc\u00f3 con el pie derecho la temporada y se llevaron tres puntos despu\u00e9s de vencer 2-0.<\/p>\n\n\n\n<p>Por su lado,&nbsp;<strong>Delf\u00edn<\/strong>, a\u00fan sin actividad en Ecuador, llegar\u00e1 con m\u00e1s descanso al segundo duelo, pero sin la presencia del mediocampista Bruno Pi\u00f1atares. El uruguayo sigue recuper\u00e1ndose de una lesi\u00f3n.<\/p>\n\n\n\n<h2 class=\"wp-block-heading\" id=\"m116-115-117\">Delf\u00edn vs. Nacional: posibles alineaciones<\/h2>\n\n\n\n<p><strong>Nacional\u00a0<\/strong>: Santiago Rojas; Miguel Jacquet, Jos\u00e9 Vel\u00e1zquez, Marcos Riveros, Erick Cristaldo; Sergio Fretes, V\u00edctor D\u00e1valos, Cristian Erbes, Juan Santacruz; Juan Vieyra y Facundo Parra.<br><br><strong>Delf\u00edn<\/strong>: Pedro Ortiz; Pedro Pablo Perlaza, Williams Riveros, Luis Cang\u00e1, Giovanny Nazareno; Edison Caicedo, David Noboa, Juan Diego Rojas, Sergio Daniel L\u00f3pez; Roberto Ord\u00f3\u00f1ez y Carlos Garc\u00e9s.<\/p>\n\n\n\n<p>Pais : Paraguay<\/p>\n\n\n\n<p>Estadio:  Defensores del Chaco<\/p>\n\n\n\n<p>Horario:  <strong>(PAR) 18: 15 &#8211; (ECU) 16:15<\/strong><\/p>\n\n\n\n<p>Fuente: depor.com<\/p>\n\n\n\n<p><\/p>\n\n\n\n<p><\/p>\n<div class=\"gsp_post_data\" \r\n\t            data-post_type=\"post\" \r\n\t            data-cat=\"deportes-internacionales\" \r\n\t            data-modified=\"120\"\r\n\t            data-created=\"1548864763\"\r\n\t            data-title=\"Nacional vs Delf\u00edn &#8211; Copa Libertadores\" \r\n\t            data-home=\"https:\/\/www.evafm.net\/sitio\"><\/div>","protected":false},"excerpt":{"rendered":"<p>Nacional y Delf\u00edn jugar\u00e1n el duelo de revancha por la primera fase de la Copa Libertadores 2019. El cuadro local buscar\u00e1 revertir el marcador del partido de ida disputado el pasado 22 de enero en Estadio Jocay. Delf\u00edn vs. Nacional: horarios en el mundo M\u00e9xico 3:15 p.m.Per\u00fa 4:15 p.m.Ecuador 4:15 p.m.Colombia 4:15 p.m.Bolivia 5:15 p.m.Venezuela&#8230;<\/p>\n","protected":false},"author":5,"featured_media":43926,"comment_status":"closed","ping_status":"open","sticky":false,"template":"","format":"standard","meta":{"_joinchat":[],"footnotes":""},"categories":[1342],"tags":[],"class_list":["post-43925","post","type-post","status-publish","format-standard","has-post-thumbnail","hentry","category-deportes-internacionales","have-post-thumb"],"_links":{"self":[{"href":"https:\/\/www.evafm.net\/sitio\/wp-json\/wp\/v2\/posts\/43925","targetHints":{"allow":["GET"]}}],"collection":[{"href":"https:\/\/www.evafm.net\/sitio\/wp-json\/wp\/v2\/posts"}],"about":[{"href":"https:\/\/www.evafm.net\/sitio\/wp-json\/wp\/v2\/types\/post"}],"author":[{"embeddable":true,"href":"https:\/\/www.evafm.net\/sitio\/wp-json\/wp\/v2\/users\/5"}],"replies":[{"embeddable":true,"href":"https:\/\/www.evafm.net\/sitio\/wp-json\/wp\/v2\/comments?post=43925"}],"version-history":[{"count":1,"href":"https:\/\/www.evafm.net\/sitio\/wp-json\/wp\/v2\/posts\/43925\/revisions"}],"predecessor-version":[{"id":43927,"href":"https:\/\/www.evafm.net\/sitio\/wp-json\/wp\/v2\/posts\/43925\/revisions\/43927"}],"wp:featuredmedia":[{"embeddable":true,"href":"https:\/\/www.evafm.net\/sitio\/wp-json\/wp\/v2\/media\/43926"}],"wp:attachment":[{"href":"https:\/\/www.evafm.net\/sitio\/wp-json\/wp\/v2\/media?parent=43925"}],"wp:term":[{"taxonomy":"category","embeddable":true,"href":"https:\/\/www.evafm.net\/sitio\/wp-json\/wp\/v2\/categories?post=43925"},{"taxonomy":"post_tag","embeddable":true,"href":"https:\/\/www.evafm.net\/sitio\/wp-json\/wp\/v2\/tags?post=43925"}],"curies":[{"name":"wp","href":"https:\/\/api.w.org\/{rel}","templated":true}]}}