{"id":44031,"date":"2019-02-02T17:38:07","date_gmt":"2019-02-02T22:38:07","guid":{"rendered":"https:\/\/www.evafm.net\/sitio\/?p=44031"},"modified":"2019-02-02T17:39:55","modified_gmt":"2019-02-02T22:39:55","slug":"juan-guaido-en-los-proximos-dias-empieza-el-acopio-de-la-ayuda-humanitaria","status":"publish","type":"post","link":"https:\/\/www.evafm.net\/sitio\/juan-guaido-en-los-proximos-dias-empieza-el-acopio-de-la-ayuda-humanitaria\/","title":{"rendered":"Juan Guaid\u00f3: \u00abEn los pr\u00f3ximos d\u00edas empieza el acopio de la ayuda humanitaria\u00bb"},"content":{"rendered":"\n<p>El presidente interino de Venezuela,\u00a0<strong>Juan Guaid\u00f3<\/strong>, brind\u00f3 este s\u00e1bado\u00a0un discurso en el cierre de la masiva manifestaci\u00f3n opositora en Caracas\u00a0en el que anunci\u00f3 el inicio\u00a0del<strong>\u00a0\u00abacopio de la ayuda humanitaria<\/strong>\u00bb en tres pa\u00edses fronterizos y asegur\u00f3 que el dictador Nicol\u00e1s Maduro \u00abse qued\u00f3 absolutamente solo\u00bb y que nadie \u00abse inmolar\u00eda por \u00e9l\u00bb.<\/p>\n\n\n\n<p>\u00ab<strong>Hoy anunciamos una coalici\u00f3n mundial por la ayuda humanitaria y la libertad en Venezuela<\/strong>.\u00a0Tres puntos para la ayuda humanitaria:<strong>\u00a0el primer punto ser\u00e1 C\u00facuta, en Colombia. Y habr\u00e1 dos puntos m\u00e1s que anunciaremos en los pr\u00f3ximos d\u00edas. Uno estar\u00e1 en Brasil y el otro en una isla del caribe<\/strong>\u00ab, detall\u00f3.<\/p>\n\n\n\n<p>Adem\u00e1s, el l\u00edder opositor asegur\u00f3 que seguir\u00e1n \u00aben las calles hasta que logremos la libertad\u00bb. \u00abVamos a cambiar Venezuela con la certeza de que tenemos un gran pa\u00eds\u00bb, agreg\u00f3.<\/p>\n\n\n\n<p>\u00abDesde los que hoy usurpan el poder, apostaron porque se disipara la energ\u00eda. Yo pregunto:\u00a0<strong>\u00bfVamos a seguir en las calles? Claro que vamos a seguir en las calles hasta lograr la libertad<\/strong>\u00ab, se\u00f1al\u00f3 el presidente interino designado por la Asamblea Nacional de Venezuela.<\/p>\n\n\n\n<p>Guaid\u00f3 se refiri\u00f3 tambi\u00e9n a las fuerzas armadas de Venezuela,\u00a0en el mismo d\u00eda en el que un general de alto rango de la Fuerza A\u00e9rea rompi\u00f3 con el r\u00e9gimen chavista para reconocer al opositor como presidente leg\u00edtimo<strong>.\u00a0\u00abUsted soldado tendr\u00e1 en sus manos la decisi\u00f3n de que entre esa ayuda humanitaria\u00bb<\/strong>, dijo, agregando luego que no buscan \u00abtorcer brazos\u00bb sino \u00abestrechar manos a todos los sectores de Venezuela\u00bb.<\/p>\n\n\n\n<p>Sobre la amenaza de un brote de violencia, el opositor se mostr\u00f3 tranquilo. \u00abAqu\u00ed no hay miedo a una guerra civil, porque el 90% del pa\u00eds quiere cambio.\u00a0<strong>Nadie en Venezuela est\u00e1 dispuesto a inmolarse por un dictador que no ofrece ning\u00fan tipo de soluci\u00f3n al pueblo\u00bb, dijo,\u00a0agregando que Maduro \u00abse qued\u00f3 absolutamente solo\u00bb.<\/strong><\/p>\n\n\n\n<p><strong>\u00abLo que s\u00ed hay ya es la masacre del FAES a los j\u00f3venes\u00bb<\/strong>, agreg\u00f3, en referencia a la\u00a0Fuerza de Acci\u00f3n Especial de la Polic\u00eda Nacional Bolivariana, un\u00a0escuadr\u00f3n de la muerte leal al r\u00e9gimen chavista que intimida a diario los venezolanos.<\/p>\n\n\n\n<p>\u00abGritemos con br\u00edo, compatriotas fieles, aqu\u00ed hay uni\u00f3n, aqu\u00ed est\u00e1 representado el pueblo de Venezuela, articulado, fuerte\u00bb, areng\u00f3 Guaid\u00f3.<\/p>\n\n\n\n<figure class=\"wp-block-embed-youtube wp-block-embed is-type-video is-provider-youtube wp-embed-aspect-4-3 wp-has-aspect-ratio\"><div class=\"wp-block-embed__wrapper\">\n<iframe title=\"VPI TV  En VIVO\" width=\"1200\" height=\"900\" src=\"https:\/\/www.youtube.com\/embed\/GQKlYJXcwUI?feature=oembed\" frameborder=\"0\" allow=\"accelerometer; autoplay; clipboard-write; encrypted-media; gyroscope; picture-in-picture; web-share\" referrerpolicy=\"strict-origin-when-cross-origin\" allowfullscreen><\/iframe>\n<\/div><\/figure>\n\n\n\n<p><a target=\"_blank\" href=\"https:\/\/twitter.com\/intent\/tweet?text=Juan%20Guaid%C3%B3:%20%22En%20los%20pr%C3%B3ximos%20d%C3%ADas%20empieza%20el%20acopio%20de%20la%20ayuda%20humanitaria%22&amp;url=https:\/\/www.infobae.com\/america\/venezuela\/2019\/02\/02\/juan-guaido-en-los-proximos-dias-empieza-el-acopio-de-la-ayuda-humanitaria\/%23KINMBW5STBHDFNMHHJLT6SIFEU\" rel=\"noreferrer noopener\"><\/a><a target=\"_blank\" href=\"https:\/\/pinterest.com\/pin\/create\/button\/?&amp;media=https:\/\/s3.amazonaws.com\/arc-wordpress-client-uploads\/infobae-wp\/wp-content\/uploads\/2019\/02\/02143503\/Marcha-Venezuela-81.jpg&amp;description=Juan%20Guaid%C3%B3:%20%22En%20los%20pr%C3%B3ximos%20d%C3%ADas%20empieza%20el%20acopio%20de%20la%20ayuda%20humanitaria%22&amp;url=https:\/\/www.infobae.com\/america\/venezuela\/2019\/02\/02\/juan-guaido-en-los-proximos-dias-empieza-el-acopio-de-la-ayuda-humanitaria\/%23KINMBW5STBHDFNMHHJLT6SIFEU\" rel=\"noreferrer noopener\"><\/a><\/p>\n\n\n\n<figure class=\"wp-block-image\"><img decoding=\"async\" src=\"https:\/\/www.infobae.com\/new-resizer\/YZlkXygcZhiflAhHZ8IuHl_QVQI=\/750x0\/filters:quality(100)\/s3.amazonaws.com\/arc-wordpress-client-uploads\/infobae-wp\/wp-content\/uploads\/2019\/02\/02143503\/Marcha-Venezuela-81.jpg\" alt=\"Masivs manifestaciones en Caracas en favor de Guaid\u00f3 (REUTERS\/Carlos Barria)\" \/><\/figure>\n\n\n\n<p>Masivs manifestaciones en Caracas en favor de Guaid\u00f3 (REUTERS\/Carlos Barria) <\/p>\n\n\n\n<p><\/p>\n\n\n\n<p><a rel=\"noreferrer noopener\" target=\"_blank\" href=\"https:\/\/twitter.com\/intent\/tweet?text=Juan%20Guaid%C3%B3:%20%22En%20los%20pr%C3%B3ximos%20d%C3%ADas%20empieza%20el%20acopio%20de%20la%20ayuda%20humanitaria%22&amp;url=https:\/\/www.infobae.com\/america\/venezuela\/2019\/02\/02\/juan-guaido-en-los-proximos-dias-empieza-el-acopio-de-la-ayuda-humanitaria\/%23DBANN67ALZCKXFSBSOINEXLXTE\"><\/a><a rel=\"noreferrer noopener\" target=\"_blank\" href=\"https:\/\/pinterest.com\/pin\/create\/button\/?&amp;media=https:\/\/s3.amazonaws.com\/arc-wordpress-client-uploads\/infobae-wp\/wp-content\/uploads\/2019\/02\/02151844\/2019-02-02T181524Z_1577822563_RC1C10619930_RTRMADP_3_VENEZUELA-POLITICS.jpg&amp;description=Juan%20Guaid%C3%B3:%20%22En%20los%20pr%C3%B3ximos%20d%C3%ADas%20empieza%20el%20acopio%20de%20la%20ayuda%20humanitaria%22&amp;url=https:\/\/www.infobae.com\/america\/venezuela\/2019\/02\/02\/juan-guaido-en-los-proximos-dias-empieza-el-acopio-de-la-ayuda-humanitaria\/%23DBANN67ALZCKXFSBSOINEXLXTE\"><\/a><\/p>\n\n\n\n<figure class=\"wp-block-image\"><img decoding=\"async\" src=\"https:\/\/www.infobae.com\/new-resizer\/-i-uZXBhCwwXHJIAqpaYgq7J5LU=\/750x0\/filters:quality(100)\/s3.amazonaws.com\/arc-wordpress-client-uploads\/infobae-wp\/wp-content\/uploads\/2019\/02\/02151844\/2019-02-02T181524Z_1577822563_RC1C10619930_RTRMADP_3_VENEZUELA-POLITICS.jpg\" alt=\"Guaid\u00f3 saluda a los manifestantes en Caracas\u00a0(REUTERS\/Carlos Barria)\" \/><\/figure>\n\n\n\n<p>Guaid\u00f3 saluda a los manifestantes en Caracas\u00a0(REUTERS\/Carlos Barria) <\/p>\n\n\n\n<p>Fuente: infobae.com <\/p>\n\n\n\n<p><\/p>\n<div class=\"gsp_post_data\" \r\n\t            data-post_type=\"post\" \r\n\t            data-cat=\"general,noticias-internacionales\" \r\n\t            data-modified=\"120\"\r\n\t            data-created=\"1549129087\"\r\n\t            data-title=\"Juan Guaid\u00f3: \u00abEn los pr\u00f3ximos d\u00edas empieza el acopio de la ayuda humanitaria\u00bb\" \r\n\t            data-home=\"https:\/\/www.evafm.net\/sitio\"><\/div>","protected":false},"excerpt":{"rendered":"<p>El presidente interino de Venezuela,\u00a0Juan Guaid\u00f3, brind\u00f3 este s\u00e1bado\u00a0un discurso en el cierre de la masiva manifestaci\u00f3n opositora en Caracas\u00a0en el que anunci\u00f3 el inicio\u00a0del\u00a0\u00abacopio de la ayuda humanitaria\u00bb en tres pa\u00edses fronterizos y asegur\u00f3 que el dictador Nicol\u00e1s Maduro \u00abse qued\u00f3 absolutamente solo\u00bb y que nadie \u00abse inmolar\u00eda por \u00e9l\u00bb. \u00abHoy anunciamos una coalici\u00f3n&#8230;<\/p>\n","protected":false},"author":5,"featured_media":44032,"comment_status":"closed","ping_status":"open","sticky":false,"template":"","format":"standard","meta":{"_joinchat":[],"footnotes":""},"categories":[1720,1345],"tags":[],"class_list":["post-44031","post","type-post","status-publish","format-standard","has-post-thumbnail","hentry","category-general","category-noticias-internacionales","have-post-thumb"],"_links":{"self":[{"href":"https:\/\/www.evafm.net\/sitio\/wp-json\/wp\/v2\/posts\/44031","targetHints":{"allow":["GET"]}}],"collection":[{"href":"https:\/\/www.evafm.net\/sitio\/wp-json\/wp\/v2\/posts"}],"about":[{"href":"https:\/\/www.evafm.net\/sitio\/wp-json\/wp\/v2\/types\/post"}],"author":[{"embeddable":true,"href":"https:\/\/www.evafm.net\/sitio\/wp-json\/wp\/v2\/users\/5"}],"replies":[{"embeddable":true,"href":"https:\/\/www.evafm.net\/sitio\/wp-json\/wp\/v2\/comments?post=44031"}],"version-history":[{"count":2,"href":"https:\/\/www.evafm.net\/sitio\/wp-json\/wp\/v2\/posts\/44031\/revisions"}],"predecessor-version":[{"id":44035,"href":"https:\/\/www.evafm.net\/sitio\/wp-json\/wp\/v2\/posts\/44031\/revisions\/44035"}],"wp:featuredmedia":[{"embeddable":true,"href":"https:\/\/www.evafm.net\/sitio\/wp-json\/wp\/v2\/media\/44032"}],"wp:attachment":[{"href":"https:\/\/www.evafm.net\/sitio\/wp-json\/wp\/v2\/media?parent=44031"}],"wp:term":[{"taxonomy":"category","embeddable":true,"href":"https:\/\/www.evafm.net\/sitio\/wp-json\/wp\/v2\/categories?post=44031"},{"taxonomy":"post_tag","embeddable":true,"href":"https:\/\/www.evafm.net\/sitio\/wp-json\/wp\/v2\/tags?post=44031"}],"curies":[{"name":"wp","href":"https:\/\/api.w.org\/{rel}","templated":true}]}}