{"id":44037,"date":"2019-02-02T17:44:37","date_gmt":"2019-02-02T22:44:37","guid":{"rendered":"https:\/\/www.evafm.net\/sitio\/?p=44037"},"modified":"2019-02-02T17:46:40","modified_gmt":"2019-02-02T22:46:40","slug":"nicolas-maduro-avalo-la-realizacion-de-elecciones-parlamentarias-este-ano-en-venezuela","status":"publish","type":"post","link":"https:\/\/www.evafm.net\/sitio\/nicolas-maduro-avalo-la-realizacion-de-elecciones-parlamentarias-este-ano-en-venezuela\/","title":{"rendered":"Nicol\u00e1s Maduro aval\u00f3 la realizaci\u00f3n de elecciones parlamentarias este a\u00f1o en Venezuela"},"content":{"rendered":"\n<p>El presidente de Venezuela,&nbsp;<strong>Nicol\u00e1s Maduro, aval\u00f3 este s\u00e1bado una propuesta de la oficialista Asamblea Constituyente de adelantar de 2020 a este a\u00f1o las elecciones<\/strong>&nbsp;para renovar el Parlamento, de mayor\u00eda opositora y que encabeza el autoproclamado mandatario interino, Juan Guaid\u00f3.<\/p>\n\n\n\n<p>La Constituyente eval\u00faa llamar a \u00abun adelanto de elecciones parlamentarias este mismo a\u00f1o (\u2026)&nbsp;<strong>Yo estoy de acuerdo y me resteo (me comprometo) con esa decisi\u00f3n<\/strong>\u00ab, dijo Maduro, en una tarima en el cierre de una marcha de sus seguidores en Caracas.<\/p>\n\n\n\n<p>Casi en simult\u00e1neo con el mit\u00edn oficialista con motivo de los 20 a\u00f1os del chavismo,\u00a0<strong>miles de personas se movilizaron en respaldo a Juan Guaid\u00f3, quien la semana pasada jur\u00f3 como presidente interino ante la usurpaci\u00f3n de Maduro.\u00a0<\/strong><\/p>\n\n\n\n<p><strong>El Parlamento es el \u00fanico poder que la oposici\u00f3n controla en el pa\u00eds petrolero<\/strong>, despu\u00e9s del arrollador triunfo que obtuvo en las elecciones de diciembre de 2015, origen del actual conflicto de poderes.<\/p>\n\n\n\n<p><strong>\u00ab\u00bfQuieren adelanto de elecciones? \u00a1Vamos a elecciones!\u00bb<\/strong>, areng\u00f3 Maduro a sus seguidores, asegurando, sin embargo, que podr\u00edan convocarse esos comicios en consenso con la oposici\u00f3n&nbsp;<strong>\u00aben un di\u00e1logo\u00bb.<\/strong><\/p>\n\n\n\n<p><strong>Guaid\u00f3 ha rechazado cualquier posibilidad de emprender \u00abun falso di\u00e1logo\u00bb con el gobierno socialista<\/strong>, y advierte que solamente aceptar\u00e1 \u00abuna negociaci\u00f3n\u00bb para acordar t\u00e9rminos de un traspaso de poder y unas elecciones \u00ablibres\u00bb para elegir a un nuevo presidente.<\/p>\n\n\n\n<p>Pese al anuncio del s\u00e1bado,&nbsp;<strong>Maduro ha descartado la celebraci\u00f3n de elecciones presidenciales, al asegurar que<\/strong>&nbsp;<strong>acaban de realizarse en mayo de 2018<\/strong>, cuando fue reelegido en un proceso boicoteado por los principales partidos opositores por considerarlo fraudulento.<\/p>\n\n\n\n<p>El conflicto recrudeci\u00f3 cuando\u00a0<strong>Guaid\u00f3 se autoproclam\u00f3 como presidente interino el pasado 23 de enero<\/strong>\u00a0-reconocido por Estados Unidos, varios pa\u00edses de Am\u00e9rica Latina y, desde el jueves, el\u00a0Parlamento Europeo-, despu\u00e9s de que el Legislativo declarara \u00abusurpador\u00bb a Maduro tras iniciar su segundo mandato el 10 de enero.<\/p>\n\n\n\n<p>Desde que la oposici\u00f3n asumi\u00f3 la mayor\u00eda en el Parlamento, a principios de 2016, todas las decisiones de la c\u00e1mara son consideradas nulas por el\u00a0<strong>Tribunal Supremo de Justicia (TSJ) -de l\u00ednea oficialista-, que la declar\u00f3 en desacato.<\/strong><\/p>\n\n\n\n<p><a target=\"_blank\" href=\"https:\/\/twitter.com\/intent\/tweet?text=Nicol%C3%A1s%20Maduro%20aval%C3%B3%20la%20realizaci%C3%B3n%20de%20elecciones%20parlamentarias%20este%20a%C3%B1o%20en%20Venezuela&amp;url=https:\/\/www.infobae.com\/america\/venezuela\/2019\/02\/02\/nicolas-maduro-avalo-la-realizacion-de-elecciones-parlamentarias-este-ano-en-venezuela\/%23LQU6RLZLKVANZEDA4XCKX3NBTE\" rel=\"noreferrer noopener\"><\/a><a target=\"_blank\" href=\"https:\/\/pinterest.com\/pin\/create\/button\/?&amp;media=https:\/\/s3.amazonaws.com\/arc-wordpress-client-uploads\/infobae-wp\/wp-content\/uploads\/2019\/02\/02160814\/Marcha-en-apoyo-a-Nicolas-Maduro-3.jpg&amp;description=Nicol%C3%A1s%20Maduro%20aval%C3%B3%20la%20realizaci%C3%B3n%20de%20elecciones%20parlamentarias%20este%20a%C3%B1o%20en%20Venezuela&amp;url=https:\/\/www.infobae.com\/america\/venezuela\/2019\/02\/02\/nicolas-maduro-avalo-la-realizacion-de-elecciones-parlamentarias-este-ano-en-venezuela\/%23LQU6RLZLKVANZEDA4XCKX3NBTE\" rel=\"noreferrer noopener\"><\/a><\/p>\n\n\n\n<figure class=\"wp-block-image\"><img decoding=\"async\" src=\"https:\/\/www.infobae.com\/new-resizer\/Ay4G4bT5ZYX0FL4W3jhGu8SxFxw=\/750x0\/filters:quality(100)\/s3.amazonaws.com\/arc-wordpress-client-uploads\/infobae-wp\/wp-content\/uploads\/2019\/02\/02160814\/Marcha-en-apoyo-a-Nicolas-Maduro-3.jpg\" alt=\"Manifestaci\u00f3n a favor de Nicol\u00e1s Maduro (EFE\/ Cristian Hern\u00e1ndez)\" \/><\/figure>\n\n\n\n<p>Manifestaci\u00f3n a favor de Nicol\u00e1s Maduro (EFE\/ Cristian Hern\u00e1ndez) <\/p>\n\n\n\n<p><a target=\"_blank\" href=\"https:\/\/twitter.com\/intent\/tweet?text=Nicol%C3%A1s%20Maduro%20aval%C3%B3%20la%20realizaci%C3%B3n%20de%20elecciones%20parlamentarias%20este%20a%C3%B1o%20en%20Venezuela&amp;url=https:\/\/www.infobae.com\/america\/venezuela\/2019\/02\/02\/nicolas-maduro-avalo-la-realizacion-de-elecciones-parlamentarias-este-ano-en-venezuela\/%237OZF7OKQBJEIZLH26EG3ONLYYU\" rel=\"noreferrer noopener\"><\/a><a target=\"_blank\" href=\"https:\/\/pinterest.com\/pin\/create\/button\/?&amp;media=https:\/\/s3.amazonaws.com\/arc-wordpress-client-uploads\/infobae-wp\/wp-content\/uploads\/2019\/02\/02160836\/Marcha-en-apoyo-a-Nicolas-Maduro-1.jpg&amp;description=Nicol%C3%A1s%20Maduro%20aval%C3%B3%20la%20realizaci%C3%B3n%20de%20elecciones%20parlamentarias%20este%20a%C3%B1o%20en%20Venezuela&amp;url=https:\/\/www.infobae.com\/america\/venezuela\/2019\/02\/02\/nicolas-maduro-avalo-la-realizacion-de-elecciones-parlamentarias-este-ano-en-venezuela\/%237OZF7OKQBJEIZLH26EG3ONLYYU\" rel=\"noreferrer noopener\"><\/a><\/p>\n\n\n\n<figure class=\"wp-block-image\"><img decoding=\"async\" src=\"https:\/\/www.infobae.com\/new-resizer\/i8OdDbTLl_L8JbfUJCgwnF8hh5I=\/750x0\/filters:quality(100)\/s3.amazonaws.com\/arc-wordpress-client-uploads\/infobae-wp\/wp-content\/uploads\/2019\/02\/02160836\/Marcha-en-apoyo-a-Nicolas-Maduro-1.jpg\" alt=\"Manifestaci\u00f3n en respaldo a Nicol\u00e1s Maduro (EFE\/ Cristian Hern\u00e1ndez)\" \/><\/figure>\n\n\n\n<p>Manifestaci\u00f3n en respaldo a Nicol\u00e1s Maduro (EFE\/ Cristian Hern\u00e1ndez)\n\n<\/p>\n\n\n\n<p><em>Con informaci\u00f3n de AFP<\/em><\/p>\n\n\n\n<p>Fuente: infobae.com<\/p>\n\n\n\n<p><\/p>\n\n\n\n<p><\/p>\n<div class=\"gsp_post_data\" \r\n\t            data-post_type=\"post\" \r\n\t            data-cat=\"noticias-internacionales\" \r\n\t            data-modified=\"120\"\r\n\t            data-created=\"1549129477\"\r\n\t            data-title=\"Nicol\u00e1s Maduro aval\u00f3 la realizaci\u00f3n de elecciones parlamentarias este a\u00f1o en Venezuela\" \r\n\t            data-home=\"https:\/\/www.evafm.net\/sitio\"><\/div>","protected":false},"excerpt":{"rendered":"<p>El presidente de Venezuela,&nbsp;Nicol\u00e1s Maduro, aval\u00f3 este s\u00e1bado una propuesta de la oficialista Asamblea Constituyente de adelantar de 2020 a este a\u00f1o las elecciones&nbsp;para renovar el Parlamento, de mayor\u00eda opositora y que encabeza el autoproclamado mandatario interino, Juan Guaid\u00f3. La Constituyente eval\u00faa llamar a \u00abun adelanto de elecciones parlamentarias este mismo a\u00f1o (\u2026)&nbsp;Yo estoy de&#8230;<\/p>\n","protected":false},"author":5,"featured_media":44038,"comment_status":"closed","ping_status":"open","sticky":false,"template":"","format":"standard","meta":{"_joinchat":[],"footnotes":""},"categories":[1345],"tags":[],"class_list":["post-44037","post","type-post","status-publish","format-standard","has-post-thumbnail","hentry","category-noticias-internacionales","have-post-thumb"],"_links":{"self":[{"href":"https:\/\/www.evafm.net\/sitio\/wp-json\/wp\/v2\/posts\/44037","targetHints":{"allow":["GET"]}}],"collection":[{"href":"https:\/\/www.evafm.net\/sitio\/wp-json\/wp\/v2\/posts"}],"about":[{"href":"https:\/\/www.evafm.net\/sitio\/wp-json\/wp\/v2\/types\/post"}],"author":[{"embeddable":true,"href":"https:\/\/www.evafm.net\/sitio\/wp-json\/wp\/v2\/users\/5"}],"replies":[{"embeddable":true,"href":"https:\/\/www.evafm.net\/sitio\/wp-json\/wp\/v2\/comments?post=44037"}],"version-history":[{"count":2,"href":"https:\/\/www.evafm.net\/sitio\/wp-json\/wp\/v2\/posts\/44037\/revisions"}],"predecessor-version":[{"id":44041,"href":"https:\/\/www.evafm.net\/sitio\/wp-json\/wp\/v2\/posts\/44037\/revisions\/44041"}],"wp:featuredmedia":[{"embeddable":true,"href":"https:\/\/www.evafm.net\/sitio\/wp-json\/wp\/v2\/media\/44038"}],"wp:attachment":[{"href":"https:\/\/www.evafm.net\/sitio\/wp-json\/wp\/v2\/media?parent=44037"}],"wp:term":[{"taxonomy":"category","embeddable":true,"href":"https:\/\/www.evafm.net\/sitio\/wp-json\/wp\/v2\/categories?post=44037"},{"taxonomy":"post_tag","embeddable":true,"href":"https:\/\/www.evafm.net\/sitio\/wp-json\/wp\/v2\/tags?post=44037"}],"curies":[{"name":"wp","href":"https:\/\/api.w.org\/{rel}","templated":true}]}}