{"id":44055,"date":"2019-02-02T18:04:37","date_gmt":"2019-02-02T23:04:37","guid":{"rendered":"https:\/\/www.evafm.net\/sitio\/?p=44055"},"modified":"2019-02-02T18:05:49","modified_gmt":"2019-02-02T23:05:49","slug":"que-piensa-el-padre-de-karol-g-sobre-anuel","status":"publish","type":"post","link":"https:\/\/www.evafm.net\/sitio\/que-piensa-el-padre-de-karol-g-sobre-anuel\/","title":{"rendered":"\u00bfQu\u00e9 piensa el padre de Karol G sobre Anuel?"},"content":{"rendered":"\n<p>Desde que iniciaron su romance, Karol G y Anuel AA han sido el blanco de todo tipo de comentarios. Sin embargo, ellos han dejado en claro que solo les interesan sus sentimientos y los de sus seres queridos.<\/p>\n\n\n\n<p>Por ello llam\u00f3 la atenci\u00f3n que el pap\u00e1 de Karol G se animara a compartir en Instagram sus pensamientos sobre la pareja de su hija.<\/p>\n\n\n\n<p>En un extenso post que comparti\u00f3 en esta red social, Guillermo Giraldo se desvive en halagos hacia el trapero puertorrique\u00f1o.<\/p>\n\n\n\n<p>\u00abHace 2 a\u00f1os escuch\u00e9 por primera vez, la m\u00fasica de esta persona, nunca llegu\u00e9 a imaginar tenerlo frente a m\u00ed\u00bb, escribi\u00f3 inicialmente el pap\u00e1 de Karol G.<\/p>\n\n\n\n<p>\u00abPero el destino me da la gran oportunidad, no solo de conocerlo, sino de compartir como familia y descifrar lo humano, sencillo, noble, talentoso, gran padre, buen hijo y muchas m\u00e1s bondades que lo caracterizan como un gran ser humano&#8230; Bendiciones por siempre se\u00f1or Emmanuel\u00bb, agreg\u00f3 en el mensaje.<\/p>\n\n\n\n<p>Karol G y Anuel AA siguen consolidando su relaci\u00f3n sentimental y su carrera profesional y por ello, en marzo arrancan con \u00abCulpables\u00bb, su tour por Latinoam\u00e9rica.<\/p>\n\n\n\n<figure class=\"wp-block-embed-instagram wp-block-embed is-type-rich is-provider-instagram\"><div class=\"wp-block-embed__wrapper\">\nhttps:\/\/www.instagram.com\/p\/BtRGdqzFwUT\/?utm_source=ig_web_copy_link\n<\/div><\/figure>\n\n\n\n<p>Fuente: primerahora.com &#8211; instagram.com<\/p>\n\n\n\n<p><\/p>\n<div class=\"gsp_post_data\" \r\n\t            data-post_type=\"post\" \r\n\t            data-cat=\"farandula-internacional\" \r\n\t            data-modified=\"120\"\r\n\t            data-created=\"1549130677\"\r\n\t            data-title=\"\u00bfQu\u00e9 piensa el padre de Karol G sobre Anuel?\" \r\n\t            data-home=\"https:\/\/www.evafm.net\/sitio\"><\/div>","protected":false},"excerpt":{"rendered":"<p>Desde que iniciaron su romance, Karol G y Anuel AA han sido el blanco de todo tipo de comentarios. Sin embargo, ellos han dejado en claro que solo les interesan sus sentimientos y los de sus seres queridos. Por ello llam\u00f3 la atenci\u00f3n que el pap\u00e1 de Karol G se animara a compartir en Instagram&#8230;<\/p>\n","protected":false},"author":5,"featured_media":44056,"comment_status":"closed","ping_status":"open","sticky":false,"template":"","format":"standard","meta":{"_joinchat":[],"footnotes":""},"categories":[1346],"tags":[],"class_list":["post-44055","post","type-post","status-publish","format-standard","has-post-thumbnail","hentry","category-farandula-internacional","have-post-thumb"],"_links":{"self":[{"href":"https:\/\/www.evafm.net\/sitio\/wp-json\/wp\/v2\/posts\/44055","targetHints":{"allow":["GET"]}}],"collection":[{"href":"https:\/\/www.evafm.net\/sitio\/wp-json\/wp\/v2\/posts"}],"about":[{"href":"https:\/\/www.evafm.net\/sitio\/wp-json\/wp\/v2\/types\/post"}],"author":[{"embeddable":true,"href":"https:\/\/www.evafm.net\/sitio\/wp-json\/wp\/v2\/users\/5"}],"replies":[{"embeddable":true,"href":"https:\/\/www.evafm.net\/sitio\/wp-json\/wp\/v2\/comments?post=44055"}],"version-history":[{"count":2,"href":"https:\/\/www.evafm.net\/sitio\/wp-json\/wp\/v2\/posts\/44055\/revisions"}],"predecessor-version":[{"id":44059,"href":"https:\/\/www.evafm.net\/sitio\/wp-json\/wp\/v2\/posts\/44055\/revisions\/44059"}],"wp:featuredmedia":[{"embeddable":true,"href":"https:\/\/www.evafm.net\/sitio\/wp-json\/wp\/v2\/media\/44056"}],"wp:attachment":[{"href":"https:\/\/www.evafm.net\/sitio\/wp-json\/wp\/v2\/media?parent=44055"}],"wp:term":[{"taxonomy":"category","embeddable":true,"href":"https:\/\/www.evafm.net\/sitio\/wp-json\/wp\/v2\/categories?post=44055"},{"taxonomy":"post_tag","embeddable":true,"href":"https:\/\/www.evafm.net\/sitio\/wp-json\/wp\/v2\/tags?post=44055"}],"curies":[{"name":"wp","href":"https:\/\/api.w.org\/{rel}","templated":true}]}}