{"id":44067,"date":"2019-02-04T16:29:41","date_gmt":"2019-02-04T21:29:41","guid":{"rendered":"https:\/\/www.evafm.net\/sitio\/?p=44067"},"modified":"2019-02-04T16:35:47","modified_gmt":"2019-02-04T21:35:47","slug":"sismo-de-magnitud-6-en-ecuador-con-epicentro-en-playas","status":"publish","type":"post","link":"https:\/\/www.evafm.net\/sitio\/sismo-de-magnitud-6-en-ecuador-con-epicentro-en-playas\/","title":{"rendered":"Sismo de magnitud 6 en Ecuador, con epicentro en Playas"},"content":{"rendered":"\n<p><strong>Actualizado a las 14:19<\/strong><\/p>\n\n\n\n<p>Un sismo de magnitud 6 se registr\u00f3 la tarde este lunes en la provincia del Guayas. El movimiento tuvo una profundidad de 60 km con epicentro en el cant\u00f3n General Villamil Playas.<\/p>\n\n\n\n<p>El temblor se registr\u00f3 a las 12:45 y origin\u00f3 evacuaciones en edificios de Guayaquil y seg\u00fan la Secretar\u00eda de Riesgos de Ecuador fue sentido en 15 provincias. Hasta las 13:23 no se reportan desgracias personales.<\/p>\n\n\n\n<p>La Autoridad de Tr\u00e1nsito Municipal (ATM) de Guayaquil anunci\u00f3 por redes sociales el cierre de los t\u00faneles Santa Ana, de El Carmen y San Eduardo hasta realizar inspecciones.<\/p>\n\n\n\n<p>Al momento, ya est\u00e1n inhabilitados los tres t\u00faneles; el \u00fatlimo fue el del cerro de El Carmen, donde a las 14:10 se reinici\u00f3 el paso de veh\u00edculos. Aqu\u00ed, dos carriles, en un tramo de 20 metros en la salida, hab\u00edan sido restringidos.<\/p>\n\n\n\n<p>El Instituto Nacional de Meteorolog\u00eda e Hidrolog\u00eda (Inamhi) descart\u00f3 que producto del movimiento tel\u00farico pueda presentarse un tsunami.<\/p>\n\n\n\n<p>En Guayaquil, el fuerte movimiento motiv\u00f3 la evacuaci\u00f3n de oficinas en distintos puntos de la urbe, uno de esos en el sector de Urdesa, en la zona norte.<\/p>\n\n\n\n<p>Los edificios de TVCable, Directv, bancos como Bolivariano ubicados en la calle B\u00e1lsamos y V\u00edctor Emilio estrada fueron evacuados; asimismo, restaurantes donde comensales estaban por servirse un almuerzo.<\/p>\n\n\n\n<p>En las calles, peatones a\u00fan nerviosos llaman a familiares para conocer el estado de sus allegados. El tr\u00e1nsito se mantiene normal en Urdesa.<\/p>\n\n\n\n<p>Varios trabajadores de entidades bancarias y oficinas se dirigieron hacias puntos de encuentros, considerados como zonas seguras. Algunos fueron a los parques de Urdesa, en la avenida Circunvalaci\u00f3n.<\/p>\n\n\n\n<p>En el sur de Guayaquil, los ciudadanos que se encontraban en el centro comercial Mall del Sur evacuaron la estructura apenas sintieron que la tierra dej\u00f3 de moverse. Afuera del mall ubicado en la av. 25 de Julio, Patricia Lino, empleada de un almac\u00e9n de ropa, se mostraba angustiada y buscaba llamar a sus familiares. \u00abTodav\u00eda sigue temblado\u00bb, expres\u00f3 nerviosa.<\/p>\n\n\n\n<p>Rosa Cornejo estaba en la columna de un banco cuando junto a otros usuarios debi\u00f3 evacuar el local ante el remez\u00f3n. Transcurridos 15 minutos, un guardia privado invit\u00f3 a los ciudadanos a retomar sus tr\u00e1mites.<\/p>\n\n\n\n<p>En Playas, epicentro del temblor, el movimiento tel\u00farico preocup\u00f3 a la poblaci\u00f3n, pero no hubo reportes de estructuras afectadas, seg\u00fan Guillermo Borbor, jefe cantonal de los bomberos.<\/p>\n\n\n\n<p>El poblador V\u00edctor Su\u00e1rez se\u00f1al\u00f3 que hubo alarma, pero pasada el temblor, las actividades volvieron a la normalidad.<\/p>\n\n\n\n<p>El Municipio de Playas indic\u00f3 que su Unidad de Riesgos se encontraba evaluando posibles da\u00f1os.<\/p>\n\n\n\n<p>El sismo tambi\u00e9n se sinti\u00f3 en varias ciudades de la Sierra, como Ambato y Cuenca. Varias unidades educativas y entidades evacuaron ante el fuerte movimiento registrado este mediod\u00eda. Algunos planteles sacaron a sus alumnos a las calles.<\/p>\n\n\n\n<p>Personas que viven en edificaciones tambi\u00e9n salieron a las calles.<\/p>\n\n\n\n<p>En Manab\u00ed, varias personas salieron de sus casas al sentir el movimiento. Sara Andrade Torres sali\u00f3 corriendo a la calle junto a su familia. \u00abEst\u00e1bamos almorzando y dejamos todo en la mesa\u00bb, dijo. Tambi\u00e9n se sinti\u00f3 en Tosagua, Calceta, Bah\u00eda de Car\u00e1quez, San Vicente, Jama y Pedernales.<\/p>\n\n\n\n<p>Tenemos miedo dijo Eduardo Zambrano, de Chone, de que vuelva a ocurrir lo del\u00a016 de abril del 2016, pensaba que estaba mareado, ya que estoy medio delicado de salud, pero al ver a la gente correr tambi\u00e9n me sal\u00ed de la casa.<\/p>\n\n\n\n<p>El sismo que tuvo como epicentro en Playas se sinti\u00f3 con algo de intensidad en Machala y el resto de cantones de la provincia de El Oro, varias personas que estuvieron dentro de edificios y oficinas salieron a la calle para buscar un espacio seguro.<\/p>\n\n\n\n<p>En Machala, provincia de El Oro, no se reportaron da\u00f1os en infraestructuras y tampoco hubo personas afectadas. Los usuarios de redes sociales alertaban a sus amigos y familiares sobre el suceso natural, la mayor\u00eda comentaba que tuvo que salir desde sus viviendas porque se movieron las paredes. En pocos minutos se retomaron las actividades laborales.(I)<\/p>\n\n\n\n<figure class=\"wp-block-image\"><img decoding=\"async\" src=\"https:\/\/www.eluniverso.com\/sites\/default\/files\/styles\/powgallery_1024\/public\/fotos\/2019\/02\/a8c6730b-706b-4e82-a428-633fac18408b.jpg?itok=aIVXpQpr\" alt=\"Fuerte sismo se sinti\u00c3\u00b3 en la provincia del Guayas\" \/><\/figure>\n\n\n\n<figure class=\"wp-block-image\"><img decoding=\"async\" src=\"https:\/\/www.eluniverso.com\/sites\/default\/files\/styles\/powgallery_1024\/public\/fotos\/2019\/02\/sismo-guayas.jpg?itok=JMZKb6hp\" alt=\"Fuerte sismo se sinti\u00c3\u00b3 en la provincia del Guayas\" \/><figcaption><br><br> <br> <br><\/figcaption><\/figure>\n\n\n\n<figure class=\"wp-block-image\"><img decoding=\"async\" src=\"https:\/\/www.eluniverso.com\/sites\/default\/files\/styles\/powgallery_1024\/public\/fotos\/2019\/02\/temblor.jpg?itok=unR2lA9Q\" alt=\"Sismo de 6.13 se sinti\u00c3\u00b3 en la provincia del Guayas\" \/><\/figure>\n\n\n\n<p>Fuente: eluniverso.com<\/p>\n\n\n\n<figure class=\"wp-block-image is-resized\"><img decoding=\"async\" src=\"https:\/\/www.expreso.ec\/placeholder\/svg\/viewbox\/762x428\" alt=\"Image\" width=\"212\" height=\"119\" \/><\/figure>\n\n\n\n<figure class=\"wp-block-image is-resized\"><img decoding=\"async\" src=\"https:\/\/www.expreso.ec\/placeholder\/svg\/viewbox\/762x428\" alt=\"Varios ciudadanos salieron a las calles en Guayaquil, algunos en orden y manteniendo la calma, otros, con los nervios de punta y a empujones.\" width=\"267\" height=\"150\" \/><\/figure>\n\n\n\n<figure class=\"wp-block-image\"><img decoding=\"async\" src=\"https:\/\/www.expreso.ec\/placeholder\/svg\/viewbox\/762x428\" alt=\"Image\" \/><\/figure>\n\n\n\n<figure class=\"wp-block-image\"><img decoding=\"async\" src=\"https:\/\/www.expreso.ec\/placeholder\/svg\/viewbox\/762x428\" alt=\"Image\" \/><\/figure>\n\n\n\n<p><\/p>\n\n\n\n<figure class=\"wp-block-image\"><img decoding=\"async\" src=\"https:\/\/www.expreso.ec\/placeholder\/svg\/viewbox\/762x428\" alt=\"Image\" \/><\/figure>\n<div class=\"gsp_post_data\" \r\n\t            data-post_type=\"post\" \r\n\t            data-cat=\"general,noticias-ecuador\" \r\n\t            data-modified=\"120\"\r\n\t            data-created=\"1549297781\"\r\n\t            data-title=\"Sismo de magnitud 6 en Ecuador, con epicentro en Playas\" \r\n\t            data-home=\"https:\/\/www.evafm.net\/sitio\"><\/div>","protected":false},"excerpt":{"rendered":"<p>Actualizado a las 14:19 Un sismo de magnitud 6 se registr\u00f3 la tarde este lunes en la provincia del Guayas. El movimiento tuvo una profundidad de 60 km con epicentro en el cant\u00f3n General Villamil Playas. El temblor se registr\u00f3 a las 12:45 y origin\u00f3 evacuaciones en edificios de Guayaquil y seg\u00fan la Secretar\u00eda de&#8230;<\/p>\n","protected":false},"author":5,"featured_media":44068,"comment_status":"closed","ping_status":"open","sticky":false,"template":"","format":"standard","meta":{"_joinchat":[],"footnotes":""},"categories":[1720,1558],"tags":[],"class_list":["post-44067","post","type-post","status-publish","format-standard","has-post-thumbnail","hentry","category-general","category-noticias-ecuador","have-post-thumb"],"_links":{"self":[{"href":"https:\/\/www.evafm.net\/sitio\/wp-json\/wp\/v2\/posts\/44067","targetHints":{"allow":["GET"]}}],"collection":[{"href":"https:\/\/www.evafm.net\/sitio\/wp-json\/wp\/v2\/posts"}],"about":[{"href":"https:\/\/www.evafm.net\/sitio\/wp-json\/wp\/v2\/types\/post"}],"author":[{"embeddable":true,"href":"https:\/\/www.evafm.net\/sitio\/wp-json\/wp\/v2\/users\/5"}],"replies":[{"embeddable":true,"href":"https:\/\/www.evafm.net\/sitio\/wp-json\/wp\/v2\/comments?post=44067"}],"version-history":[{"count":2,"href":"https:\/\/www.evafm.net\/sitio\/wp-json\/wp\/v2\/posts\/44067\/revisions"}],"predecessor-version":[{"id":44071,"href":"https:\/\/www.evafm.net\/sitio\/wp-json\/wp\/v2\/posts\/44067\/revisions\/44071"}],"wp:featuredmedia":[{"embeddable":true,"href":"https:\/\/www.evafm.net\/sitio\/wp-json\/wp\/v2\/media\/44068"}],"wp:attachment":[{"href":"https:\/\/www.evafm.net\/sitio\/wp-json\/wp\/v2\/media?parent=44067"}],"wp:term":[{"taxonomy":"category","embeddable":true,"href":"https:\/\/www.evafm.net\/sitio\/wp-json\/wp\/v2\/categories?post=44067"},{"taxonomy":"post_tag","embeddable":true,"href":"https:\/\/www.evafm.net\/sitio\/wp-json\/wp\/v2\/tags?post=44067"}],"curies":[{"name":"wp","href":"https:\/\/api.w.org\/{rel}","templated":true}]}}