{"id":44119,"date":"2019-02-05T19:26:57","date_gmt":"2019-02-06T00:26:57","guid":{"rendered":"https:\/\/www.evafm.net\/sitio\/?p=44119"},"modified":"2019-02-05T19:28:26","modified_gmt":"2019-02-06T00:28:26","slug":"liam-neeson-trato-de-matar-a-un-negro-para-vengar-una-violacion","status":"publish","type":"post","link":"https:\/\/www.evafm.net\/sitio\/liam-neeson-trato-de-matar-a-un-negro-para-vengar-una-violacion\/","title":{"rendered":"Liam Neeson trat\u00f3 de matar a un negro para vengar una violaci\u00f3n"},"content":{"rendered":"\n<p>El actor brit\u00e1nico Liam Neeson ha levantado pol\u00e9mica al explicar en una entrevista publicada hoy por el diario The Independent que hace tiempo sali\u00f3 a la calle varios d\u00edas buscando pelea con alg\u00fan \u00abnegro\u00bb para matarlo en venganza por la violaci\u00f3n de una mujer.<\/p>\n\n\n\n<p>\u00abRecorr\u00ed arriba y abajo algunas zonas llevando una barra, deseando que alguien se me acercara. Estoy avergonzado de decir esto. Lo hice durante quiz\u00e1s una semana, esperando que un negro bastardo saliera de un pub y se confrontara conmigo por algo, \u00bfsabes? Para poder matarlo\u00bb, relata Neeson.<\/p>\n\n\n\n<p> El actor norirland\u00e9s, de 66 a\u00f1os, hizo esas declaraciones durante la promoci\u00f3n de la pel\u00edcula \u00abCold Pursuit\u00bb, en la que interpreta a un personaje que quiere vengarse por el asesinato de su hijo. <\/p>\n\n\n\n<p> \u00abExiste algo primario. Dios no quiera que alg\u00fan miembro de tu familia resulte herido en circunstancias criminales\u00bb, comenta Neeson en la entrevista, para acto seguido avanzar que va a contar una historia \u00abreal\u00bb. <\/p>\n\n\n\n<p> El actor narra entonces c\u00f3mo se enter\u00f3 de que una mujer que conoc\u00eda sufri\u00f3 una violaci\u00f3n.\u00bbYo pregunt\u00e9: \u00bfSab\u00eda ella qui\u00e9n fue? No. \u00bfDe qu\u00e9 color era? Ella dijo que fue una persona negra\u00bb, rememor\u00f3. <\/p>\n\n\n\n<p>\u00abMe cost\u00f3 una semana, quiz\u00e1s una semana y media, superarlo. Ella me dec\u00eda: &#8216;\u00bfA d\u00f3nde vas?&#8217;, y yo lo dec\u00eda: &#8216;Voy solamente a dar una vuelta'\u00bb, agreg\u00f3 el actor, que considera \u00abhorrible\u00bb lo que hizo.<\/p>\n\n\n\n<figure class=\"wp-block-embed-youtube wp-block-embed is-type-video is-provider-youtube wp-embed-aspect-16-9 wp-has-aspect-ratio\"><div class=\"wp-block-embed__wrapper\">\nhttps:\/\/youtu.be\/Oggz3PF9M2Q\n<\/div><\/figure>\n\n\n\n<p>Fuente: elnuevodiario.com.ni<\/p>\n\n\n\n<p><\/p>\n\n\n\n<p><\/p>\n<div class=\"gsp_post_data\" \r\n\t            data-post_type=\"post\" \r\n\t            data-cat=\"farandula-internacional\" \r\n\t            data-modified=\"120\"\r\n\t            data-created=\"1549394817\"\r\n\t            data-title=\"Liam Neeson trat\u00f3 de matar a un negro para vengar una violaci\u00f3n\" \r\n\t            data-home=\"https:\/\/www.evafm.net\/sitio\"><\/div>","protected":false},"excerpt":{"rendered":"<p>El actor brit\u00e1nico Liam Neeson ha levantado pol\u00e9mica al explicar en una entrevista publicada hoy por el diario The Independent que hace tiempo sali\u00f3 a la calle varios d\u00edas buscando pelea con alg\u00fan \u00abnegro\u00bb para matarlo en venganza por la violaci\u00f3n de una mujer. \u00abRecorr\u00ed arriba y abajo algunas zonas llevando una barra, deseando que&#8230;<\/p>\n","protected":false},"author":5,"featured_media":44120,"comment_status":"closed","ping_status":"open","sticky":false,"template":"","format":"standard","meta":{"_joinchat":[],"footnotes":""},"categories":[1346],"tags":[],"class_list":["post-44119","post","type-post","status-publish","format-standard","has-post-thumbnail","hentry","category-farandula-internacional","have-post-thumb"],"_links":{"self":[{"href":"https:\/\/www.evafm.net\/sitio\/wp-json\/wp\/v2\/posts\/44119","targetHints":{"allow":["GET"]}}],"collection":[{"href":"https:\/\/www.evafm.net\/sitio\/wp-json\/wp\/v2\/posts"}],"about":[{"href":"https:\/\/www.evafm.net\/sitio\/wp-json\/wp\/v2\/types\/post"}],"author":[{"embeddable":true,"href":"https:\/\/www.evafm.net\/sitio\/wp-json\/wp\/v2\/users\/5"}],"replies":[{"embeddable":true,"href":"https:\/\/www.evafm.net\/sitio\/wp-json\/wp\/v2\/comments?post=44119"}],"version-history":[{"count":2,"href":"https:\/\/www.evafm.net\/sitio\/wp-json\/wp\/v2\/posts\/44119\/revisions"}],"predecessor-version":[{"id":44123,"href":"https:\/\/www.evafm.net\/sitio\/wp-json\/wp\/v2\/posts\/44119\/revisions\/44123"}],"wp:featuredmedia":[{"embeddable":true,"href":"https:\/\/www.evafm.net\/sitio\/wp-json\/wp\/v2\/media\/44120"}],"wp:attachment":[{"href":"https:\/\/www.evafm.net\/sitio\/wp-json\/wp\/v2\/media?parent=44119"}],"wp:term":[{"taxonomy":"category","embeddable":true,"href":"https:\/\/www.evafm.net\/sitio\/wp-json\/wp\/v2\/categories?post=44119"},{"taxonomy":"post_tag","embeddable":true,"href":"https:\/\/www.evafm.net\/sitio\/wp-json\/wp\/v2\/tags?post=44119"}],"curies":[{"name":"wp","href":"https:\/\/api.w.org\/{rel}","templated":true}]}}