{"id":44125,"date":"2019-02-05T19:35:08","date_gmt":"2019-02-06T00:35:08","guid":{"rendered":"https:\/\/www.evafm.net\/sitio\/?p=44125"},"modified":"2019-02-05T19:37:29","modified_gmt":"2019-02-06T00:37:29","slug":"ednita-nazario-comienza-a-grabar-su-nuevo-disco","status":"publish","type":"post","link":"https:\/\/www.evafm.net\/sitio\/ednita-nazario-comienza-a-grabar-su-nuevo-disco\/","title":{"rendered":"Ednita Nazario comienza a grabar su nuevo disco"},"content":{"rendered":"\n<p>La cantante\u00a0<strong>Ednita<a rel=\"noreferrer noopener\" href=\"https:\/\/www.elnuevodia.com\/topicos\/ednitanazario\/\" target=\"_blank\"> <\/a>Nazario<\/strong>\u00a0no ha podido ocultar la felicidad que experimenta al regresar a un estudio de grabaci\u00f3n.<\/p>\n\n\n\n<p>Un nuevo proyecto musical se cocina en el estudio de la mano del productor George Noriega, con quien ha trabajado anteriormente, seg\u00fan public\u00f3 la vocalista en sus redes sociales.<\/p>\n\n\n\n<p><strong>La voz de \u201cM\u00e1s grande que grande\u201d entr\u00f3 ayer al estudio de grabaci\u00f3n\u00a0 y comparti\u00f3 con sus seguidores varios de los momentos en los que grab\u00f3 parte de los temas in\u00e9ditos que comprender\u00e1n su proyecto discogr\u00e1fico, el que sumar\u00eda a una veintena de \u00e1lbumes.\u00a0<\/strong><\/p>\n\n\n\n<p> Ednita no lanza una producci\u00f3n discogr\u00e1fica desde el 2017, cuando present\u00f3 \u201cUna Vida\u201d.\u00a0 <\/p>\n\n\n\n<p> De inmediato sus seguidores reaccionaron con mensajes de elogios y desespero por escuchar sus interpretaciones. Fan\u00e1ticos de Chile le preguntaron cu\u00e1ndo va a ofrecer un concierto en el mencionado pa\u00eds, mientras que otros puertorrique\u00f1os hicieron lo propio al reclamar que \u201cte queremos en el coliseo\u201d, en referencia\u00a0 al Coliseo de Puerto Rico, Jos\u00e9 Miguel Agrelot.\u00a0 <\/p>\n\n\n\n<p>En el caso de George Noriega, cabe destacar que el productor&nbsp; ha trabajado con Ricky Martin, Gloria Estefan, Man\u00e1 y Dani Mart\u00edn por mencionar algunos.&nbsp;<\/p>\n\n\n\n<p>La otra particularidad que podr\u00eda experimentar el nuevo proyecto musical es que la cantante viene de enfrentar el divorcio con su excompa\u00f1ero Luis Bonnet Mercier. La \u00abDiva de Ponce\u00bb se separ\u00f3 legalmente en el 2018, luego de 24 a\u00f1os de matrimonio, por lo que muchos de sus admiradores esperan temas inspirados en el desamor.<\/p>\n\n\n\n<figure class=\"wp-block-embed-instagram wp-block-embed is-type-rich is-provider-instagram\"><div class=\"wp-block-embed__wrapper\">\nhttps:\/\/www.instagram.com\/p\/BtfFtGzgIoZ\/?utm_source=ig_web_copy_link\n<\/div><\/figure>\n\n\n\n<figure class=\"wp-block-embed-instagram wp-block-embed is-type-rich is-provider-instagram\"><div class=\"wp-block-embed__wrapper\">\nhttps:\/\/www.instagram.com\/p\/BteoCPgAGTv\/?utm_source=ig_web_copy_link\n<\/div><\/figure>\n\n\n\n<p>Fuente: elnuevodia.com- instagram.com<\/p>\n\n\n\n<p><\/p>\n<div class=\"gsp_post_data\" \r\n\t            data-post_type=\"post\" \r\n\t            data-cat=\"general,musica-internacional\" \r\n\t            data-modified=\"120\"\r\n\t            data-created=\"1549395308\"\r\n\t            data-title=\"Ednita Nazario comienza a grabar su nuevo disco\" \r\n\t            data-home=\"https:\/\/www.evafm.net\/sitio\"><\/div>","protected":false},"excerpt":{"rendered":"<p>La cantante\u00a0Ednita Nazario\u00a0no ha podido ocultar la felicidad que experimenta al regresar a un estudio de grabaci\u00f3n. Un nuevo proyecto musical se cocina en el estudio de la mano del productor George Noriega, con quien ha trabajado anteriormente, seg\u00fan public\u00f3 la vocalista en sus redes sociales. La voz de \u201cM\u00e1s grande que grande\u201d entr\u00f3 ayer&#8230;<\/p>\n","protected":false},"author":5,"featured_media":44126,"comment_status":"closed","ping_status":"open","sticky":false,"template":"","format":"standard","meta":{"_joinchat":[],"footnotes":""},"categories":[1720,2],"tags":[],"class_list":["post-44125","post","type-post","status-publish","format-standard","has-post-thumbnail","hentry","category-general","category-musica-internacional","have-post-thumb"],"_links":{"self":[{"href":"https:\/\/www.evafm.net\/sitio\/wp-json\/wp\/v2\/posts\/44125","targetHints":{"allow":["GET"]}}],"collection":[{"href":"https:\/\/www.evafm.net\/sitio\/wp-json\/wp\/v2\/posts"}],"about":[{"href":"https:\/\/www.evafm.net\/sitio\/wp-json\/wp\/v2\/types\/post"}],"author":[{"embeddable":true,"href":"https:\/\/www.evafm.net\/sitio\/wp-json\/wp\/v2\/users\/5"}],"replies":[{"embeddable":true,"href":"https:\/\/www.evafm.net\/sitio\/wp-json\/wp\/v2\/comments?post=44125"}],"version-history":[{"count":3,"href":"https:\/\/www.evafm.net\/sitio\/wp-json\/wp\/v2\/posts\/44125\/revisions"}],"predecessor-version":[{"id":44130,"href":"https:\/\/www.evafm.net\/sitio\/wp-json\/wp\/v2\/posts\/44125\/revisions\/44130"}],"wp:featuredmedia":[{"embeddable":true,"href":"https:\/\/www.evafm.net\/sitio\/wp-json\/wp\/v2\/media\/44126"}],"wp:attachment":[{"href":"https:\/\/www.evafm.net\/sitio\/wp-json\/wp\/v2\/media?parent=44125"}],"wp:term":[{"taxonomy":"category","embeddable":true,"href":"https:\/\/www.evafm.net\/sitio\/wp-json\/wp\/v2\/categories?post=44125"},{"taxonomy":"post_tag","embeddable":true,"href":"https:\/\/www.evafm.net\/sitio\/wp-json\/wp\/v2\/tags?post=44125"}],"curies":[{"name":"wp","href":"https:\/\/api.w.org\/{rel}","templated":true}]}}