{"id":44145,"date":"2019-02-05T20:09:37","date_gmt":"2019-02-06T01:09:37","guid":{"rendered":"https:\/\/www.evafm.net\/sitio\/?p=44145"},"modified":"2019-02-05T20:11:21","modified_gmt":"2019-02-06T01:11:21","slug":"asamblea-posesiona-a-jueces-de-la-corte-constitucional","status":"publish","type":"post","link":"https:\/\/www.evafm.net\/sitio\/asamblea-posesiona-a-jueces-de-la-corte-constitucional\/","title":{"rendered":"Asamblea posesiona a jueces de la Corte Constitucional"},"content":{"rendered":"\n<p>La ceremonia de posesi\u00f3n de los nueve jueces y el listado de elegibles de la&nbsp;<strong>Corte Constitucional<\/strong>&nbsp;(CC) se desarroll\u00f3 en el Pleno de la&nbsp;<strong>Asamblea Nacional<\/strong>, la ma\u00f1ana de este martes 5 de febrero de 2018.<\/p>\n\n\n\n<p>Durante la<strong>&nbsp;sesi\u00f3n 574<\/strong>, la presidenta del Legislativo,<strong>&nbsp;Elizabeth Cabezas<\/strong>, tom\u00f3 juramente a los magistrados, quienes fueron validados por el&nbsp;<strong>Consejo de Participaci\u00f3n Ciudadana y Control Social transitorio<\/strong>&nbsp;(Cpccs-t), el pasado 28 de enero.<\/p>\n\n\n\n<p>Por un periodo de nueves a\u00f1os, Hern\u00e1n Salgado, Teresa Nuques, Agust\u00edn Grijalva, Ramiro \u00c1vila, Al\u00ed Lozada, Daniel Salazar, Enrique Herrer\u00eda, Carmen Corral y Karla Andrade se desempe\u00f1ar\u00e1n en el organismo de control institucional.<\/p>\n\n\n\n<p><strong>Hern\u00e1n<\/strong>\u00a0<strong>Salgado<\/strong>\u00a0y\u00a0<strong>Daniela<\/strong>\u00a0<strong>Salazar<\/strong>\u00a0fueron nombrados como presidente y vicepresidenta, respectivamente, de la nueva Corte Constitucional. En su primer discurso como cabeza de la entidad, Salgado manifest\u00f3 que el trabajo de la nueva Corte se basar\u00e1 en cuatro ejes: independencia, cero corrupci\u00f3n, celeridad y sentencias de calidad.<\/p>\n\n\n\n<p>Asimismo, Ra\u00fal Llasag, Sandra Cordero, Javier Aguirre, Dunia Mart\u00ednez, Ana Abril, Ra\u00fal Ilaquiche y Mar\u00eda Dolores Mi\u00f1o se posesionaron, ante la titular de la Asamblea, como elegibles de la de la CC.<\/p>\n\n\n\n<figure class=\"wp-block-embed-twitter wp-block-embed is-type-rich is-provider-twitter\"><div class=\"wp-block-embed__wrapper\">\n<blockquote class=\"twitter-tweet\" data-width=\"550\" data-dnt=\"true\"><p lang=\"es\" dir=\"ltr\">Conoce los perfiles de los jueces de la <a href=\"https:\/\/twitter.com\/CorteConstEcu?ref_src=twsrc%5Etfw\">@CorteConstEcu<\/a> que se posesionan en su cargo en la sesi\u00f3n del <a href=\"https:\/\/twitter.com\/hashtag\/Pleno574?src=hash&amp;ref_src=twsrc%5Etfw\">#Pleno574<\/a>. <a href=\"https:\/\/t.co\/Fwtc4wH3lK\">pic.twitter.com\/Fwtc4wH3lK<\/a><\/p>&mdash; Asamblea Nacional (@AsambleaEcuador) <a href=\"https:\/\/twitter.com\/AsambleaEcuador\/status\/1092810931300679680?ref_src=twsrc%5Etfw\">February 5, 2019<\/a><\/blockquote><script async src=\"https:\/\/platform.twitter.com\/widgets.js\" charset=\"utf-8\"><\/script>\n<\/div><\/figure>\n\n\n\n<figure class=\"wp-block-embed-twitter wp-block-embed is-type-rich is-provider-twitter\"><div class=\"wp-block-embed__wrapper\">\n<blockquote class=\"twitter-tweet\" data-width=\"550\" data-dnt=\"true\"><p lang=\"es\" dir=\"ltr\">Estos son los perfiles de los nuevos jueces de la <a href=\"https:\/\/twitter.com\/CorteConstEcu?ref_src=twsrc%5Etfw\">@CorteConstEcu<\/a> que toman posesi\u00f3n de su cargo en la sesi\u00f3n del <a href=\"https:\/\/twitter.com\/hashtag\/Pleno574?src=hash&amp;ref_src=twsrc%5Etfw\">#Pleno574<\/a>. <a href=\"https:\/\/t.co\/xYO0dxDJFV\">pic.twitter.com\/xYO0dxDJFV<\/a><\/p>&mdash; Asamblea Nacional (@AsambleaEcuador) <a href=\"https:\/\/twitter.com\/AsambleaEcuador\/status\/1092811413855326208?ref_src=twsrc%5Etfw\">February 5, 2019<\/a><\/blockquote><script async src=\"https:\/\/platform.twitter.com\/widgets.js\" charset=\"utf-8\"><\/script>\n<\/div><\/figure>\n\n\n\n<figure class=\"wp-block-embed-twitter wp-block-embed is-type-rich is-provider-twitter\"><div class=\"wp-block-embed__wrapper\">\n<blockquote class=\"twitter-tweet\" data-width=\"550\" data-dnt=\"true\"><p lang=\"es\" dir=\"ltr\">Revisa la trayectoria de los nuevos jueces de la <a href=\"https:\/\/twitter.com\/CorteConstEcu?ref_src=twsrc%5Etfw\">@CorteConstEcu<\/a> los cuales fueron posesionados en la sesi\u00f3n del <a href=\"https:\/\/twitter.com\/hashtag\/Pleno574?src=hash&amp;ref_src=twsrc%5Etfw\">#Pleno574<\/a>. <a href=\"https:\/\/t.co\/eZWN5q72TL\">pic.twitter.com\/eZWN5q72TL<\/a><\/p>&mdash; Asamblea Nacional (@AsambleaEcuador) <a href=\"https:\/\/twitter.com\/AsambleaEcuador\/status\/1092811844773908480?ref_src=twsrc%5Etfw\">February 5, 2019<\/a><\/blockquote><script async src=\"https:\/\/platform.twitter.com\/widgets.js\" charset=\"utf-8\"><\/script>\n<\/div><\/figure>\n\n\n\n<p>Fuente: expreso.ec . twitter.com<\/p>\n<div class=\"gsp_post_data\" \r\n\t            data-post_type=\"post\" \r\n\t            data-cat=\"general,noticias-ecuador\" \r\n\t            data-modified=\"120\"\r\n\t            data-created=\"1549397377\"\r\n\t            data-title=\"Asamblea posesiona a jueces de la Corte Constitucional\" \r\n\t            data-home=\"https:\/\/www.evafm.net\/sitio\"><\/div>","protected":false},"excerpt":{"rendered":"<p>La ceremonia de posesi\u00f3n de los nueve jueces y el listado de elegibles de la&nbsp;Corte Constitucional&nbsp;(CC) se desarroll\u00f3 en el Pleno de la&nbsp;Asamblea Nacional, la ma\u00f1ana de este martes 5 de febrero de 2018. Durante la&nbsp;sesi\u00f3n 574, la presidenta del Legislativo,&nbsp;Elizabeth Cabezas, tom\u00f3 juramente a los magistrados, quienes fueron validados por el&nbsp;Consejo de Participaci\u00f3n Ciudadana&#8230;<\/p>\n","protected":false},"author":5,"featured_media":44146,"comment_status":"closed","ping_status":"open","sticky":false,"template":"","format":"standard","meta":{"_joinchat":[],"footnotes":""},"categories":[1720,1558],"tags":[],"class_list":["post-44145","post","type-post","status-publish","format-standard","has-post-thumbnail","hentry","category-general","category-noticias-ecuador","have-post-thumb"],"_links":{"self":[{"href":"https:\/\/www.evafm.net\/sitio\/wp-json\/wp\/v2\/posts\/44145","targetHints":{"allow":["GET"]}}],"collection":[{"href":"https:\/\/www.evafm.net\/sitio\/wp-json\/wp\/v2\/posts"}],"about":[{"href":"https:\/\/www.evafm.net\/sitio\/wp-json\/wp\/v2\/types\/post"}],"author":[{"embeddable":true,"href":"https:\/\/www.evafm.net\/sitio\/wp-json\/wp\/v2\/users\/5"}],"replies":[{"embeddable":true,"href":"https:\/\/www.evafm.net\/sitio\/wp-json\/wp\/v2\/comments?post=44145"}],"version-history":[{"count":2,"href":"https:\/\/www.evafm.net\/sitio\/wp-json\/wp\/v2\/posts\/44145\/revisions"}],"predecessor-version":[{"id":44149,"href":"https:\/\/www.evafm.net\/sitio\/wp-json\/wp\/v2\/posts\/44145\/revisions\/44149"}],"wp:featuredmedia":[{"embeddable":true,"href":"https:\/\/www.evafm.net\/sitio\/wp-json\/wp\/v2\/media\/44146"}],"wp:attachment":[{"href":"https:\/\/www.evafm.net\/sitio\/wp-json\/wp\/v2\/media?parent=44145"}],"wp:term":[{"taxonomy":"category","embeddable":true,"href":"https:\/\/www.evafm.net\/sitio\/wp-json\/wp\/v2\/categories?post=44145"},{"taxonomy":"post_tag","embeddable":true,"href":"https:\/\/www.evafm.net\/sitio\/wp-json\/wp\/v2\/tags?post=44145"}],"curies":[{"name":"wp","href":"https:\/\/api.w.org\/{rel}","templated":true}]}}