{"id":44153,"date":"2019-02-05T20:17:40","date_gmt":"2019-02-06T01:17:40","guid":{"rendered":"https:\/\/www.evafm.net\/sitio\/?p=44153"},"modified":"2019-02-05T20:18:19","modified_gmt":"2019-02-06T01:18:19","slug":"supercom-hara-monitoreo-estos-primeros-dias-de-campana-electoral","status":"publish","type":"post","link":"https:\/\/www.evafm.net\/sitio\/supercom-hara-monitoreo-estos-primeros-dias-de-campana-electoral\/","title":{"rendered":"Supercom har\u00e1 monitoreo estos primeros d\u00edas de campa\u00f1a electoral"},"content":{"rendered":"\n<p>\n\nQuito &#8211;<\/p>\n\n\n\n<p>A la falta de una empresa que monitoree la campa\u00f1a electoral en medios ser\u00e1&nbsp;<strong>la Superintendencia de Comunicaci\u00f3n (Supercom)<\/strong>&nbsp;la que asumir\u00e1 esa tarea por tres d\u00edas.<\/p>\n\n\n\n<p>La presidenta del&nbsp;<strong>Consejo Nacional Electoral<\/strong>&nbsp;(CNE), Diana Atamaint, reconoci\u00f3 ayer que a\u00fan no est\u00e1 cerrada la contrataci\u00f3n de la empresa que se encargue del monitoreo a m\u00e1s de 700 medios que promocionar\u00e1n a los candidatos en los 45 d\u00edas de campa\u00f1a para las seccionales que ayer arranc\u00f3.<\/p>\n\n\n\n<p>Esto se deber\u00eda a que deben contestar una pregunta del Servicio Nacional de Contrataci\u00f3n P\u00fablica, mientras tanto,&nbsp;<strong>\u201crecibiremos el apoyo de la Supercom, que no sea m\u00e1s de tres d\u00edas. El monitoreo est\u00e1 cubierto y no queda en el vac\u00edo\u201d<\/strong>.<\/p>\n\n\n\n<p>Aclar\u00f3 que los portales digitales no acceder\u00e1n a pauta electoral, como estaba planteado en el reglamento de Promoci\u00f3n Electoral, por una aclaraci\u00f3n de la Procuradur\u00eda General.<\/p>\n\n\n\n<p>Atamaint prev\u00e9 viajar a M\u00e9xico este jueves, invitada a exponer sobre \u2018democracia e inclusi\u00f3n\u2019, a prop\u00f3sito del D\u00eda Internacional de las Mujeres. (I)<\/p>\n\n\n\n<p>Fuente: eluniverso.com<\/p>\n<div class=\"gsp_post_data\" \r\n\t            data-post_type=\"post\" \r\n\t            data-cat=\"noticias-ecuador\" \r\n\t            data-modified=\"120\"\r\n\t            data-created=\"1549397860\"\r\n\t            data-title=\"Supercom har\u00e1 monitoreo estos primeros d\u00edas de campa\u00f1a electoral\" \r\n\t            data-home=\"https:\/\/www.evafm.net\/sitio\"><\/div>","protected":false},"excerpt":{"rendered":"<p>Quito &#8211; A la falta de una empresa que monitoree la campa\u00f1a electoral en medios ser\u00e1&nbsp;la Superintendencia de Comunicaci\u00f3n (Supercom)&nbsp;la que asumir\u00e1 esa tarea por tres d\u00edas. La presidenta del&nbsp;Consejo Nacional Electoral&nbsp;(CNE), Diana Atamaint, reconoci\u00f3 ayer que a\u00fan no est\u00e1 cerrada la contrataci\u00f3n de la empresa que se encargue del monitoreo a m\u00e1s de 700&#8230;<\/p>\n","protected":false},"author":5,"featured_media":44154,"comment_status":"closed","ping_status":"open","sticky":false,"template":"","format":"standard","meta":{"_joinchat":[],"footnotes":""},"categories":[1558],"tags":[],"class_list":["post-44153","post","type-post","status-publish","format-standard","has-post-thumbnail","hentry","category-noticias-ecuador","have-post-thumb"],"_links":{"self":[{"href":"https:\/\/www.evafm.net\/sitio\/wp-json\/wp\/v2\/posts\/44153","targetHints":{"allow":["GET"]}}],"collection":[{"href":"https:\/\/www.evafm.net\/sitio\/wp-json\/wp\/v2\/posts"}],"about":[{"href":"https:\/\/www.evafm.net\/sitio\/wp-json\/wp\/v2\/types\/post"}],"author":[{"embeddable":true,"href":"https:\/\/www.evafm.net\/sitio\/wp-json\/wp\/v2\/users\/5"}],"replies":[{"embeddable":true,"href":"https:\/\/www.evafm.net\/sitio\/wp-json\/wp\/v2\/comments?post=44153"}],"version-history":[{"count":1,"href":"https:\/\/www.evafm.net\/sitio\/wp-json\/wp\/v2\/posts\/44153\/revisions"}],"predecessor-version":[{"id":44155,"href":"https:\/\/www.evafm.net\/sitio\/wp-json\/wp\/v2\/posts\/44153\/revisions\/44155"}],"wp:featuredmedia":[{"embeddable":true,"href":"https:\/\/www.evafm.net\/sitio\/wp-json\/wp\/v2\/media\/44154"}],"wp:attachment":[{"href":"https:\/\/www.evafm.net\/sitio\/wp-json\/wp\/v2\/media?parent=44153"}],"wp:term":[{"taxonomy":"category","embeddable":true,"href":"https:\/\/www.evafm.net\/sitio\/wp-json\/wp\/v2\/categories?post=44153"},{"taxonomy":"post_tag","embeddable":true,"href":"https:\/\/www.evafm.net\/sitio\/wp-json\/wp\/v2\/tags?post=44153"}],"curies":[{"name":"wp","href":"https:\/\/api.w.org\/{rel}","templated":true}]}}