{"id":44156,"date":"2019-02-05T20:30:35","date_gmt":"2019-02-06T01:30:35","guid":{"rendered":"https:\/\/www.evafm.net\/sitio\/?p=44156"},"modified":"2019-02-05T20:55:24","modified_gmt":"2019-02-06T01:55:24","slug":"12-meses-el-plazo-maximo-de-una-transicion-posterior-a-nicolas-maduro","status":"publish","type":"post","link":"https:\/\/www.evafm.net\/sitio\/12-meses-el-plazo-maximo-de-una-transicion-posterior-a-nicolas-maduro\/","title":{"rendered":"12 meses el plazo m\u00e1ximo de una transici\u00f3n posterior a Nicol\u00e1s Maduro"},"content":{"rendered":"\n<p>El Parlamento venezolano, de mayor\u00eda opositora,&nbsp;<strong>fij\u00f3 en 12 meses la vigencia m\u00e1xima de un eventual gobierno de transici\u00f3n<\/strong>&nbsp;encabezado por el presidente interino&nbsp;<strong>Juan Guaid\u00f3<\/strong>, que comenzar\u00eda cuando \u00abcese\u00bb lo que considera una \u00abusurpaci\u00f3n\u00bb del poder por parte de Nicol\u00e1s Maduro.<\/p>\n\n\n\n<p>\u00abUna vez cesada la usurpaci\u00f3n\u00bb, Guaid\u00f3 \u00abejercer\u00e1 durante 30 d\u00edas continuos como presidente encargado\u00bb para \u00abconducir el proceso que conlleve a la conformaci\u00f3n de un gobierno provisional (\u2026) y<strong>&nbsp;la realizaci\u00f3n de elecciones presidenciales libres\u00bb<\/strong>, establece la Ley del Estatuto para la Transici\u00f3n, aprobada este martes en sesi\u00f3n ordinaria.<\/p>\n\n\n\n<p>Si hubiese \u00abimposibilidad t\u00e9cnica para convocar\u00bb a los comicios en esos 30 d\u00edas,&nbsp;<strong>el Parlamento \u00abpodr\u00e1 ratificar al presidente encargado como presidente provisional\u00bb<\/strong>, con un mandato con \u00abplazo m\u00e1ximo de doce meses\u00bb.<\/p>\n\n\n\n<p>El texto establece, sin embargo, que&nbsp;<strong>los comicios deber\u00e1n \u00abrealizarse en el menor tiempo posible\u00bb.<\/strong><\/p>\n\n\n\n<p>La Constituci\u00f3n ordena que, en caso de \u00abfalta absoluta\u00bb en la presidencia, deben convocarse a elecciones en 30 d\u00edas y que el jefe del Legislativo,  <br>ente Guaid\u00f3,<strong>&nbsp;se encarga del cargo mientras un nuevo mandatario asume el poder.<\/strong> <\/p>\n\n\n\n<p>La ley \u00abda marco, orden y busca gobernabilidad y estabilidad de cara a un proceso de transici\u00f3n\u00bb, dijo tras la votaci\u00f3n&nbsp;<strong>Guaid\u00f3, reconocido por Estados Unidos, una docena de pa\u00edses de Am\u00e9rica Latina y una veintena de Europa.<\/strong><\/p>\n\n\n\n<p>Guaid\u00f3 se&nbsp;proclam\u00f3 presidente interino&nbsp;el pasado 23 de enero, despu\u00e9s de que el Parlamento declarara a Maduro \u00abusurpador\u00bb, alegando que su segundo mandato (2019-2025), iniciado el 10 de enero,<strong>&nbsp;fue producto de elecciones fraudulentas.<\/strong><\/p>\n\n\n\n<p>El Tribunal Supremo de Justicia (TSJ), de l\u00ednea oficialista, considera nulas todas las decisiones del Parlamento desde que lo declar\u00f3 en desacato en 2016,&nbsp;<strong>apenas asumi\u00f3 la mayor\u00eda opositora tras su contundente triunfo electoral de diciembre de 2015.<\/strong><\/p>\n\n\n\n<p>El TSJ abri\u00f3 una investigaci\u00f3n contra Guaid\u00f3 por \u00abusurpaci\u00f3n\u00bb, le prohibi\u00f3 salir del pa\u00eds y congel\u00f3 sus bienes y cuentas.<\/p>\n\n\n\n<p>El Parlamento, en el camino a la transici\u00f3n,&nbsp;<strong>se comprometi\u00f3 a una renovaci\u00f3n de todos los poderes p\u00fablicos, incluidos los poderes judicial y electoral.<\/strong><\/p>\n\n\n\n<p>Con informaci\u00f3n de AFP<\/p>\n<div class=\"gsp_post_data\" \r\n\t            data-post_type=\"post\" \r\n\t            data-cat=\"general,noticias-internacionales\" \r\n\t            data-modified=\"120\"\r\n\t            data-created=\"1549398635\"\r\n\t            data-title=\"12 meses el plazo m\u00e1ximo de una transici\u00f3n posterior a Nicol\u00e1s Maduro\" \r\n\t            data-home=\"https:\/\/www.evafm.net\/sitio\"><\/div>","protected":false},"excerpt":{"rendered":"<p>El Parlamento venezolano, de mayor\u00eda opositora,&nbsp;fij\u00f3 en 12 meses la vigencia m\u00e1xima de un eventual gobierno de transici\u00f3n&nbsp;encabezado por el presidente interino&nbsp;Juan Guaid\u00f3, que comenzar\u00eda cuando \u00abcese\u00bb lo que considera una \u00abusurpaci\u00f3n\u00bb del poder por parte de Nicol\u00e1s Maduro. \u00abUna vez cesada la usurpaci\u00f3n\u00bb, Guaid\u00f3 \u00abejercer\u00e1 durante 30 d\u00edas continuos como presidente encargado\u00bb para \u00abconducir&#8230;<\/p>\n","protected":false},"author":5,"featured_media":44158,"comment_status":"closed","ping_status":"open","sticky":false,"template":"","format":"standard","meta":{"_joinchat":[],"footnotes":""},"categories":[1720,1345],"tags":[],"class_list":["post-44156","post","type-post","status-publish","format-standard","has-post-thumbnail","hentry","category-general","category-noticias-internacionales","have-post-thumb"],"_links":{"self":[{"href":"https:\/\/www.evafm.net\/sitio\/wp-json\/wp\/v2\/posts\/44156","targetHints":{"allow":["GET"]}}],"collection":[{"href":"https:\/\/www.evafm.net\/sitio\/wp-json\/wp\/v2\/posts"}],"about":[{"href":"https:\/\/www.evafm.net\/sitio\/wp-json\/wp\/v2\/types\/post"}],"author":[{"embeddable":true,"href":"https:\/\/www.evafm.net\/sitio\/wp-json\/wp\/v2\/users\/5"}],"replies":[{"embeddable":true,"href":"https:\/\/www.evafm.net\/sitio\/wp-json\/wp\/v2\/comments?post=44156"}],"version-history":[{"count":2,"href":"https:\/\/www.evafm.net\/sitio\/wp-json\/wp\/v2\/posts\/44156\/revisions"}],"predecessor-version":[{"id":44159,"href":"https:\/\/www.evafm.net\/sitio\/wp-json\/wp\/v2\/posts\/44156\/revisions\/44159"}],"wp:featuredmedia":[{"embeddable":true,"href":"https:\/\/www.evafm.net\/sitio\/wp-json\/wp\/v2\/media\/44158"}],"wp:attachment":[{"href":"https:\/\/www.evafm.net\/sitio\/wp-json\/wp\/v2\/media?parent=44156"}],"wp:term":[{"taxonomy":"category","embeddable":true,"href":"https:\/\/www.evafm.net\/sitio\/wp-json\/wp\/v2\/categories?post=44156"},{"taxonomy":"post_tag","embeddable":true,"href":"https:\/\/www.evafm.net\/sitio\/wp-json\/wp\/v2\/tags?post=44156"}],"curies":[{"name":"wp","href":"https:\/\/api.w.org\/{rel}","templated":true}]}}