{"id":44436,"date":"2019-02-17T16:34:22","date_gmt":"2019-02-17T21:34:22","guid":{"rendered":"https:\/\/www.evafm.net\/sitio\/?p=44436"},"modified":"2019-02-17T16:34:22","modified_gmt":"2019-02-17T21:34:22","slug":"vladimir-putin-invito-a-evo-morales-a-moscu","status":"publish","type":"post","link":"https:\/\/www.evafm.net\/sitio\/vladimir-putin-invito-a-evo-morales-a-moscu\/","title":{"rendered":"Vladimir Putin invit\u00f3 a Evo Morales a Mosc\u00fa"},"content":{"rendered":"<div class=\"row pb-content-type-text\">\n<div class=\"col-xs-12 col-print-12\">\n<p class=\"element element-paragraph\">El presidente ruso,\u00a0<strong>Vladimir Putin<\/strong>, invit\u00f3 a su hom\u00f3logo boliviano a realizar una visita oficial a Mosc\u00fa en julio con la finalidad de sellar una \u00ab<strong>alianza estrat\u00e9gica<\/strong>\u00bb de\u00a0<strong>Bolivia<\/strong>\u00a0con la\u00a0<strong>Uni\u00f3n Econ\u00f3mica Euroas\u00e1tica<\/strong>, inform\u00f3 este s\u00e1bado el mandatario Evo Morales.<\/p>\n<\/div>\n<\/div>\n<div class=\"row pb-content-type-text\">\n<div class=\"col-xs-12 col-print-12\">\n<p class=\"element element-paragraph\">Durante la entrega de un sistema de riego en el municipio altipl\u00e1nico de Poop\u00f3, Morales cont\u00f3 que el embajador ruso, Vlad\u00edmir Sprinchan, le comunic\u00f3 en persona de la invitaci\u00f3n cuando ambos se reunieron m\u00e1s temprano en la Casa Grande del Pueblo, sede del Ejecutivo en La Paz.<\/p>\n<\/div>\n<\/div>\n<div class=\"row pb-content-type-text\">\n<div class=\"col-xs-12 col-print-12\">\n<p class=\"element element-paragraph\">\u00ab<strong>El hermano presidente de Rusia nos invita, para julio, para una visita oficial a Rusia<\/strong>\u00ab, destac\u00f3 Morales ante la concurrencia y el diplom\u00e1tico ruso lo acompa\u00f1\u00f3 hasta el lugar.<\/p>\n<div class=\"row pb-content-type-text\">\n<div class=\"col-xs-12 col-print-12\">\n<p class=\"element element-paragraph\">El presidente boliviano destac\u00f3 que las reuniones que se desarrollar\u00e1n de aqu\u00ed a cinco meses en Rusia tendr\u00e1n la particularidad de establecer una \u00ab<strong>alianza estrat\u00e9gica<\/strong>\u00bb con la Uni\u00f3n Econ\u00f3mica Euroasi\u00e1tica. Ese bloque comercial est\u00e1 compuesto por Kazajist\u00e1n y Bielorrusia, adem\u00e1s de Rusia, y recibe esa denominaci\u00f3n desde 2015.<\/p>\n<\/div>\n<\/div>\n<div class=\"row pb-content-type-text\">\n<div class=\"col-xs-12 col-print-12\">\n<p class=\"element element-paragraph\">\u00ab<strong>Para Bolivia se abren muchas puertas de comercio, para importaci\u00f3n y exportaci\u00f3n porque estamos mucho mejor (econ\u00f3micamente) que antes<\/strong>\u00ab, recalc\u00f3 Morales.<\/p>\n<\/div>\n<\/div>\n<div class=\"row pb-content-type-text\">\n<div class=\"col-xs-12 col-print-12\">\n<p class=\"element element-paragraph\">El jefe de Estado manifest\u00f3 adem\u00e1s que, con la proyecci\u00f3n de abrir mercados internacionales para la producci\u00f3n boliviana, en las pr\u00f3ximas semanas llegar\u00e1 a Bolivia una delegaci\u00f3n rusa para \u00abevaluar y estudiar\u00bb la posibilidad de comprar carne vacuna.<\/p>\n<div class=\"row pb-content-type-text\">\n<div class=\"col-xs-12 col-print-12\">\n<p class=\"element element-paragraph\">Morales destac\u00f3 los aspectos comunes que acercan a Bolivia y a Rusia como las pol\u00edticas y programas sociales con \u00abmucha coincidencia\u00bb, adem\u00e1s de la defensa del multilateralismo, se\u00f1al\u00f3. \u00abNo somos pa\u00edses intervencionistas\u00bb, enfatiz\u00f3 el mandatario.<\/p>\n<\/div>\n<\/div>\n<div class=\"row pb-content-type-text\">\n<div class=\"col-xs-12 col-print-12\">\n<p class=\"element element-paragraph\">El encuentro m\u00e1s reciente de Morales con su hom\u00f3logo ruso fue en junio del a\u00f1o pasado que tuvo como eje la suscripci\u00f3n de acuerdos para inversi\u00f3n rusa en el \u00e1rea de hidrocarburos.<\/p>\n<\/div>\n<\/div>\n<div class=\"row pb-content-type-text\">\n<div class=\"col-xs-12 col-print-12\">\n<p class=\"element element-paragraph\">La administraci\u00f3n de Morales se ha propuesto abrir nuevos mercados de exportaci\u00f3n para los productos bolivianos, principalmente en el continente asi\u00e1tico.<\/p>\n<\/div>\n<\/div>\n<div class=\"row pb-content-type-text\">\n<div class=\"col-xs-12 col-print-12\">\n<p class=\"element element-paragraph\">Bolivia ya exporta, desde diciembre pasado, el grano andino de la quinua a China y ha dado pasos similares para consolidar a ese pa\u00eds la venta de caf\u00e9 y carne bovina.<\/p>\n<\/div>\n<\/div>\n<div class=\"row pb-content-type-text\">\n<div class=\"col-xs-12 col-print-12\">\n<p class=\"element element-paragraph\"><em>(Con informaci\u00f3n de EFE)<\/em><\/p>\n<p>Fuente: infobae.com<\/p>\n<\/div>\n<\/div>\n<\/div>\n<\/div>\n<\/div>\n<\/div>\n<div class=\"gsp_post_data\" \r\n\t            data-post_type=\"post\" \r\n\t            data-cat=\"general,noticias-internacionales\" \r\n\t            data-modified=\"120\"\r\n\t            data-created=\"1550421262\"\r\n\t            data-title=\"Vladimir Putin invit\u00f3 a Evo Morales a Mosc\u00fa\" \r\n\t            data-home=\"https:\/\/www.evafm.net\/sitio\"><\/div>","protected":false},"excerpt":{"rendered":"<p>El presidente ruso,\u00a0Vladimir Putin, invit\u00f3 a su hom\u00f3logo boliviano a realizar una visita oficial a Mosc\u00fa en julio con la finalidad de sellar una \u00abalianza estrat\u00e9gica\u00bb de\u00a0Bolivia\u00a0con la\u00a0Uni\u00f3n Econ\u00f3mica Euroas\u00e1tica, inform\u00f3 este s\u00e1bado el mandatario Evo Morales. Durante la entrega de un sistema de riego en el municipio altipl\u00e1nico de Poop\u00f3, Morales cont\u00f3 que el&#8230;<\/p>\n","protected":false},"author":5,"featured_media":44437,"comment_status":"closed","ping_status":"open","sticky":false,"template":"","format":"standard","meta":{"_joinchat":[],"footnotes":""},"categories":[1720,1345],"tags":[],"class_list":["post-44436","post","type-post","status-publish","format-standard","has-post-thumbnail","hentry","category-general","category-noticias-internacionales","have-post-thumb"],"_links":{"self":[{"href":"https:\/\/www.evafm.net\/sitio\/wp-json\/wp\/v2\/posts\/44436","targetHints":{"allow":["GET"]}}],"collection":[{"href":"https:\/\/www.evafm.net\/sitio\/wp-json\/wp\/v2\/posts"}],"about":[{"href":"https:\/\/www.evafm.net\/sitio\/wp-json\/wp\/v2\/types\/post"}],"author":[{"embeddable":true,"href":"https:\/\/www.evafm.net\/sitio\/wp-json\/wp\/v2\/users\/5"}],"replies":[{"embeddable":true,"href":"https:\/\/www.evafm.net\/sitio\/wp-json\/wp\/v2\/comments?post=44436"}],"version-history":[{"count":1,"href":"https:\/\/www.evafm.net\/sitio\/wp-json\/wp\/v2\/posts\/44436\/revisions"}],"predecessor-version":[{"id":44438,"href":"https:\/\/www.evafm.net\/sitio\/wp-json\/wp\/v2\/posts\/44436\/revisions\/44438"}],"wp:featuredmedia":[{"embeddable":true,"href":"https:\/\/www.evafm.net\/sitio\/wp-json\/wp\/v2\/media\/44437"}],"wp:attachment":[{"href":"https:\/\/www.evafm.net\/sitio\/wp-json\/wp\/v2\/media?parent=44436"}],"wp:term":[{"taxonomy":"category","embeddable":true,"href":"https:\/\/www.evafm.net\/sitio\/wp-json\/wp\/v2\/categories?post=44436"},{"taxonomy":"post_tag","embeddable":true,"href":"https:\/\/www.evafm.net\/sitio\/wp-json\/wp\/v2\/tags?post=44436"}],"curies":[{"name":"wp","href":"https:\/\/api.w.org\/{rel}","templated":true}]}}