{"id":44439,"date":"2019-02-17T22:48:52","date_gmt":"2019-02-18T03:48:52","guid":{"rendered":"https:\/\/www.evafm.net\/sitio\/?p=44439"},"modified":"2019-02-17T22:48:52","modified_gmt":"2019-02-18T03:48:52","slug":"mushuc-runa-y-dep-cuenca-empatan-1-1","status":"publish","type":"post","link":"https:\/\/www.evafm.net\/sitio\/mushuc-runa-y-dep-cuenca-empatan-1-1\/","title":{"rendered":"Mushuc Runa y Dep. Cuenca empatan  1 &#8211; 1"},"content":{"rendered":"<p align=\"justify\">Por la segunda fecha del torneo local y en lo que signific\u00f3 el primer encuentro en el Estadio Cooperativa Mushuc Runa en Echaleche, Mushuc Runa recibi\u00f3 al Deportivo Cuenca, ambos buscando su segundo triunfo tras vencer en la primera jornada, sin embargo al final el resultado fue un empate.<\/p>\n<p align=\"justify\">En un primer tiempo bastante movido, ambos clubes estuvieron cerca de conseguir marcar a trav\u00e9s de varias opciones de juego, sin embargo los que rompieron el cero fueron los ambate\u00f1os con un golazo de Luis Estupi\u00f1an, quien vio salido al portero Heras y la tir\u00f3 por arriba para marcar el 1-0 a los 29&#8242;.<\/p>\n<p align=\"justify\">El gol despert\u00f3 a los de Luis Soler, quienes avanzaron para poner la igualdad con un gran encuentro de sus delanteros Luis Escalada y Ra\u00fal Becerra, adem\u00e1s de sus volantes ofensivos. Al final el premio lleg\u00f3 a los 41&#8242; cuando Cuero habilit\u00f3 a Mart\u00ednez, quien en el \u00e1rea cedi\u00f3 a Luis Escalada para empujarla y poner el 1-1 en el marcador.<\/p>\n<p align=\"justify\">En el segundo tiempo las acciones de ambos bajaron aunque hubo una ligera superioridad de los &#8216;morlacos&#8217; quienes a los 76&#8242; marcaron el 1-2, sin embargo el gol de Carabal\u00ed fue anulado por supuesto offside del delantero Jacson Pita. Con esto ambos clubes se quedan con 4 unidades.<\/p>\n<p>https:\/\/youtu.be\/zwblO0BLg38<\/p>\n<p>Fuente: ecuagol.com &#8211; youtube.com<\/p>\n<p align=\"justify\">\n<div class=\"gsp_post_data\" \r\n\t            data-post_type=\"post\" \r\n\t            data-cat=\"deportes-ecuador\" \r\n\t            data-modified=\"120\"\r\n\t            data-created=\"1550443732\"\r\n\t            data-title=\"Mushuc Runa y Dep. Cuenca empatan  1 &#8211; 1\" \r\n\t            data-home=\"https:\/\/www.evafm.net\/sitio\"><\/div>","protected":false},"excerpt":{"rendered":"<p>Por la segunda fecha del torneo local y en lo que signific\u00f3 el primer encuentro en el Estadio Cooperativa Mushuc Runa en Echaleche, Mushuc Runa recibi\u00f3 al Deportivo Cuenca, ambos buscando su segundo triunfo tras vencer en la primera jornada, sin embargo al final el resultado fue un empate. En un primer tiempo bastante movido,&#8230;<\/p>\n","protected":false},"author":5,"featured_media":44441,"comment_status":"closed","ping_status":"open","sticky":false,"template":"","format":"standard","meta":{"_joinchat":[],"footnotes":""},"categories":[1557],"tags":[],"class_list":["post-44439","post","type-post","status-publish","format-standard","has-post-thumbnail","hentry","category-deportes-ecuador","have-post-thumb"],"_links":{"self":[{"href":"https:\/\/www.evafm.net\/sitio\/wp-json\/wp\/v2\/posts\/44439","targetHints":{"allow":["GET"]}}],"collection":[{"href":"https:\/\/www.evafm.net\/sitio\/wp-json\/wp\/v2\/posts"}],"about":[{"href":"https:\/\/www.evafm.net\/sitio\/wp-json\/wp\/v2\/types\/post"}],"author":[{"embeddable":true,"href":"https:\/\/www.evafm.net\/sitio\/wp-json\/wp\/v2\/users\/5"}],"replies":[{"embeddable":true,"href":"https:\/\/www.evafm.net\/sitio\/wp-json\/wp\/v2\/comments?post=44439"}],"version-history":[{"count":2,"href":"https:\/\/www.evafm.net\/sitio\/wp-json\/wp\/v2\/posts\/44439\/revisions"}],"predecessor-version":[{"id":44442,"href":"https:\/\/www.evafm.net\/sitio\/wp-json\/wp\/v2\/posts\/44439\/revisions\/44442"}],"wp:featuredmedia":[{"embeddable":true,"href":"https:\/\/www.evafm.net\/sitio\/wp-json\/wp\/v2\/media\/44441"}],"wp:attachment":[{"href":"https:\/\/www.evafm.net\/sitio\/wp-json\/wp\/v2\/media?parent=44439"}],"wp:term":[{"taxonomy":"category","embeddable":true,"href":"https:\/\/www.evafm.net\/sitio\/wp-json\/wp\/v2\/categories?post=44439"},{"taxonomy":"post_tag","embeddable":true,"href":"https:\/\/www.evafm.net\/sitio\/wp-json\/wp\/v2\/tags?post=44439"}],"curies":[{"name":"wp","href":"https:\/\/api.w.org\/{rel}","templated":true}]}}