{"id":44443,"date":"2019-02-17T22:56:18","date_gmt":"2019-02-18T03:56:18","guid":{"rendered":"https:\/\/www.evafm.net\/sitio\/?p=44443"},"modified":"2019-02-17T22:56:18","modified_gmt":"2019-02-18T03:56:18","slug":"fuerza-amarilla-asalta-el-capwell-y-deja-lastimado-a-emelec","status":"publish","type":"post","link":"https:\/\/www.evafm.net\/sitio\/fuerza-amarilla-asalta-el-capwell-y-deja-lastimado-a-emelec\/","title":{"rendered":"Fuerza Amarilla asalta el Capwell y deja lastimado a Emelec"},"content":{"rendered":"<p>Fuerza Amarilla, que en el 2018 regres\u00f3 a la primera categor\u00eda del f\u00fatbol ecuatoriano, sorprendi\u00f3 a un flojo Emelec, al que derrot\u00f3 en el estadio George Capwell por 2-1, un resultado hist\u00f3rico para los machale\u00f1os.<\/p>\n<p>La escuadra bananera se llev\u00f3 los tres puntos en los minutos adicionales puesto que el el\u00e9ctrico Billy Arce, que salt\u00f3 desde la banca, hab\u00eda convertido el tanto del empate a dos del final.<\/p>\n<p>Los de Ra\u00fal Duarte trabajaron desde su campo, se ordenaron en defensa y complicaron la entrada a los azules, que solo con pelota parada encontraron acciones claras.<\/p>\n<div id=\"vidoomy\"><\/div>\n<p>Bryan Angulo estuvo err\u00e1tico. El artillero de la temporada pasada apenas apareci\u00f3 en dos acciones, y en ambas, sus remates salieron abiertos.<\/p>\n<p>Al minuto 22, un tiro libre de Gabriel Cortez le qued\u00f3 al Cuco, que lleg\u00f3 de atr\u00e1s para empalmar un remate que sali\u00f3 sobre el arco de Tob\u00edas Vargas.<\/p>\n<p>Los mismos protagonistas aparecieron al 43m, cuando Cortez ejecut\u00f3 un tiro libre que devolvi\u00f3 el vertical, y en el rebote Angulo remat\u00f3 afuera.<\/p>\n<p>&nbsp;<\/p>\n<p>Tras el descanso, Mariano Soso dispuso el ingreso de Bryan Cabezas en sustituci\u00f3n del uruguayo Nicol\u00e1s Queiroz.<\/p>\n<p>El ex Fluminense se acopl\u00f3 r\u00e1pidamente y en contadas proyecciones por la banda izquierda gener\u00f3 varias situaciones, con centros al \u00e1rea, a los que no pudo responder el Cuco Angulo.<\/p>\n<div id=\"boletineseudfp\"><\/div>\n<p>Fuerza Amarilla advirti\u00f3 a los 64 minutos con un inc\u00f3modo remate de cabeza de Penayo que despej\u00f3 a tiempo el zaguero argentino Leandro Vega cerca de la l\u00ednea del arco.<\/p>\n<p>Finalmente, a los 76m, un cabezazo del propio Penayo derrot\u00f3 al meta Esteban Dreer y Fuerza Amarilla estrenaba el tanteador del Capwell.<\/p>\n<p>Los minutos finales transcurrieron en medio de un apurado ataque el\u00e9ctrico, que aprovech\u00f3 un error del golero Vargas, para que Billy Arce (88m) anote la igualdad.<\/p>\n<p>Emelec busc\u00f3 el segundo gol, pero un descuido en tiempo de adici\u00f3n termin\u00f3 con el triunfo para la visita. Sol\u00eds aprovech\u00f3 un bal\u00f3n en el \u00e1rea y defini\u00f3 abajo para el 2-1 definitivo e hist\u00f3rico. (D)<\/p>\n<p>https:\/\/youtu.be\/d0IDTAOdJjA<\/p>\n<p>Fuente: eluniverso.com &#8211; youtube.com<\/p>\n<div class=\"gsp_post_data\" \r\n\t            data-post_type=\"post\" \r\n\t            data-cat=\"deportes-ecuador,general\" \r\n\t            data-modified=\"120\"\r\n\t            data-created=\"1550444178\"\r\n\t            data-title=\"Fuerza Amarilla asalta el Capwell y deja lastimado a Emelec\" \r\n\t            data-home=\"https:\/\/www.evafm.net\/sitio\"><\/div>","protected":false},"excerpt":{"rendered":"<p>Fuerza Amarilla, que en el 2018 regres\u00f3 a la primera categor\u00eda del f\u00fatbol ecuatoriano, sorprendi\u00f3 a un flojo Emelec, al que derrot\u00f3 en el estadio George Capwell por 2-1, un resultado hist\u00f3rico para los machale\u00f1os. La escuadra bananera se llev\u00f3 los tres puntos en los minutos adicionales puesto que el el\u00e9ctrico Billy Arce, que salt\u00f3&#8230;<\/p>\n","protected":false},"author":5,"featured_media":44445,"comment_status":"closed","ping_status":"open","sticky":false,"template":"","format":"standard","meta":{"_joinchat":[],"footnotes":""},"categories":[1557,1720],"tags":[],"class_list":["post-44443","post","type-post","status-publish","format-standard","has-post-thumbnail","hentry","category-deportes-ecuador","category-general","have-post-thumb"],"_links":{"self":[{"href":"https:\/\/www.evafm.net\/sitio\/wp-json\/wp\/v2\/posts\/44443","targetHints":{"allow":["GET"]}}],"collection":[{"href":"https:\/\/www.evafm.net\/sitio\/wp-json\/wp\/v2\/posts"}],"about":[{"href":"https:\/\/www.evafm.net\/sitio\/wp-json\/wp\/v2\/types\/post"}],"author":[{"embeddable":true,"href":"https:\/\/www.evafm.net\/sitio\/wp-json\/wp\/v2\/users\/5"}],"replies":[{"embeddable":true,"href":"https:\/\/www.evafm.net\/sitio\/wp-json\/wp\/v2\/comments?post=44443"}],"version-history":[{"count":1,"href":"https:\/\/www.evafm.net\/sitio\/wp-json\/wp\/v2\/posts\/44443\/revisions"}],"predecessor-version":[{"id":44446,"href":"https:\/\/www.evafm.net\/sitio\/wp-json\/wp\/v2\/posts\/44443\/revisions\/44446"}],"wp:featuredmedia":[{"embeddable":true,"href":"https:\/\/www.evafm.net\/sitio\/wp-json\/wp\/v2\/media\/44445"}],"wp:attachment":[{"href":"https:\/\/www.evafm.net\/sitio\/wp-json\/wp\/v2\/media?parent=44443"}],"wp:term":[{"taxonomy":"category","embeddable":true,"href":"https:\/\/www.evafm.net\/sitio\/wp-json\/wp\/v2\/categories?post=44443"},{"taxonomy":"post_tag","embeddable":true,"href":"https:\/\/www.evafm.net\/sitio\/wp-json\/wp\/v2\/tags?post=44443"}],"curies":[{"name":"wp","href":"https:\/\/api.w.org\/{rel}","templated":true}]}}