{"id":44452,"date":"2019-02-20T09:34:50","date_gmt":"2019-02-20T14:34:50","guid":{"rendered":"https:\/\/www.evafm.net\/sitio\/?p=44452"},"modified":"2019-02-20T09:34:50","modified_gmt":"2019-02-20T14:34:50","slug":"la-absolucion-de-espinel-provoco-polemica-judicial","status":"publish","type":"post","link":"https:\/\/www.evafm.net\/sitio\/la-absolucion-de-espinel-provoco-polemica-judicial\/","title":{"rendered":"La absoluci\u00f3n de Espinel provoc\u00f3 pol\u00e9mica judicial"},"content":{"rendered":"<p>Aunque la primera audiencia en el juicio por\u00a0<b>lavado de activos<\/b>\u00a0que sigue la\u00a0<b>Fiscal\u00eda<\/b>\u00a0contra\u00a0<b>Iv\u00e1n<\/b>\u00a0<b>Espinel<\/b>\u00a0inicia hoy, C\u00e9sar Garc\u00eda, abogado del exfuncionario, dice saberse derrotado.<\/p>\n<p>Esto tras que la absoluci\u00f3n de su defendido en un juicio por el supuesto<b>\u00a0delito de peculado<\/b>, fuera cuestionada por las autoridades de Gobierno, entre ellos la ministra del Interior,\u00a0<b>Mar\u00eda Paula Romo<\/b>, y la\u00a0<b>Secretar\u00eda de Anticorrupci\u00f3n de la Presidencia de la Rep\u00fablica<\/b>. Esta \u00faltima subray\u00f3, a trav\u00e9s de un comunicado, que no permitir\u00e1n \u201cque los jueces se burlen de la sociedad ecuatoriana\u201d.<\/p>\n<p>Espinel, exministro de<b>\u00a0Inclusi\u00f3n Econ\u00f3mica y Social<\/b>, era acusado por\u00a0<b>peculado<\/b>\u00a0de su \u00e9poca como director del\u00a0<b>Instituto Ecuatoriano de la Seguridad Social (IESS)<\/b>, entre 2013 y 2014.<\/p>\n<p>\u201cEs evidente que ser\u00e1 declarado culpable, no porque lo sea, sino porque \u00bfqu\u00e9 juez, lo declarar\u00eda inocente cuando el Estado ha anunciado que va a perseguir o destituir a los jueces que lo encontraron inocente por peculado?\u201d, indic\u00f3 ayer Garc\u00eda.<\/p>\n<p>El jurista se\u00f1al\u00f3 que ve con preocupaci\u00f3n lo que denomina \u201cla injerencia en la justicia por parte del poder\u201d. Este solicit\u00f3 al\u00a0<b>Consejo de la Judicatura<\/b>\u00a0que las audiencias en este nuevo caso se abrieran al p\u00fablico y a los medios para asegurar la validez del proceso.<\/p>\n<p>\u201cSi ganamos fue porque la \u00fanica prueba que ten\u00eda la Fiscal\u00eda contra el Dr. Espinel era el informe de Contralor\u00eda, y esto no constituye una prueba, sino un indicio\u201d, explic\u00f3.<\/p>\n<p>Pero para el Estado, la supuesta inocencia de Espinel solo genera sospechas. Con el fin de analizar la transparencia del proceso, la Judicatura abri\u00f3 un expediente administrativo inmediatamente de conocidos los hechos. As\u00ed lo confirm\u00f3 su presidenta\u00a0<b>Mar\u00eda del Carmen Maldonado<\/b>.<\/p>\n<p>La funcionaria recalc\u00f3 que \u201cno permitir\u00e1n ni la corrupci\u00f3n ni la impunidad\u201d, pero aclar\u00f3 que la investigaci\u00f3n a los jueces no implica intervenir en el contenido de sus fallos.<\/p>\n<p>Lo que buscar\u00e1 el Consejo, a trav\u00e9s de la Direcci\u00f3n de Transparencia, es determinar si es que existieron posibles irregularidades en el comportamiento de los jueces y si esas actuaciones implican sanciones disciplinarias. Los resultados tomar\u00e1n al menos 60 d\u00edas.<\/p>\n<p>La Fiscal\u00eda tambi\u00e9n actuar\u00e1 en este caso. La fiscal (e)\u00a0<b>Ruth<\/b>\u00a0<b>Palacios<\/b>\u00a0pidi\u00f3 un informe al fiscal que est\u00e1 a cargo del caso.<\/p>\n<p>Explic\u00f3 que el titular del proceso enferm\u00f3 y fue reemplazado por el funcionario que actu\u00f3 durante el juicio.<\/p>\n<p>La fiscal precis\u00f3 que hay una investigaci\u00f3n en marcha para determinar qu\u00e9 ocurri\u00f3.<\/p>\n<p>Palacios tambi\u00e9n aclar\u00f3 que la\u00a0<b>Fiscal\u00eda<\/b>\u00a0no se involucrar\u00e1 en el criterio del fiscal, solo se verificar\u00e1 que haya cumplido con su trabajo.<\/p>\n<p>Solo una vez que se cuente con el informe se conocer\u00e1 si es que hubo alguna falla.<\/p>\n<p>De ser ese el caso, se tomar\u00e1n las medidas respectivas, destac\u00f3.<\/p>\n<p>Pero sin un panorama que, determinan \u201cjusto\u201d para garantizar estas conclusiones, el defensor de Espinel desde ya estudia la posibilidad de acudir a instancias internacionales.<\/p>\n<p><b>Contralor\u00eda prendi\u00f3 las alarmas<\/b><\/p>\n<p>El caso del exministro y de los otros procesados fue abierto a ra\u00edz de un informe de la<b>\u00a0Contralor\u00eda General del Estado\u00a0<\/b>en los que se establec\u00edan<b>\u00a0indicios de responsabilidad penal<\/b>\u00a0en la contrataci\u00f3n por el IESS de servicios en cl\u00ednicas privadas entre julio de 2012 y agosto de 2015.<\/p>\n<p>Fuente: expreso.ec<\/p>\n<p>&nbsp;<\/p>\n<div class=\"gsp_post_data\" \r\n\t            data-post_type=\"post\" \r\n\t            data-cat=\"general,noticias-ecuador\" \r\n\t            data-modified=\"120\"\r\n\t            data-created=\"1550655290\"\r\n\t            data-title=\"La absoluci\u00f3n de Espinel provoc\u00f3 pol\u00e9mica judicial\" \r\n\t            data-home=\"https:\/\/www.evafm.net\/sitio\"><\/div>","protected":false},"excerpt":{"rendered":"<p>Aunque la primera audiencia en el juicio por\u00a0lavado de activos\u00a0que sigue la\u00a0Fiscal\u00eda\u00a0contra\u00a0Iv\u00e1n\u00a0Espinel\u00a0inicia hoy, C\u00e9sar Garc\u00eda, abogado del exfuncionario, dice saberse derrotado. Esto tras que la absoluci\u00f3n de su defendido en un juicio por el supuesto\u00a0delito de peculado, fuera cuestionada por las autoridades de Gobierno, entre ellos la ministra del Interior,\u00a0Mar\u00eda Paula Romo, y la\u00a0Secretar\u00eda de&#8230;<\/p>\n","protected":false},"author":5,"featured_media":44453,"comment_status":"closed","ping_status":"open","sticky":false,"template":"","format":"standard","meta":{"_joinchat":[],"footnotes":""},"categories":[1720,1558],"tags":[],"class_list":["post-44452","post","type-post","status-publish","format-standard","has-post-thumbnail","hentry","category-general","category-noticias-ecuador","have-post-thumb"],"_links":{"self":[{"href":"https:\/\/www.evafm.net\/sitio\/wp-json\/wp\/v2\/posts\/44452","targetHints":{"allow":["GET"]}}],"collection":[{"href":"https:\/\/www.evafm.net\/sitio\/wp-json\/wp\/v2\/posts"}],"about":[{"href":"https:\/\/www.evafm.net\/sitio\/wp-json\/wp\/v2\/types\/post"}],"author":[{"embeddable":true,"href":"https:\/\/www.evafm.net\/sitio\/wp-json\/wp\/v2\/users\/5"}],"replies":[{"embeddable":true,"href":"https:\/\/www.evafm.net\/sitio\/wp-json\/wp\/v2\/comments?post=44452"}],"version-history":[{"count":1,"href":"https:\/\/www.evafm.net\/sitio\/wp-json\/wp\/v2\/posts\/44452\/revisions"}],"predecessor-version":[{"id":44454,"href":"https:\/\/www.evafm.net\/sitio\/wp-json\/wp\/v2\/posts\/44452\/revisions\/44454"}],"wp:featuredmedia":[{"embeddable":true,"href":"https:\/\/www.evafm.net\/sitio\/wp-json\/wp\/v2\/media\/44453"}],"wp:attachment":[{"href":"https:\/\/www.evafm.net\/sitio\/wp-json\/wp\/v2\/media?parent=44452"}],"wp:term":[{"taxonomy":"category","embeddable":true,"href":"https:\/\/www.evafm.net\/sitio\/wp-json\/wp\/v2\/categories?post=44452"},{"taxonomy":"post_tag","embeddable":true,"href":"https:\/\/www.evafm.net\/sitio\/wp-json\/wp\/v2\/tags?post=44452"}],"curies":[{"name":"wp","href":"https:\/\/api.w.org\/{rel}","templated":true}]}}